{"id":7515,"date":"2024-03-12T08:00:00","date_gmt":"2024-03-12T12:00:00","guid":{"rendered":"https:\/\/www.focolaresciudadnueva.com\/?p=7515"},"modified":"2024-03-09T10:55:20","modified_gmt":"2024-03-09T14:55:20","slug":"la-economia-de-francisco-se-abre-camino","status":"publish","type":"post","link":"https:\/\/www.focolaresciudadnueva.com\/inicio\/la-economia-de-francisco-se-abre-camino\/","title":{"rendered":"La econom\u00eda de Francisco se abre camino"},"content":{"rendered":"\n<p>Por Jes\u00fas Becerril &#8211; M\u00e9xico<\/p>\n\n\n\n<p>El Centro Internacional de Investigaci\u00f3n de Econom\u00eda Social y Solidaria (CIIES), el Instituto Mexicano de Doctrina Social Cristiana (IMDOSOC) y La Econom\u00eda de Francisco (EoF) realizar\u00e1n pr\u00f3ximamente una escuela internacional de verano donde convocan a j\u00f3venes estudiantes de posgrado, investigadores, emprendedores y agentes de cambio a participar.<\/p>\n\n\n\n<p>Ciudad Nueva Interamericana ha solicitado la colaboraci\u00f3n de Jes\u00fas Becerril, miembro activo de la escuela internacional y estas han sido sus intervenciones:<\/p>\n\n\n\n<h2 class=\"wp-block-heading\">\u00bfQu\u00e9 es la Econom\u00eda de Francisco?&nbsp;<\/h2>\n\n\n\n<p>La Econom\u00eda de Francisco es un llamado del Papa Francisco a la juventud mundial para estudiar y practicar una econom\u00eda diferente, la que hace vivir y no mata, que incluye y no excluye, que humaniza y no deshumaniza, que cuida la creaci\u00f3n y no la depreda. Un \u201cpacto\u201d para cambiar la econom\u00eda actual y dar un alma a la econom\u00eda del ma\u00f1ana.<\/p>\n\n\n\n<h2 class=\"wp-block-heading\">\u00bfCu\u00e1ndo inicia la escuela de verano?&nbsp;<\/h2>\n\n\n\n<p>Empieza el 16 de junio y acaba en la ma\u00f1ana del 22 de junio.<\/p>\n\n\n\n<h2 class=\"wp-block-heading\">\u00bfCu\u00e1l es la cosmovisi\u00f3n de la escuela?&nbsp;<\/h2>\n\n\n\n<p>La Cosmovisi\u00f3n de la Escuela de Verano es fortalecer a la comunidad de estudiantes, acad\u00e9micos, investigadores y emprendedores en Am\u00e9rica Latina que tras mirar y sentir las profundas desigualdades que vivimos en nuestra regi\u00f3n, creemos que tenemos algo que aportar al di\u00e1logo de las nuevas econom\u00edas y de la propuesta del Papa Francisco. Suscitar y fortalecer lo que ya ha empezado la comunidad de Francisco a trav\u00e9s de una comunidad diversa, interdisciplinar y creativa que busca poner al servicio del rescate de la humanidad de proyectos de emprendimiento que busquen sanar las desigualdades, sus creencias, sus talentos, sus profesiones. Por eso hemos decidido que la Cosmovisi\u00f3n de la Escuela de Verano gire en torno al buen vivir que es un paradigma que nos une como Am\u00e9rica Latina.<\/p>\n\n\n\n<h2 class=\"wp-block-heading\">\u00bfC\u00f3mo la econom\u00eda de Francisco a trav\u00e9s de la escuela se vuelve pr\u00e1ctica, o es siempre un marco te\u00f3rico para toda concepci\u00f3n econ\u00f3mica?&nbsp;<\/h2>\n\n\n\n<div class=\"wp-block-media-text is-stacked-on-mobile\"><figure class=\"wp-block-media-text__media\"><img fetchpriority=\"high\" decoding=\"async\" width=\"715\" height=\"1024\" src=\"https:\/\/www.focolaresciudadnueva.com\/wp-content\/uploads\/2024\/03\/EoFMapaALImagenes-Marzo-web-06-715x1024.jpg\" alt=\"\" class=\"wp-image-7519 size-full\" srcset=\"https:\/\/www.focolaresciudadnueva.com\/wp-content\/uploads\/2024\/03\/EoFMapaALImagenes-Marzo-web-06-715x1024.jpg 715w, https:\/\/www.focolaresciudadnueva.com\/wp-content\/uploads\/2024\/03\/EoFMapaALImagenes-Marzo-web-06-209x300.jpg 209w, https:\/\/www.focolaresciudadnueva.com\/wp-content\/uploads\/2024\/03\/EoFMapaALImagenes-Marzo-web-06-768x1100.jpg 768w, https:\/\/www.focolaresciudadnueva.com\/wp-content\/uploads\/2024\/03\/EoFMapaALImagenes-Marzo-web-06-1072x1536.jpg 1072w, https:\/\/www.focolaresciudadnueva.com\/wp-content\/uploads\/2024\/03\/EoFMapaALImagenes-Marzo-web-06-580x831.jpg 580w, https:\/\/www.focolaresciudadnueva.com\/wp-content\/uploads\/2024\/03\/EoFMapaALImagenes-Marzo-web-06-860x1232.jpg 860w, https:\/\/www.focolaresciudadnueva.com\/wp-content\/uploads\/2024\/03\/EoFMapaALImagenes-Marzo-web-06.jpg 1103w\" sizes=\"(max-width: 715px) 100vw, 715px\" \/><\/figure><div class=\"wp-block-media-text__content\">\n<p>La Escuela de Verano est\u00e1 abierta a estos dos grandes campos, la reflexi\u00f3n te\u00f3rica, que es la investigaci\u00f3n, quiz\u00e1 la investigaci\u00f3n aplicada, y el llamado de las y los emprendedores que est\u00e1n dispuestos a tener incidencia en modelos de negocio pr\u00e1cticos y puntuales que resuelvan alguna necesidad social. Entonces tiene como este gran paraguas y siempre hemos dicho que no hay nada m\u00e1s pr\u00e1ctico que una teor\u00eda, pero tambi\u00e9n no hay nada m\u00e1s revolucionario que una inspiraci\u00f3n. Entonces buscamos que esta escuela sea en primera instancia un espacio de inspiraci\u00f3n que surja desde la escucha atenta de nuestras realidades, desigualdades, pero tambi\u00e9n riquezas alternativas, emprendimientos y modelos cooperativos de econom\u00eda para poder fortalecer, acompa\u00f1ar e inspirar otros modelos que ya est\u00e1n de emprendimiento arrancados y tambi\u00e9n investigaciones que visibilicen el aporte de nuestro continente para una nueva econom\u00eda tambi\u00e9n global.<\/p>\n<\/div><\/div>\n\n\n\n<h2 class=\"wp-block-heading\">\u00bfLa escuela es M\u00e9xicana o latinoamericana?&nbsp;<\/h2>\n\n\n\n<p>Hemos decidido llamar a la Escuela Internacional, porque est\u00e1 abierta a todos los pa\u00edses, pero con perspectiva latinoamericana. Si bien es cierto que va a ser totalmente en espa\u00f1ol, tiene este tinte de reconocer la diversidad de nuestros territorios, la diversidad de nuestras culturas y, sobre todo, el rescate de nuestros pueblos, nuestras comunidades y nuestras sabidur\u00edas ancestrales, ind\u00edgenas, campesinos. Por eso, retomando el buen vivir como una pr\u00e1ctica que retoma de esta sabidur\u00eda de relaci\u00f3n diferente con la Madre Tierra, con las personas y que no hace caso omiso de las profundas heridas que se viven en nuestros territorios. <\/p>\n\n\n\n<div class=\"wp-block-media-text has-media-on-the-right is-stacked-on-mobile\" style=\"grid-template-columns:auto 51%\"><div class=\"wp-block-media-text__content\">\n<p>Sin embargo, a trav\u00e9s de esas pr\u00e1cticas de resistencia y de visibilizaci\u00f3n y denuncia de las estructuras corruptas de la econom\u00eda, violentas de la econom\u00eda, es una oportunidad para hermanar nuestras luchas y nuestras ra\u00edces sin ser sectarios. <\/p>\n\n\n\n<p>Ahora buscamos qu\u00e9 podemos lanzar como continente para el aporte de esta construcci\u00f3n de la econom\u00eda de Francisco. Es cierto que va a ser totalmente en espa\u00f1ol, en M\u00e9xico, pero buscamos contemplar a trav\u00e9s de las y los profesores, a trav\u00e9s de las y los estudiantes, una diversidad de pensamientos, una diversidad de culturas de lo que representa nuestra Am\u00e9rica Latina.<\/p>\n<\/div><figure class=\"wp-block-media-text__media\"><img decoding=\"async\" width=\"409\" height=\"380\" src=\"https:\/\/www.focolaresciudadnueva.com\/wp-content\/uploads\/2024\/03\/EoFGrupo_Imagenes-Marzo-web-08.jpg\" alt=\"\" class=\"wp-image-7517 size-full\" srcset=\"https:\/\/www.focolaresciudadnueva.com\/wp-content\/uploads\/2024\/03\/EoFGrupo_Imagenes-Marzo-web-08.jpg 409w, https:\/\/www.focolaresciudadnueva.com\/wp-content\/uploads\/2024\/03\/EoFGrupo_Imagenes-Marzo-web-08-300x279.jpg 300w\" sizes=\"(max-width: 409px) 100vw, 409px\" \/><\/figure><\/div>\n\n\n\n<p>Y nada, pues es una invitaci\u00f3n a que sigamos construyendo desde lo que somos. La econom\u00eda de Francisco es un llamado global, es un llamado mundial, pero a incidir en lo local, en lo territorial. A la semejanza de la encarnaci\u00f3n, donde sabemos que la gracia supone la cultura. Hoy tambi\u00e9n los dise\u00f1os de modelo y las teor\u00edas econ\u00f3micas deber\u00edan suponer un an\u00e1lisis puntual de nuestros territorios<\/p>\n","protected":false},"excerpt":{"rendered":"<p>El Centro Internacional de Investigaci\u00f3n de Econom\u00eda Social y Solidaria (CIIES), el Instituto Mexicano de Doctrina Social Cristiana (IMDOSOC) y La Econom\u00eda de Francisco (EoF) realizar\u00e1n pr\u00f3ximamente una escuela internacional de verano donde convocan a j\u00f3venes estudiantes de posgrado, investigadores, emprendedores y agentes de cambio a participar. <a href=\"https:\/\/www.focolaresciudadnueva.com\/inicio\/la-economia-de-francisco-se-abre-camino\/\" class=\"more-link\">Continue reading <span class=\"screen-reader-text\">La econom\u00eda de Francisco se abre camino<\/span><\/a><\/p>\n","protected":false},"author":4,"featured_media":7518,"comment_status":"open","ping_status":"open","sticky":false,"template":"","format":"standard","meta":{"footnotes":""},"categories":[60,76],"tags":[],"class_list":["post-7515","post","type-post","status-publish","format-standard","has-post-thumbnail","hentry","category-dialogos-en-la-cultura","category-economia"],"wpmagazine_modules_lite_featured_media_urls":{"thumbnail":["https:\/\/www.focolaresciudadnueva.com\/wp-content\/uploads\/2024\/03\/EoFGrupob_Imagenes-Marzo-web-09-150x150.jpg",150,150,true],"cvmm-medium":["https:\/\/www.focolaresciudadnueva.com\/wp-content\/uploads\/2024\/03\/EoFGrupob_Imagenes-Marzo-web-09-300x300.jpg",300,300,true],"cvmm-medium-plus":["https:\/\/www.focolaresciudadnueva.com\/wp-content\/uploads\/2024\/03\/EoFGrupob_Imagenes-Marzo-web-09-305x207.jpg",305,207,true],"cvmm-portrait":["https:\/\/www.focolaresciudadnueva.com\/wp-content\/uploads\/2024\/03\/EoFGrupob_Imagenes-Marzo-web-09-400x355.jpg",400,355,true],"cvmm-medium-square":["https:\/\/www.focolaresciudadnueva.com\/wp-content\/uploads\/2024\/03\/EoFGrupob_Imagenes-Marzo-web-09-600x355.jpg",600,355,true],"cvmm-large":["https:\/\/www.focolaresciudadnueva.com\/wp-content\/uploads\/2024\/03\/EoFGrupob_Imagenes-Marzo-web-09.jpg",664,355,false],"cvmm-small":["https:\/\/www.focolaresciudadnueva.com\/wp-content\/uploads\/2024\/03\/EoFGrupob_Imagenes-Marzo-web-09-130x95.jpg",130,95,true],"full":["https:\/\/www.focolaresciudadnueva.com\/wp-content\/uploads\/2024\/03\/EoFGrupob_Imagenes-Marzo-web-09.jpg",664,355,false]},"categories_names":{"60":{"name":"Di\u00e1logos en la Cultura","link":"https:\/\/www.focolaresciudadnueva.com\/inicio\/category\/dialogos-en-la-cultura\/"},"76":{"name":"Econom\u00eda","link":"https:\/\/www.focolaresciudadnueva.com\/inicio\/category\/economia\/"}},"tags_names":[],"comments_number":"0","_links":{"self":[{"href":"https:\/\/www.focolaresciudadnueva.com\/inicio\/wp-json\/wp\/v2\/posts\/7515","targetHints":{"allow":["GET"]}}],"collection":[{"href":"https:\/\/www.focolaresciudadnueva.com\/inicio\/wp-json\/wp\/v2\/posts"}],"about":[{"href":"https:\/\/www.focolaresciudadnueva.com\/inicio\/wp-json\/wp\/v2\/types\/post"}],"author":[{"embeddable":true,"href":"https:\/\/www.focolaresciudadnueva.com\/inicio\/wp-json\/wp\/v2\/users\/4"}],"replies":[{"embeddable":true,"href":"https:\/\/www.focolaresciudadnueva.com\/inicio\/wp-json\/wp\/v2\/comments?post=7515"}],"version-history":[{"count":4,"href":"https:\/\/www.focolaresciudadnueva.com\/inicio\/wp-json\/wp\/v2\/posts\/7515\/revisions"}],"predecessor-version":[{"id":7524,"href":"https:\/\/www.focolaresciudadnueva.com\/inicio\/wp-json\/wp\/v2\/posts\/7515\/revisions\/7524"}],"wp:featuredmedia":[{"embeddable":true,"href":"https:\/\/www.focolaresciudadnueva.com\/inicio\/wp-json\/wp\/v2\/media\/7518"}],"wp:attachment":[{"href":"https:\/\/www.focolaresciudadnueva.com\/inicio\/wp-json\/wp\/v2\/media?parent=7515"}],"wp:term":[{"taxonomy":"category","embeddable":true,"href":"https:\/\/www.focolaresciudadnueva.com\/inicio\/wp-json\/wp\/v2\/categories?post=7515"},{"taxonomy":"post_tag","embeddable":true,"href":"https:\/\/www.focolaresciudadnueva.com\/inicio\/wp-json\/wp\/v2\/tags?post=7515"}],"curies":[{"name":"wp","href":"https:\/\/api.w.org\/{rel}","templated":true}]}}