{"id":5014,"date":"2023-11-25T08:00:00","date_gmt":"2023-11-25T12:00:00","guid":{"rendered":"https:\/\/www.focolaresciudadnueva.com\/?p=5014"},"modified":"2023-11-30T12:38:32","modified_gmt":"2023-11-30T16:38:32","slug":"arte-y-reciclaje-un-binomio-estimulante","status":"publish","type":"post","link":"https:\/\/www.focolaresciudadnueva.com\/inicio\/arte-y-reciclaje-un-binomio-estimulante\/","title":{"rendered":"Arte y reciclaje: un binomio estimulante"},"content":{"rendered":"\n<h5 class=\"wp-block-heading\"><em>Un artista cre\u00f3 el mural ecol\u00f3gico, m\u00e1s grande del mundo y lo hizo con tapitas de pl\u00e1stico<\/em><\/h5>\n\n\n\n<p>Fuente <a href=\"https:\/\/www.vozdeamerica.com\">https:\/\/www.vozdeamerica.com<\/a><\/p>\n\n\n\n<p>\u00d3scar Olivares es un artista venezolano y decidi\u00f3 hacer del reciclaje todo un arte. El mural tiene 385 m2 y fue hecho con 400.000 tapas de botellas pl\u00e1sticas, cientos de vecinos se unieron para colaborar en el proyecto y con donaciones, incluso pegaron tapitas en la obra.<\/p>\n\n\n\n<p>El artista siempre se inspir\u00f3 en la naturaleza a la hora de crear y en esta obra retrat\u00f3 los guacamayos aves t\u00edpicas de Venezuela y eso no es todas sus obras ya traspasaron las fronteras y llegaron a pa\u00edses como Arabia Saudita, M\u00e9xico y Estados Unidos, su objetivo es transformar a su pa\u00eds en un ejemplo de sostenibilidad. Adem\u00e1s, el mural est\u00e1 compitiendo por un r\u00e9cord Guinness actualmente ya logr\u00f3 reutilizar m\u00e1s de 1,500,000 tapitas de pl\u00e1stico y espera que sus obras inspiren a la gente a reciclar y cuidar la gran obra de arte.<\/p>\n\n\n\n<blockquote class=\"wp-block-quote is-layout-flow wp-block-quote-is-layout-flow\">\n<p>\u201cOscar Olivares artista venezolano, cre\u00f3 el mural ecol\u00f3gico m\u00e1s grande del mundo y lo hizo con tapitas de pl\u00e1stico\u201d<\/p>\n<\/blockquote>\n\n\n\n<p>Decenas de ni\u00f1os, padres y habitantes de Guatire, a las afueras de Caracas, la capital de Venezuela, pegan con cuidado las tapas de pl\u00e1stico sobre la superficie previamente preparada con cemento en una extensa pared en la que ya se puede ver la figura de una colorida guacamaya (\u2026)<\/p>\n\n\n\n<blockquote class=\"wp-block-quote is-layout-flow wp-block-quote-is-layout-flow\">\n<p>\u201cEl arte est\u00e1 siendo capaz de inspirar a la gente, motivarla y adem\u00e1s ser parte de ese cambio de conciencia en torno al medio ambiente\u201d, dijo Olivares, de 25 a\u00f1os.<\/p>\n<\/blockquote>\n\n\n\n<p>En el pa\u00eds \u201chay muchas personas que quiz\u00e1 han empezado a reciclar pl\u00e1stico por primera vez en su vida gracias a este mural y esperamos que ese h\u00e1bito se empiece a mantener\u201d, agreg\u00f3 Olivares, rodeado de ni\u00f1os y adultos de Guatire y algunos de Caracas que llegaron con tapas pl\u00e1sticas de diversos colores y que colocan seg\u00fan el dise\u00f1o del artista.<\/p>\n\n\n\n<blockquote class=\"wp-block-quote is-layout-flow wp-block-quote-is-layout-flow\">\n<p>\u201cEl arte est\u00e1 siendo capaz de inspirar a la gente, motivarla y adem\u00e1s ser parte de ese cambio de conciencia en torno al medio ambiente\u201d<\/p>\n<\/blockquote>\n\n\n\n<p>El proyecto fue anunciado en sus redes y de ah\u00ed que la gente se ha acercado a colaborar con las tapas. (\u2026)&nbsp;<\/p>\n\n\n\n<p>Olivares dijo que el espacio del muro se escogi\u00f3 en conjunto con la alcald\u00eda, ya que tiene un parque enfrente \u201cy nos permite hacer una transformaci\u00f3n, no s\u00f3lo de la pared, sino de todo el espacio. Adem\u00e1s, al ser tan largo permite que en el futuro se siga extendiendo\u201d.&nbsp;<\/p>\n\n\n\n<blockquote class=\"wp-block-quote is-layout-flow wp-block-quote-is-layout-flow\">\n<p>\u201cLa participaci\u00f3n de la gente ha sido incre\u00edble, m\u00e1s de 500 personas en apenas cinco d\u00edas\u201d, dijo Olivares esta semana.&nbsp;<\/p>\n<\/blockquote>\n\n\n\n<p>Osmara Aponte, una maestra de tareas dirigidas en Guatire, acudi\u00f3 en d\u00edas recientes al mural con media docena de chicos para que vieran y colaboraran con el proyecto.&nbsp;<\/p>\n\n\n\n<blockquote class=\"wp-block-quote is-layout-flow wp-block-quote-is-layout-flow\">\n<p>\u201cA m\u00ed parece una iniciativa muy bonita siempre que sea en pro del arte y del clima\u201d, dijo Aponte. \u201cEl reciclaje, todo se puede reutilizar (&#8230;) desde una tapa hasta cualquier pl\u00e1stico, tiene utilidad\u201d, sostuvo.<\/p>\n<\/blockquote>\n","protected":false},"excerpt":{"rendered":"<p>\u00d3scar Olivares es un artista venezolano y decidi\u00f3 hacer del reciclaje todo un arte. El mural tiene 385 m2 y fue hecho con 400.000 tapas de botellas pl\u00e1sticas, cientos de vecinos se unieron para colaborar en el proyecto y con donaciones, incluso pegaron tapitas en la obra. <a href=\"https:\/\/www.focolaresciudadnueva.com\/inicio\/arte-y-reciclaje-un-binomio-estimulante\/\" class=\"more-link\">Continue reading <span class=\"screen-reader-text\">Arte y reciclaje: un binomio estimulante<\/span><\/a><\/p>\n","protected":false},"author":4,"featured_media":5015,"comment_status":"open","ping_status":"open","sticky":false,"template":"","format":"standard","meta":{"footnotes":""},"categories":[54,87],"tags":[],"class_list":["post-5014","post","type-post","status-publish","format-standard","has-post-thumbnail","hentry","category-arte","category-venezuela"],"wpmagazine_modules_lite_featured_media_urls":{"thumbnail":["https:\/\/www.focolaresciudadnueva.com\/wp-content\/uploads\/2023\/11\/VenezuelaMuralista1-150x150.png",150,150,true],"cvmm-medium":["https:\/\/www.focolaresciudadnueva.com\/wp-content\/uploads\/2023\/11\/VenezuelaMuralista1-300x300.png",300,300,true],"cvmm-medium-plus":["https:\/\/www.focolaresciudadnueva.com\/wp-content\/uploads\/2023\/11\/VenezuelaMuralista1-305x207.png",305,207,true],"cvmm-portrait":["https:\/\/www.focolaresciudadnueva.com\/wp-content\/uploads\/2023\/11\/VenezuelaMuralista1-400x482.png",400,482,true],"cvmm-medium-square":["https:\/\/www.focolaresciudadnueva.com\/wp-content\/uploads\/2023\/11\/VenezuelaMuralista1-600x482.png",600,482,true],"cvmm-large":["https:\/\/www.focolaresciudadnueva.com\/wp-content\/uploads\/2023\/11\/VenezuelaMuralista1.png",867,482,false],"cvmm-small":["https:\/\/www.focolaresciudadnueva.com\/wp-content\/uploads\/2023\/11\/VenezuelaMuralista1-130x95.png",130,95,true],"full":["https:\/\/www.focolaresciudadnueva.com\/wp-content\/uploads\/2023\/11\/VenezuelaMuralista1.png",867,482,false]},"categories_names":{"54":{"name":"Arte","link":"https:\/\/www.focolaresciudadnueva.com\/inicio\/category\/arte\/"},"87":{"name":"Venezuela","link":"https:\/\/www.focolaresciudadnueva.com\/inicio\/category\/venezuela\/"}},"tags_names":[],"comments_number":"0","_links":{"self":[{"href":"https:\/\/www.focolaresciudadnueva.com\/inicio\/wp-json\/wp\/v2\/posts\/5014","targetHints":{"allow":["GET"]}}],"collection":[{"href":"https:\/\/www.focolaresciudadnueva.com\/inicio\/wp-json\/wp\/v2\/posts"}],"about":[{"href":"https:\/\/www.focolaresciudadnueva.com\/inicio\/wp-json\/wp\/v2\/types\/post"}],"author":[{"embeddable":true,"href":"https:\/\/www.focolaresciudadnueva.com\/inicio\/wp-json\/wp\/v2\/users\/4"}],"replies":[{"embeddable":true,"href":"https:\/\/www.focolaresciudadnueva.com\/inicio\/wp-json\/wp\/v2\/comments?post=5014"}],"version-history":[{"count":1,"href":"https:\/\/www.focolaresciudadnueva.com\/inicio\/wp-json\/wp\/v2\/posts\/5014\/revisions"}],"predecessor-version":[{"id":5016,"href":"https:\/\/www.focolaresciudadnueva.com\/inicio\/wp-json\/wp\/v2\/posts\/5014\/revisions\/5016"}],"wp:featuredmedia":[{"embeddable":true,"href":"https:\/\/www.focolaresciudadnueva.com\/inicio\/wp-json\/wp\/v2\/media\/5015"}],"wp:attachment":[{"href":"https:\/\/www.focolaresciudadnueva.com\/inicio\/wp-json\/wp\/v2\/media?parent=5014"}],"wp:term":[{"taxonomy":"category","embeddable":true,"href":"https:\/\/www.focolaresciudadnueva.com\/inicio\/wp-json\/wp\/v2\/categories?post=5014"},{"taxonomy":"post_tag","embeddable":true,"href":"https:\/\/www.focolaresciudadnueva.com\/inicio\/wp-json\/wp\/v2\/tags?post=5014"}],"curies":[{"name":"wp","href":"https:\/\/api.w.org\/{rel}","templated":true}]}}