{"id":4069,"date":"2023-10-24T08:00:00","date_gmt":"2023-10-24T12:00:00","guid":{"rendered":"https:\/\/www.focolaresciudadnueva.com\/?p=4069"},"modified":"2023-11-10T12:43:58","modified_gmt":"2023-11-10T16:43:58","slug":"los-milagros-en-familia-desde-nuestro-silencio-hay-razon-y-esperanza","status":"publish","type":"post","link":"https:\/\/www.focolaresciudadnueva.com\/inicio\/los-milagros-en-familia-desde-nuestro-silencio-hay-razon-y-esperanza\/","title":{"rendered":"Los milagros en familia: \u201cDesde nuestro silencio hay raz\u00f3n y esperanza\u201d"},"content":{"rendered":"\n<p>Por Ricardo Cuellar- Per\u00fa<\/p>\n\n\n\n<p>Las sociedades avanzan y todo est\u00e1 en giro, entre ir y venir y finalmente llegar, pero entre este camino, de ida y venida, Ricardo Cuellar profesional, padre de dos hijos profesionales nos detiene por un momento, para respirar, sentir el silencio y percibir la vida en profundidad a trav\u00e9s de la experiencia que ha hecho con su hijo Ricardo quien desde temprana edad present\u00f3 una discapacidad auditiva. Ricardo comparte para Ciudad Nueva el orgullo, la dedicaci\u00f3n, y el temple que son necesarios para convivir con una persona sorda y junto con \u00e9l, emprender un camino de sue\u00f1os, fracasos y triunfos.<\/p>\n\n\n\n<h4 class=\"wp-block-heading\">\u201cPrep\u00e1rense para tener un hijo ciego, sordo\u2026\u201d&nbsp;<\/h4>\n\n\n\n<blockquote class=\"wp-block-quote is-layout-flow wp-block-quote-is-layout-flow\">\n<p>Mi hijo Ricardo naci\u00f3 hace 26 a\u00f1os un 12 de diciembre, a los 8 meses mi esposa percibi\u00f3 unos dolores diferentes a los del primer parto, as\u00ed que inmediatamente fuimos al centro m\u00e1s cercano, pero no escuchaban sus latidos, fuimos urgentemente a la Ciudad de \u201cPiura\u201d y despu\u00e9s de varias horas transcurridas finalmente escucharon sus latidos dentro del vientre, y nos indicaron que le practicar\u00edan una ces\u00e1rea a mi esposa; sin embargo, mi hijo tuvo que quedarse en el intensivo y surgieron distintas dificultades como la asfixia antes de la ces\u00e1rea, y la subida de la bilirrubina, as\u00ed que, le practicaron varios ex\u00e1menes, cuando sali\u00f3 del hospital los doctores indicaron que seguramente tendr\u00eda secuelas, que solo con el tiempo se conocer\u00edan pero que nos prepar\u00e1ramos para tener un hijo ciego, sordo, inclusive paral\u00edtico.&nbsp;<\/p>\n<\/blockquote>\n\n\n\n<p>Efectivamente el tiempo nos mostr\u00f3 que la discapacidad de Ricardo se trataba de la audici\u00f3n, de la cual estamos agradecidos ya que es una discapacidad en la que todos podemos capacitarnos.&nbsp;<\/p>\n\n\n\n<p>A los dos a\u00f1os nos confirmaron su discapacidad y era necesario llevarlo a un colegio en \u201cPiura\u201d \u201cNuestra Se\u00f1ora de la Paz\u201d de religiosas terciarias franciscanas con el carisma de atenci\u00f3n a personas sordas, cuyo lema de la instituci\u00f3n es \u201cdesde nuestro silencio hay raz\u00f3n y esperanza\u201d. Y creo que eso siempre movi\u00f3 a Ricardo para saber que hay esperanza en la vida, as\u00ed que, all\u00ed estudi\u00f3 su primaria, por un a\u00f1o, vino y fue todos los d\u00edas entre Chulucanas nuestro pueblo y Piura, era mi mam\u00e1 quien nos apoyaba llev\u00e1ndolo, pero el siguiente a\u00f1o necesitaba ir a\u00fan m\u00e1s temprano, as\u00ed que, conversando con toda la familia, decidimos mudarnos a \u201cPiura\u201d para facilitar la movilizaci\u00f3n y que nuestro hijo pudiera estudiar toda su primaria. <\/p>\n\n\n\n<p>Nosotros con mi esposa trabajamos en Chulucanas, as\u00ed que, \u00e9ramos nosotros quienes nos movilizamos de \u201cPiura\u201d la ciudad a \u201cChulucanas el pueblo. Eso fue un per\u00edodo de catorce a\u00f1os, cuando mi hijo termin\u00f3 su primaria, despu\u00e9s con alegr\u00eda, regresamos a nuestro pueblo \u201cChulucanas\u201d as\u00ed Ricardo podr\u00eda estudiar ahora su secundaria, en un colegio de la di\u00f3cesis \u201cSant\u00edsima Cruz\u201d donde mi esposa era docente. En este colegio Ricardo logr\u00f3 tener el primer puesto entre 40 oyentes de su sal\u00f3n y el segundo puesto dentro de 80 oyentes de toda la promoci\u00f3n.<\/p>\n\n\n\n<h4 class=\"wp-block-heading\">El apoyo de la familia es vital&nbsp;<\/h4>\n\n\n\n<p>El apoyo de la familia es importante, a lo largo de estos 26 a\u00f1os de vida que tiene mi hijo Ricardo, ahora es un joven sordo, hipocor\u00edstico total desde que naci\u00f3. Hemos comprobado que el aporte, el soporte y el acompa\u00f1amiento de la familia es vital. Lo hemos acompa\u00f1ado haciendo sus tareas, se le dificultaban la elaboraci\u00f3n de res\u00famenes, pero a mediados de su carrera el aprendi\u00f3 a hacerlos como corresponde gracias a la ayuda de su mam\u00e1.<\/p>\n\n\n\n<p>Todo su entorno se vio comprometido, primero la familia, su mam\u00e1, yo su pap\u00e1, su hermana mayor que fue tambi\u00e9n a la universidad y que ha sido un gran soporte para Ricardo, tambi\u00e9n un hijo sobrino, que tengo, vivi\u00f3 con nosotros hasta el a\u00f1o pasado, creo que fue un soporte important\u00edsimo para Ricardo, era su compa\u00f1ero del d\u00eda a d\u00eda, ten\u00edan una diferencia de tres a\u00f1os, pr\u00e1cticamente crecieron juntos. Para Anthony mi sobrino, fue importante la compa\u00f1\u00eda y para Ricardo mi hijo fue importante en su crecimiento emocional. Luego los t\u00edos fueron un soporte importante, los abuelitos, las abuelitas fueron vital. La compa\u00f1\u00eda, los compa\u00f1eros de secundaria y de universidad, todos han sido un elemento importante en la vida de Ricardo.&nbsp;<\/p>\n\n\n\n<h4 class=\"wp-block-heading\">Un sue\u00f1o \u201cdesde nuestro silencio hay raz\u00f3n y esperanza\u201d&nbsp;<\/h4>\n\n\n\n<p>Cuando Ricardo termin\u00f3 su secundaria \u00e9l expresaba el sue\u00f1o de estudiar una ingenier\u00eda, hicimos las averiguaciones respectivas, pero era muy dif\u00edcil por su situaci\u00f3n. Mi trabajo era como coordinador acad\u00e9mico de la Universidad cat\u00f3lica Sapientiae de la filial de Morrop\u00f3n- Chulucanas y le consult\u00e9 al decano de la Facultad de salud, en ese tiempo el doctor Luis Solari, si una persona sorda pod\u00eda estudiar terapia y me dijo que s\u00ed, que no hab\u00eda problema, as\u00ed que como Ricardo era un alumno destacado ten\u00eda ingreso libre, se matricul\u00f3 a la carrera de terapia f\u00edsica y rehabilitaci\u00f3n, yo me mud\u00e9 de trabajo a \u201cLima\u201d y Ricardo continu\u00f3 estudiando y termin\u00f3 su carrera.&nbsp;<\/p>\n\n\n\n<h4 class=\"wp-block-heading\">La buena voluntad&nbsp;<\/h4>\n\n\n\n<p>Ninguno de los profesores que tuvo Ricardo era un experto en la discapacidad auditiva y; sin embargo; la buena voluntad de cada uno de ellos y la buena voluntad de Ricardo en interpretar los labios, fueron un motor para avanzar. Estuvo cinco a\u00f1os en la universidad como oyente, y su mundo se desarroll\u00f3 con los oyentes y se sent\u00eda incluido. En la \u00faltima etapa de su carrera fue a un internado comunitario, establecimiento de terapia f\u00edsica en Piura, viajaba todos los d\u00edas con otros compa\u00f1eros y eso le ayud\u00f3 a desenvolverse y a relacionarse a\u00fan m\u00e1s.<\/p>\n\n\n\n<h4 class=\"wp-block-heading\">Educaci\u00f3n la mejor herencia&nbsp;<\/h4>\n\n\n\n<p>Desde siempre hemos recibido consejos y supimos que lo mejor que pod\u00edamos hacer por \u00e9l era invertir en educaci\u00f3n antes que una operaci\u00f3n, y eso hemos hecho.&nbsp;<\/p>\n\n\n\n<p>Durante el primer a\u00f1o de la pandemia realiz\u00f3 un trabajo intenso de tesis hasta el a\u00f1o pasado 2022 donde evaluaron su tesis, la cual fue aprobada v\u00eda virtual porque esos han sido los medios durante y despu\u00e9s de la pandemia. Ahora \u00e9l es un licenciado, un tecn\u00f3logo m\u00e9dico en Terapia F\u00edsica y Rehabilitaci\u00f3n egresado en la Facultad de Ciencias de la Salud en la Universidad Cat\u00f3lica Sedes Sapientiae, ha hecho todos los pasos para registrar su t\u00edtulo, adem\u00e1s obtuvo su colegiado como todo profesional en el \u00e1rea de salud, ahora est\u00e1 listo para enfrentar el mundo como siempre lo ha venido haciendo.&nbsp;<\/p>\n\n\n\n<h4 class=\"wp-block-heading\">\u201cEquipar su consultorio\u201d&nbsp;<\/h4>\n\n\n\n<p>Esperamos que el pr\u00f3ximo a\u00f1o pueda realizar el examen y la evaluaci\u00f3n para el Serums y pueda obtener una plaza en el servicio m\u00e9dico rural. En el Per\u00fa, casi todas las carreras de salud tienen que hacerlo en una entidad del Estado. En el presente \u00e9l va buscando a algunos pacientes a trav\u00e9s de las redes de amigos, que lo van buscando, va llegando, no como uno espera, pero al menos ah\u00ed en casa se le ha hecho un peque\u00f1o consultorio de terapia f\u00edsica, para que cuando tenga alg\u00fan paciente en el barrio, alg\u00fan familiar, alg\u00fan amigo que llega por una lesi\u00f3n, una dolencia, \u00e9l pueda atenderlo. Tambi\u00e9n nos gustar\u00eda poder equipar su consultorio, ya que, si no encuentra trabajo, poder equiparlo con m\u00e1s instrumentos de terapia para que \u00e9l pueda brindar los servicios. <\/p>\n","protected":false},"excerpt":{"rendered":"<p>Ricardo comparte para Ciudad Nueva el orgullo, la dedicaci\u00f3n, y el temple que son necesarios para convivir con una persona sorda y junto con \u00e9l, emprender un camino de sue\u00f1os, fracasos y triunfos. <a href=\"https:\/\/www.focolaresciudadnueva.com\/inicio\/los-milagros-en-familia-desde-nuestro-silencio-hay-razon-y-esperanza\/\" class=\"more-link\">Continue reading <span class=\"screen-reader-text\">Los milagros en familia: \u201cDesde nuestro silencio hay raz\u00f3n y esperanza\u201d<\/span><\/a><\/p>\n","protected":false},"author":2,"featured_media":4073,"comment_status":"open","ping_status":"open","sticky":false,"template":"","format":"standard","meta":{"footnotes":""},"categories":[59,62,127,107],"tags":[],"class_list":["post-4069","post","type-post","status-publish","format-standard","has-post-thumbnail","hentry","category-destacadas","category-familia","category-familias-nuevas","category-peru"],"wpmagazine_modules_lite_featured_media_urls":{"thumbnail":["https:\/\/www.focolaresciudadnueva.com\/wp-content\/uploads\/2023\/10\/FamiliaPeruMilagros1-1-150x150.png",150,150,true],"cvmm-medium":["https:\/\/www.focolaresciudadnueva.com\/wp-content\/uploads\/2023\/10\/FamiliaPeruMilagros1-1-300x300.png",300,300,true],"cvmm-medium-plus":["https:\/\/www.focolaresciudadnueva.com\/wp-content\/uploads\/2023\/10\/FamiliaPeruMilagros1-1-305x207.png",305,207,true],"cvmm-portrait":["https:\/\/www.focolaresciudadnueva.com\/wp-content\/uploads\/2023\/10\/FamiliaPeruMilagros1-1-400x600.png",400,600,true],"cvmm-medium-square":["https:\/\/www.focolaresciudadnueva.com\/wp-content\/uploads\/2023\/10\/FamiliaPeruMilagros1-1-600x600.png",600,600,true],"cvmm-large":["https:\/\/www.focolaresciudadnueva.com\/wp-content\/uploads\/2023\/10\/FamiliaPeruMilagros1-1-1024x720.png",1024,720,true],"cvmm-small":["https:\/\/www.focolaresciudadnueva.com\/wp-content\/uploads\/2023\/10\/FamiliaPeruMilagros1-1-130x95.png",130,95,true],"full":["https:\/\/www.focolaresciudadnueva.com\/wp-content\/uploads\/2023\/10\/FamiliaPeruMilagros1-1.png",1280,720,false]},"categories_names":{"59":{"name":"Destacadas","link":"https:\/\/www.focolaresciudadnueva.com\/inicio\/category\/destacadas\/"},"62":{"name":"Familia","link":"https:\/\/www.focolaresciudadnueva.com\/inicio\/category\/familia\/"},"127":{"name":"Familias Nuevas","link":"https:\/\/www.focolaresciudadnueva.com\/inicio\/category\/familias-nuevas\/"},"107":{"name":"Per\u00fa","link":"https:\/\/www.focolaresciudadnueva.com\/inicio\/category\/peru\/"}},"tags_names":[],"comments_number":"0","_links":{"self":[{"href":"https:\/\/www.focolaresciudadnueva.com\/inicio\/wp-json\/wp\/v2\/posts\/4069","targetHints":{"allow":["GET"]}}],"collection":[{"href":"https:\/\/www.focolaresciudadnueva.com\/inicio\/wp-json\/wp\/v2\/posts"}],"about":[{"href":"https:\/\/www.focolaresciudadnueva.com\/inicio\/wp-json\/wp\/v2\/types\/post"}],"author":[{"embeddable":true,"href":"https:\/\/www.focolaresciudadnueva.com\/inicio\/wp-json\/wp\/v2\/users\/2"}],"replies":[{"embeddable":true,"href":"https:\/\/www.focolaresciudadnueva.com\/inicio\/wp-json\/wp\/v2\/comments?post=4069"}],"version-history":[{"count":3,"href":"https:\/\/www.focolaresciudadnueva.com\/inicio\/wp-json\/wp\/v2\/posts\/4069\/revisions"}],"predecessor-version":[{"id":4286,"href":"https:\/\/www.focolaresciudadnueva.com\/inicio\/wp-json\/wp\/v2\/posts\/4069\/revisions\/4286"}],"wp:featuredmedia":[{"embeddable":true,"href":"https:\/\/www.focolaresciudadnueva.com\/inicio\/wp-json\/wp\/v2\/media\/4073"}],"wp:attachment":[{"href":"https:\/\/www.focolaresciudadnueva.com\/inicio\/wp-json\/wp\/v2\/media?parent=4069"}],"wp:term":[{"taxonomy":"category","embeddable":true,"href":"https:\/\/www.focolaresciudadnueva.com\/inicio\/wp-json\/wp\/v2\/categories?post=4069"},{"taxonomy":"post_tag","embeddable":true,"href":"https:\/\/www.focolaresciudadnueva.com\/inicio\/wp-json\/wp\/v2\/tags?post=4069"}],"curies":[{"name":"wp","href":"https:\/\/api.w.org\/{rel}","templated":true}]}}