{"id":3601,"date":"2023-09-29T11:39:11","date_gmt":"2023-09-29T15:39:11","guid":{"rendered":"https:\/\/www.focolaresciudadnueva.com\/?p=3601"},"modified":"2023-11-10T12:44:00","modified_gmt":"2023-11-10T16:44:00","slug":"margaret-es-invitada-especial-en-la-xvi-asamblea-general-del-sinodo-de-los-obispos","status":"publish","type":"post","link":"https:\/\/www.focolaresciudadnueva.com\/inicio\/margaret-es-invitada-especial-en-la-xvi-asamblea-general-del-sinodo-de-los-obispos\/","title":{"rendered":"Margaret Karram es invitada especial en la XVI Asamblea General del S\u00ednodo de los Obispos\u00a0"},"content":{"rendered":"\n<p>Por Redacci\u00f3n<\/p>\n\n\n\n<p>El 4 de octubre comienza en El Vaticano el llamado S\u00ednodo de los Obispos, la cual \u201ces una instituci\u00f3n permanente, creada por el Papa Pablo VI (15 Septiembre de 1965), en respuesta a los deseos de los Padres del Concilio Vaticano II para mantener vivo el buen esp\u00edritu nacido de la experiencia conciliar.\u201d&nbsp;<\/p>\n\n\n\n<p>A este especial encuentro de intercambio de experiencias y conocimiento entre el Papa y los Obispos, una invitada especial es Margaret Karram, la presidente del Movimiento de los Focolares desde enero de 2021, y la segunda focolarina en suceder a la fundadora Chiara Lubich.&nbsp;<\/p>\n\n\n\n<p>Hay una gran emoci\u00f3n por lo que significa esta invitaci\u00f3n no solo para Margaret sino para toda la Obra de Mar\u00eda, en la que van todas las comunidades como una sola alma con ella.&nbsp;<\/p>\n\n\n\n<blockquote class=\"wp-block-quote is-layout-flow wp-block-quote-is-layout-flow\">\n<p>Luego, nos muestra lo que es su mirada sobre este S\u00ednodo \u201cEn esta pr\u00f3xima sesi\u00f3n estamos llamados a\u00fan m\u00e1s a \u00abcaminar juntos\u00bb como \u00abpueblo de Dios\u00bb, para que esto se convierta en una realidad permanente y cotidiana en nuestra vida para el bien de la Iglesia y de la humanidad.\u201d por lo que nos pide dar un paso m\u00e1s en acrecentar y perfeccionar nuestra capacidad de generar unidad all\u00ed en los ambientes en que estamos.&nbsp;<\/p>\n<\/blockquote>\n\n\n\n<p>Luego, Margaret nos hace una invitaci\u00f3n especial \u201cLanc\u00e9monos en este nuevo y prometedor tiempo de la Iglesia, tambi\u00e9n nosotros como parte del vasto pueblo que reza y ofrece en todo el mundo, para que el S\u00ednodo \u2013 cuyo protagonista es el Esp\u00edritu Santo\u2013 pueda dar el mayor fruto para la humanidad de hoy y del futuro.\u201d<\/p>\n\n\n\n<p>Les compartimos la carta completa de Margaret Karram a las comunidades del Movimiento de los Focolares.&nbsp;<\/p>\n","protected":false},"excerpt":{"rendered":"<p>Por Redacci\u00f3n El 4 de octubre comienza en El Vaticano el llamado S\u00ednodo de los Obispos, la cual \u201ces una instituci\u00f3n permanente, creada por el Papa Pablo VI (15 Septiembre de 1965), en respuesta a los deseos de los Padres del Concilio Vaticano II para mantener vivo el buen esp\u00edritu nacido de la experiencia conciliar.\u201d&nbsp; A este especial encuentro de intercambio de experiencias y conocimiento &hellip; <a href=\"https:\/\/www.focolaresciudadnueva.com\/inicio\/margaret-es-invitada-especial-en-la-xvi-asamblea-general-del-sinodo-de-los-obispos\/\" class=\"more-link\">Continue reading <span class=\"screen-reader-text\">Margaret Karram es invitada especial en la XVI Asamblea General del S\u00ednodo de los Obispos\u00a0<\/span><\/a><\/p>\n","protected":false},"author":2,"featured_media":3605,"comment_status":"open","ping_status":"open","sticky":false,"template":"","format":"standard","meta":{"footnotes":""},"categories":[63],"tags":[],"class_list":["post-3601","post","type-post","status-publish","format-standard","has-post-thumbnail","hentry","category-iglesia"],"wpmagazine_modules_lite_featured_media_urls":{"thumbnail":["https:\/\/www.focolaresciudadnueva.com\/wp-content\/uploads\/2023\/09\/Margaret-Karram2-150x150.jpg",150,150,true],"cvmm-medium":["https:\/\/www.focolaresciudadnueva.com\/wp-content\/uploads\/2023\/09\/Margaret-Karram2-300x300.jpg",300,300,true],"cvmm-medium-plus":["https:\/\/www.focolaresciudadnueva.com\/wp-content\/uploads\/2023\/09\/Margaret-Karram2-305x207.jpg",305,207,true],"cvmm-portrait":["https:\/\/www.focolaresciudadnueva.com\/wp-content\/uploads\/2023\/09\/Margaret-Karram2-400x455.jpg",400,455,true],"cvmm-medium-square":["https:\/\/www.focolaresciudadnueva.com\/wp-content\/uploads\/2023\/09\/Margaret-Karram2-600x455.jpg",600,455,true],"cvmm-large":["https:\/\/www.focolaresciudadnueva.com\/wp-content\/uploads\/2023\/09\/Margaret-Karram2.jpg",681,455,false],"cvmm-small":["https:\/\/www.focolaresciudadnueva.com\/wp-content\/uploads\/2023\/09\/Margaret-Karram2-130x95.jpg",130,95,true],"full":["https:\/\/www.focolaresciudadnueva.com\/wp-content\/uploads\/2023\/09\/Margaret-Karram2.jpg",681,455,false]},"categories_names":{"63":{"name":"Iglesia","link":"https:\/\/www.focolaresciudadnueva.com\/inicio\/category\/iglesia\/"}},"tags_names":[],"comments_number":"0","_links":{"self":[{"href":"https:\/\/www.focolaresciudadnueva.com\/inicio\/wp-json\/wp\/v2\/posts\/3601","targetHints":{"allow":["GET"]}}],"collection":[{"href":"https:\/\/www.focolaresciudadnueva.com\/inicio\/wp-json\/wp\/v2\/posts"}],"about":[{"href":"https:\/\/www.focolaresciudadnueva.com\/inicio\/wp-json\/wp\/v2\/types\/post"}],"author":[{"embeddable":true,"href":"https:\/\/www.focolaresciudadnueva.com\/inicio\/wp-json\/wp\/v2\/users\/2"}],"replies":[{"embeddable":true,"href":"https:\/\/www.focolaresciudadnueva.com\/inicio\/wp-json\/wp\/v2\/comments?post=3601"}],"version-history":[{"count":2,"href":"https:\/\/www.focolaresciudadnueva.com\/inicio\/wp-json\/wp\/v2\/posts\/3601\/revisions"}],"predecessor-version":[{"id":3606,"href":"https:\/\/www.focolaresciudadnueva.com\/inicio\/wp-json\/wp\/v2\/posts\/3601\/revisions\/3606"}],"wp:featuredmedia":[{"embeddable":true,"href":"https:\/\/www.focolaresciudadnueva.com\/inicio\/wp-json\/wp\/v2\/media\/3605"}],"wp:attachment":[{"href":"https:\/\/www.focolaresciudadnueva.com\/inicio\/wp-json\/wp\/v2\/media?parent=3601"}],"wp:term":[{"taxonomy":"category","embeddable":true,"href":"https:\/\/www.focolaresciudadnueva.com\/inicio\/wp-json\/wp\/v2\/categories?post=3601"},{"taxonomy":"post_tag","embeddable":true,"href":"https:\/\/www.focolaresciudadnueva.com\/inicio\/wp-json\/wp\/v2\/tags?post=3601"}],"curies":[{"name":"wp","href":"https:\/\/api.w.org\/{rel}","templated":true}]}}