{"id":3260,"date":"2023-09-16T08:15:00","date_gmt":"2023-09-16T12:15:00","guid":{"rendered":"https:\/\/www.focolaresciudadnueva.com\/?p=3260"},"modified":"2023-11-10T12:44:01","modified_gmt":"2023-11-10T16:44:01","slug":"un-signo-de-los-tiempos-en-la-amazonia","status":"publish","type":"post","link":"https:\/\/www.focolaresciudadnueva.com\/inicio\/un-signo-de-los-tiempos-en-la-amazonia\/","title":{"rendered":"\u00bfUn signo de los tiempos en la Amazon\u00eda?"},"content":{"rendered":"\n<p>Rese\u00f1a por redacci\u00f3n<\/p>\n\n\n\n<p><em><strong>Cuando gobiernos e iglesia piensan en la Amazon\u00eda simult\u00e1neamente.<\/strong><\/em><\/p>\n\n\n\n<p>\u201cEste encuentro es lo m\u00e1s fuerte que se ha hecho en defensa de la cuesti\u00f3n del clima\u201d, dijo el presidente de Brasil, Luiz In\u00e1cio Lula da Silva, al inaugurar la Cumbre de la Amazonia, este martes, en la ciudad de Bel\u00e9m, capital del estado brasile\u00f1o de Par\u00e1. Agreg\u00f3 que \u201cla historia de defensa de la Amazonia y la selva ser\u00e1 resumida en dos momentos: antes y despu\u00e9s de la cumbre\u201d.&nbsp;<\/p>\n\n\n\n<p>En ese encuentro los gobiernos de los ocho pa\u00edses que comparten la selva amaz\u00f3nica buscan unificar posiciones para llevar a la pr\u00f3xima Cumbre del Clima y para implementar pol\u00edticas de protecci\u00f3n de esa re- \u201cLa protecci\u00f3n ambiental debe ser acompa\u00f1ada por la creaci\u00f3n de trabajo digno para los habitantes de la regi\u00f3n, por la valorizaci\u00f3n de los pueblos ind\u00edgenas y las comunidades locales, y por el combate del tr\u00e1fico internacional\u201d. \u201cLa Amazonia, no es un tesoro para ser saqueado\u201d Lula Propuso: \u201cla creaci\u00f3n de un centro com\u00fan de investigaci\u00f3n cient\u00edfica\u201d enfocado en la selva tropical, y argument\u00f3 contra el uso de energ\u00eda f\u00f3siles como: carb\u00f3n, petr\u00f3leo y gas. Petro \u201cLa democracia, para que sea efectiva, tiene que incluir a los m\u00e1s vulnerables\u201d, \u201cla prioridad tiene que responder a las necesidades de bienestar de nuestras comunidades que habitan en esta regi\u00f3n\u201d, porque \u201cla pobreza y la desigualdad son m\u00e1s cr\u00edticas\u201d en la Amazonia. Boluarte \u201cEs estrategia para Estados Unidos la instalaci\u00f3n de bases militares en la regi\u00f3n. Nos debe llamar la atenci\u00f3n esa misi\u00f3n. Tambi\u00e9n es preocupante que Europa est\u00e9 en la misma posici\u00f3n\u201d. Al mismo tiempo abog\u00f3 por trabajar de manera coordinada para frenar la deforestaci\u00f3n, que se encuentra en \u201cniveles alarmantes\u201d. Arce gi\u00f3n y del bioma. Al respecto, Lula dijo que hasta ahora era el mundo el que daba su opini\u00f3n sobre la Amazonia, y que, a partir de ahora, \u201ces la Amazonia la que levanta su voz para hablar con el mundo\u201d.<\/p>\n\n\n\n<p><strong>Estas son algunas de las intervenciones de los mandatarios:<\/strong><\/p>\n\n\n<div class=\"wp-block-image\">\n<figure class=\"aligncenter size-full\"><img fetchpriority=\"high\" decoding=\"async\" width=\"892\" height=\"505\" src=\"https:\/\/www.focolaresciudadnueva.com\/wp-content\/uploads\/2023\/09\/AmazoniaGobiernosIglesia1.jpg\" alt=\"\" class=\"wp-image-3261\" srcset=\"https:\/\/www.focolaresciudadnueva.com\/wp-content\/uploads\/2023\/09\/AmazoniaGobiernosIglesia1.jpg 892w, https:\/\/www.focolaresciudadnueva.com\/wp-content\/uploads\/2023\/09\/AmazoniaGobiernosIglesia1-300x170.jpg 300w, https:\/\/www.focolaresciudadnueva.com\/wp-content\/uploads\/2023\/09\/AmazoniaGobiernosIglesia1-768x435.jpg 768w, https:\/\/www.focolaresciudadnueva.com\/wp-content\/uploads\/2023\/09\/AmazoniaGobiernosIglesia1-580x328.jpg 580w, https:\/\/www.focolaresciudadnueva.com\/wp-content\/uploads\/2023\/09\/AmazoniaGobiernosIglesia1-860x487.jpg 860w\" sizes=\"(max-width: 892px) 100vw, 892px\" \/><\/figure>\n<\/div>\n\n\n<p><strong>Estos son los cinco puntos claves de lo pactado en Bel\u00e9m do Par\u00e1:<\/strong><\/p>\n\n\n\n<p><strong>Canje de deuda:<\/strong> en el eje de cambio clim\u00e1tico, el documento propone que los pa\u00edses busquen \u201cmecanismos innovadores de financiamiento\u201d, como el canje de deuda externa de los pa\u00edses amaz\u00f3nicos para conservar la selva. La Alianza Amaz\u00f3nica de Combate a la Deforestaci\u00f3n: la Declaraci\u00f3n propone crear esta Alianza, de modo que los pa\u00edses puedan cumplir sus metas en deforestaci\u00f3n, aunque, el documento no menciona una meta com\u00fan. En el caso de Colombia, el plan es llegar a deforestaci\u00f3n cero para 2030.&nbsp;<\/p>\n\n\n\n<p><strong>Bioeconom\u00edas y una Mesa T\u00e9cnico Cient\u00edfico Intergubernamental de la Amazonia:<\/strong> La Declaraci\u00f3n busca lograr que las bioeconom\u00edas aporten a la sostenibilidad de los pueblos ind\u00edgenas y comunidades campesinas, y que vayan de la mano con investigaci\u00f3n.&nbsp;<\/p>\n\n\n\n<p><strong>Centro de Cooperaci\u00f3n Policial Internacional de la Amazonia y un Sistema de Control de Tr\u00e1nsito A\u00e9reo:<\/strong> la Declaraci\u00f3n propone que este Centro tenga sede en Manaos (Brasil) para intercambiar informaci\u00f3n y desarrollar investigaciones y alertas entre los ocho pa\u00edses, con el fin de combatir delitos transfronterizos, como la miner\u00eda en los r\u00edos amaz\u00f3nicos.&nbsp;<\/p>\n\n\n\n<p><strong>Red de Autoridades del Agua<\/strong>: el pacto de los pa\u00edses amaz\u00f3nicos incluye varios puntos en torno al agua. Uno es crear esta Red para establecer protocolos de monitoreo para proteger las fuentes y para generar alertas de riesgos ambientales, como desastres ambientales.&nbsp;<\/p>\n\n\n\n<p><strong>Una nueva etapa para la iglesia de la Amazon\u00eda&nbsp;<\/strong><\/p>\n\n\n\n<p>Como una Iglesia en salida y comprometida con la defensa de la casa com\u00fan y de los pobres, con rostro amaz\u00f3nico y sinodal. As\u00ed se ve la CEAMA, como recoge el Comunicado Final de su Asamblea Ordinaria realizada en Manaos del 8 al 11 de agosto de 2023. Una asamblea que definen como \u201cel primer momento constitutivo y organizativo oficial, tras la aprobaci\u00f3n de los estatutos de la Conferencia por el Papa Francisco\u201d.&nbsp;<\/p>\n\n\n\n<p>Un comunicado que habla de gratitud a quienes han deseado \u201cser expresi\u00f3n de una Iglesia que camina sinodalmente, consciente de que somos continuadores de una historia que no comenz\u00f3 ahora y que se inspira en las prof\u00e9ticas palabras del Papa San Pablo VI: \u2018Cristo apunta a la Amazonia\u2019\u00bb. Una asamblea que ha dado valor a las sabidur\u00edas y espiritualidades ancestrales de los pueblos ind\u00edgenas, \u201ccon las que queremos seguir escribiendo nuestra historia y favoreciendo el surgimiento de una nueva etapa para la Iglesia de la Amazon\u00eda, asumiendo cada vez m\u00e1s las conclusiones y propuestas del S\u00ednodo Especial sobre la Amazon\u00eda\u201d, y de los pasos dados desde 1972 en Santar\u00e9m.&nbsp;<\/p>\n\n\n\n<p>Los participantes de la Asamblea hablan de desaf\u00edos y preocupaciones, que ayuden a encarnar el S\u00ednodo para la Amazon\u00eda, siendo conscientes de \u201cla necesidad de ser capaces de aprender, desaprender y reaprender con los pueblos de la Amazon\u00eda, para enfrentar con ellos los desaf\u00edos y ser como un \u2018perfume nuevo\u2019 en y para la Iglesia universal\u201d. Entre los desaf\u00edos relatan el rechazo al magisterio del Papa Francisco en algunos espacios y grupos, el clericalismo y los cr\u00edmenes cometidos contra la vida y el bioma amaz\u00f3nico y los territorios de los pueblos ind\u00edgenas.&nbsp;<\/p>\n\n\n\n<p>El escrito denuncia la poca preocupaci\u00f3n de los pol\u00edticos con la gravedad de la crisis socio-ambiental, mostrando solidaridad con el pueblo ecuatoriano por el clima de violencia y destacando la importancia de la realizaci\u00f3n de la Cumbre de la Amazon\u00eda, a pesar de \u201cla t\u00edmida y vaga respuesta de los presidentes de los pa\u00edses amaz\u00f3nicos, reunidos en Bel\u00e9m, frente al desaf\u00edo del cambio clim\u00e1tico y las amenazas al bioma amaz\u00f3nico, ignorando adem\u00e1s las voces de los pueblos originarios y de la sociedad civil\u201d, as\u00ed como la protecci\u00f3n del Parque Nacional Yasun\u00ed en Ecuador de la explotaci\u00f3n petrolera, y otras situaciones presente en la Amazon\u00eda.&nbsp;<\/p>\n\n\n\n<p><strong>Caminar en armon\u00eda y sinergia&nbsp;<\/strong><\/p>\n\n\n\n<p>Se reconocen algunos signos de esperanza, viendo como un desaf\u00edo una mayor comunicaci\u00f3n y claridad con relaci\u00f3n a los papeles y a la articulaci\u00f3n entre la CEAMA y la REPAM, y la relaci\u00f3n con las diferentes Conferencias Episcopales y con la vida consagrada y su presencia efectiva en los territorios amaz\u00f3nicos, con la consecuente resonancia e incidencia en las bases. Se quiere \u201ccaminar en armon\u00eda y sinergia\u201d, y se insiste en escuchar, dialogar y actuar.&nbsp;<\/p>\n\n\n\n<p>Se destaca una vez m\u00e1s la \u201cconciencia de la importancia de la regi\u00f3n no s\u00f3lo para los amaz\u00f3nicos, sino para toda la humanidad, ampliando nuestro horizonte a toda la Iglesia universal y a nuestra casa com\u00fan\u201d. En esa perspectiva se sienten \u201cconfirmados y llamados como CEAMA a continuar el movimiento itinerante del Esp\u00edritu\u201d, destacando la importancia de la nueva composici\u00f3n de la presidencia, \u201ctotalmente coherente en su representatividad con la sinodalidad hacia la que queremos caminar\u201d.&nbsp;<\/p>\n\n\n\n<p>Finalmente se destaca que \u201cla importancia y el protagonismo de las mujeres se hace cada vez m\u00e1s presente\u201d, y dicen volver para las iglesias particulares, \u201ccon el deseo de hacer realidad el rostro amaz\u00f3nico y sinodal de la Iglesia, siempre en salida y en movimiento, animada y fortalecida por una pastoral de conjunto que sepa acoger y valorar a todos, en la riqueza de la unidad en la diversidad y en el cuidado de toda la belleza de la creaci\u00f3n y de todas las criaturas y pueblos de la Amazon\u00eda\u201d. Rese\u00f1a por redacci\u00f3n.&nbsp;<\/p>\n\n\n\n<p>Fuentes: ADN Celam, El Espectador.<\/p>\n","protected":false},"excerpt":{"rendered":"<p>Rese\u00f1a por redacci\u00f3n Cuando gobiernos e iglesia piensan en la Amazon\u00eda simult\u00e1neamente. \u201cEste encuentro es lo m\u00e1s fuerte que se ha hecho en defensa de la cuesti\u00f3n del clima\u201d, dijo el presidente de Brasil, Luiz In\u00e1cio Lula da Silva, al inaugurar la Cumbre de la Amazonia, este martes, en la ciudad de Bel\u00e9m, capital del estado brasile\u00f1o de Par\u00e1. Agreg\u00f3 que \u201cla historia de defensa &hellip; <a href=\"https:\/\/www.focolaresciudadnueva.com\/inicio\/un-signo-de-los-tiempos-en-la-amazonia\/\" class=\"more-link\">Continue reading <span class=\"screen-reader-text\">\u00bfUn signo de los tiempos en la Amazon\u00eda?<\/span><\/a><\/p>\n","protected":false},"author":2,"featured_media":3262,"comment_status":"open","ping_status":"open","sticky":false,"template":"","format":"standard","meta":{"footnotes":""},"categories":[66,63],"tags":[],"class_list":["post-3260","post","type-post","status-publish","format-standard","has-post-thumbnail","hentry","category-ecologia","category-iglesia"],"wpmagazine_modules_lite_featured_media_urls":{"thumbnail":["https:\/\/www.focolaresciudadnueva.com\/wp-content\/uploads\/2023\/09\/AmazoniaGobiernosIglesia2-150x150.jpg",150,150,true],"cvmm-medium":["https:\/\/www.focolaresciudadnueva.com\/wp-content\/uploads\/2023\/09\/AmazoniaGobiernosIglesia2-300x278.jpg",300,278,true],"cvmm-medium-plus":["https:\/\/www.focolaresciudadnueva.com\/wp-content\/uploads\/2023\/09\/AmazoniaGobiernosIglesia2-305x207.jpg",305,207,true],"cvmm-portrait":["https:\/\/www.focolaresciudadnueva.com\/wp-content\/uploads\/2023\/09\/AmazoniaGobiernosIglesia2-400x278.jpg",400,278,true],"cvmm-medium-square":["https:\/\/www.focolaresciudadnueva.com\/wp-content\/uploads\/2023\/09\/AmazoniaGobiernosIglesia2-600x278.jpg",600,278,true],"cvmm-large":["https:\/\/www.focolaresciudadnueva.com\/wp-content\/uploads\/2023\/09\/AmazoniaGobiernosIglesia2.jpg",798,278,false],"cvmm-small":["https:\/\/www.focolaresciudadnueva.com\/wp-content\/uploads\/2023\/09\/AmazoniaGobiernosIglesia2-130x95.jpg",130,95,true],"full":["https:\/\/www.focolaresciudadnueva.com\/wp-content\/uploads\/2023\/09\/AmazoniaGobiernosIglesia2.jpg",798,278,false]},"categories_names":{"66":{"name":"Ecolog\u00eda","link":"https:\/\/www.focolaresciudadnueva.com\/inicio\/category\/ecologia\/"},"63":{"name":"Iglesia","link":"https:\/\/www.focolaresciudadnueva.com\/inicio\/category\/iglesia\/"}},"tags_names":[],"comments_number":"0","_links":{"self":[{"href":"https:\/\/www.focolaresciudadnueva.com\/inicio\/wp-json\/wp\/v2\/posts\/3260","targetHints":{"allow":["GET"]}}],"collection":[{"href":"https:\/\/www.focolaresciudadnueva.com\/inicio\/wp-json\/wp\/v2\/posts"}],"about":[{"href":"https:\/\/www.focolaresciudadnueva.com\/inicio\/wp-json\/wp\/v2\/types\/post"}],"author":[{"embeddable":true,"href":"https:\/\/www.focolaresciudadnueva.com\/inicio\/wp-json\/wp\/v2\/users\/2"}],"replies":[{"embeddable":true,"href":"https:\/\/www.focolaresciudadnueva.com\/inicio\/wp-json\/wp\/v2\/comments?post=3260"}],"version-history":[{"count":1,"href":"https:\/\/www.focolaresciudadnueva.com\/inicio\/wp-json\/wp\/v2\/posts\/3260\/revisions"}],"predecessor-version":[{"id":3263,"href":"https:\/\/www.focolaresciudadnueva.com\/inicio\/wp-json\/wp\/v2\/posts\/3260\/revisions\/3263"}],"wp:featuredmedia":[{"embeddable":true,"href":"https:\/\/www.focolaresciudadnueva.com\/inicio\/wp-json\/wp\/v2\/media\/3262"}],"wp:attachment":[{"href":"https:\/\/www.focolaresciudadnueva.com\/inicio\/wp-json\/wp\/v2\/media?parent=3260"}],"wp:term":[{"taxonomy":"category","embeddable":true,"href":"https:\/\/www.focolaresciudadnueva.com\/inicio\/wp-json\/wp\/v2\/categories?post=3260"},{"taxonomy":"post_tag","embeddable":true,"href":"https:\/\/www.focolaresciudadnueva.com\/inicio\/wp-json\/wp\/v2\/tags?post=3260"}],"curies":[{"name":"wp","href":"https:\/\/api.w.org\/{rel}","templated":true}]}}