{"id":3091,"date":"2023-08-28T18:45:11","date_gmt":"2023-08-28T22:45:11","guid":{"rendered":"https:\/\/www.focolaresciudadnueva.com\/?p=3091"},"modified":"2023-11-10T12:44:02","modified_gmt":"2023-11-10T16:44:02","slug":"tejiendo-economias-por-la-paz","status":"publish","type":"post","link":"https:\/\/www.focolaresciudadnueva.com\/inicio\/tejiendo-economias-por-la-paz\/","title":{"rendered":"Tejiendo econom\u00edas por la paz"},"content":{"rendered":"\n<p>Por:  Redacci\u00f3n<\/p>\n\n\n\n<p>La red latinoamericana de Econom\u00eda de Francisco anuncia el lanzamiento del tercer congreso internacional de Econom\u00eda de Francisco en Am\u00e9rica Latina y el Caribe \u201cTejiendo econom\u00edas para la paz\u201d.<\/p>\n\n\n\n<p>J\u00f3venes de todo el mundo han sido convocados para vivir una comuni\u00f3n con alma, una comuni\u00f3n con sentido para la humanidad. Es as\u00ed como varios agentes de cambio hacen parte de diversos eventos locales e internacionales para promover esta econom\u00eda. Latinoam\u00e9rica no se queda atr\u00e1s en esta propuesta y es as\u00ed como se ha realizado el Lanzamiento del tercer Congreso Internacional de Econom\u00eda de Francisco. Los promotores en este lanzamiento son: Yanniz Valader integrante del job de Econom\u00eda de Francisco Monterrey M\u00e9xico, Sneyder Garc\u00eda de Bogot\u00e1 Colombia, Natali Julio integrante del Job Econom\u00eda de Francisco en Colombia.<\/p>\n\n\n\n<p>\u201cLa Econom\u00eda con Alma es una Econom\u00eda para la paz y para la Vida\u201d expresa Natali Julio (Colombia). Sneyder retroalimenta que la Econom\u00eda de Francisco es un evento mundial que convoca a j\u00f3venes economistas entusiastas emprendedores a cambiar la econom\u00eda, la idea es reunir a personas que tienen vocaci\u00f3n de servicio, cambiar nuestra econom\u00eda para que est\u00e9 al servicio de las personas\u201d.<\/p>\n\n\n\n<p><strong>Econom\u00eda de Francisco: \u201cEs un espacio para el desarrollo del conocimiento, con la posibilidad de intercambiar experiencias y conectarnos, unir fuerzas para el cambio con enfoques desde la realidad regional<\/strong><\/p>\n\n\n\n<p>Natali hace su aporte expresando: La econom\u00eda de Francisco \u201cson procesos que se realizan desde donde vivimos, para que no se quede como una teor\u00eda global, para que sea algo que podamos vivir, sentir, y que sea obra \u2013 palabra, que se transforma y materializa en nuestras realidades particulares\u201d La Econom\u00eda de Francisco es llamada de diversos modos dependiendo el pa\u00eds donde se realice, en Brasil es denominada: \u201cEconom\u00eda do Francisco e Clara\u201d, en los pa\u00edses latinoamericanos se le designa: \u201cEconom\u00eda de Francisco\u201d y el resto del mundo \u201cEconomy of Franceso\u201d este es un modo de materializar esta realidad, as\u00ed poder cumplir con el llamado que el Papa Francisco les hace a los j\u00f3venes economistas, darle Alma a la Econom\u00eda. Los j\u00f3venes presentadores hacen \u00e9nfasis que verdaderamente la Econom\u00eda de Francisco se puede llevar a todas las realidades, ambientes de trabajo, escuelas, colegios, es decir, no se limita.<\/p>\n\n\n\n<p>Adem\u00e1s, en este lanzamiento los j\u00f3venes indican que un congreso de la Econom\u00eda de Francisco es: \u201cun espacio para el desarrollo del conocimiento, con la posibilidad de intercambiar experiencias y conectarse, unir fuerzas para el cambio con enfoques desde la realidad regional\u201d <\/p>\n\n\n\n<h4 class=\"wp-block-heading\"><strong>Proceso de consolidaci\u00f3n de los congresos <\/strong><\/h4>\n\n\n\n<p>El primer congreso en Brasil permiti\u00f3 una consolidaci\u00f3n a nivel latinoamericano, tambi\u00e9n la integraci\u00f3n de los diferentes Jobs donde se ha ido trabajando. Los Jobs son grupos de trabajo. En el segundo congreso en Argentina se trabaj\u00f3 en cuatro mesas que representaban las cuatro aldeas de la Econom\u00eda de Francisco. Las aldeas representan los ejes de trabajo.<\/p>\n\n\n\n<p>&nbsp;Y el tercer congreso en Colombia se trabajar\u00e1 en cuatro nuevas aldeas para enfocarse en el tema que se ha denominado \u201cTejiendo Econom\u00edas para la Paz\u201d.<\/p>\n\n\n\n<h4 class=\"wp-block-heading\"><strong>Tem\u00e1ticas por desarrollar en el tercer congreso <\/strong><\/h4>\n\n\n\n<p>Administraci\u00f3n y don Trabajo y cuidado Vocaci\u00f3n y beneficio Negocios y paz <\/p>\n\n\n\n<h4 class=\"wp-block-heading\"><strong>Modalidad del congreso <\/strong><\/h4>\n\n\n\n<p>El Centro Nacional de Memoria hist\u00f3rica de Colombia ser\u00e1 la sede de la inauguraci\u00f3n del tercer congreso de Econom\u00eda de Francisco: \u201cTejiendo Econom\u00edas para la Paz\u201d los d\u00edas 4,5, 6 de octubre, otros eventos se realizar\u00e1n, en la Universidad Cat\u00f3lica de Colombia, Universidad la Gran Colombia Centro de Pensamiento \u201cLa Esperanza\u201d. Adem\u00e1s, se contar\u00e1 con la transmisi\u00f3n virtual de todas las actividades centrales desarrolladas, desde sedes convocantes y simult\u00e1neas organizadas por las instituciones co- organizadoras y eventos locales en otros pa\u00edses.<\/p>\n\n\n\n<p>&nbsp;Argentina, Brasil, M\u00e9xico y Guatemala ser\u00e1n pa\u00edses que estar\u00e1n realizando actividades paralelas locales a la presentaci\u00f3n del congreso. \u201cla idea es la participaci\u00f3n y la puesta en com\u00fan de ideas, siendo este un medio para lograr entretejer las ideas que se est\u00e1n generando en Latinoam\u00e9rica y el Caribe\u201d expres\u00f3 Sneyder.&nbsp;<\/p>\n\n\n\n<p>La guatemalteca, Lourdes H\u00e9rcules, integrante del staff de Econom\u00eda de Francisco ante este lanzamiento expres\u00f3: \u201cse siente una unidad en todo lo que est\u00e1n realizando\u201d \u201cEmpezamos de un sue\u00f1o, empezamos de una idea, empezamos de una vocaci\u00f3n\u201d \u201cSon varias las empresas que est\u00e1n naciendo, eventos, escuelas de formaci\u00f3n\u201d. Adem\u00e1s, enfatiz\u00f3: \u201cLos seres humanos somos buscadores de sentido, es por eso que el capital espiritual es con el que se inicia la econom\u00eda y el que nos ayuda a generar cambios en la econom\u00eda\u201d &#8211; \u201cLos rostros de cada uno de nosotros son la econom\u00eda de francisco, los j\u00f3venes, las muchas vocaciones que convergen en este movimiento, las disciplinas, pero ante todo la vocaci\u00f3n en construir una econom\u00eda m\u00e1s justa, m\u00e1s fraterna y sostenible es posible\u201d-. &#8211; \u201cEl congreso latinoamericano es una pieza fundamental, permite a nosotros como latinoamericanos reconocer que tenemos una fortaleza muy grande no solo para la econom\u00eda regional sino para la econom\u00eda global, desde las heridas, los sufrimientos, pero tambi\u00e9n las virtudes y alegr\u00edas que nuestros pueblos llevan, tenemos un aporte fuerte y grande para la Econom\u00eda con Alma\u201d concluy\u00f3-. As\u00ed pues, los animadores de este evento hacen la invitaci\u00f3n a todos para participar de este tercer congreso, recordando que todos podemos ser agentes de cambio en los ambientes en que nos desenvolvemos, teniendo como prioridad la persona y respetando las ideolog\u00edas y creencias de todos los participantes.&nbsp;<\/p>\n","protected":false},"excerpt":{"rendered":"<p>Por: Redacci\u00f3n La red latinoamericana de Econom\u00eda de Francisco anuncia el lanzamiento del tercer congreso internacional de Econom\u00eda de Francisco en Am\u00e9rica Latina y el Caribe \u201cTejiendo econom\u00edas para la paz\u201d. J\u00f3venes de todo el mundo han sido convocados para vivir una comuni\u00f3n con alma, una comuni\u00f3n con sentido para la humanidad. Es as\u00ed como varios agentes de cambio hacen parte de diversos eventos locales &hellip; <a href=\"https:\/\/www.focolaresciudadnueva.com\/inicio\/tejiendo-economias-por-la-paz\/\" class=\"more-link\">Continue reading <span class=\"screen-reader-text\">Tejiendo econom\u00edas por la paz<\/span><\/a><\/p>\n","protected":false},"author":2,"featured_media":3093,"comment_status":"open","ping_status":"open","sticky":false,"template":"","format":"standard","meta":{"footnotes":""},"categories":[60,76,135],"tags":[],"class_list":["post-3091","post","type-post","status-publish","format-standard","has-post-thumbnail","hentry","category-dialogos-en-la-cultura","category-economia","category-edc-economia-de-comunion"],"wpmagazine_modules_lite_featured_media_urls":{"thumbnail":["https:\/\/www.focolaresciudadnueva.com\/wp-content\/uploads\/2023\/08\/EconomiadeFrancisco1-150x150.jpg",150,150,true],"cvmm-medium":["https:\/\/www.focolaresciudadnueva.com\/wp-content\/uploads\/2023\/08\/EconomiadeFrancisco1-300x272.jpg",300,272,true],"cvmm-medium-plus":["https:\/\/www.focolaresciudadnueva.com\/wp-content\/uploads\/2023\/08\/EconomiadeFrancisco1-305x207.jpg",305,207,true],"cvmm-portrait":["https:\/\/www.focolaresciudadnueva.com\/wp-content\/uploads\/2023\/08\/EconomiadeFrancisco1.jpg",377,272,false],"cvmm-medium-square":["https:\/\/www.focolaresciudadnueva.com\/wp-content\/uploads\/2023\/08\/EconomiadeFrancisco1.jpg",377,272,false],"cvmm-large":["https:\/\/www.focolaresciudadnueva.com\/wp-content\/uploads\/2023\/08\/EconomiadeFrancisco1.jpg",377,272,false],"cvmm-small":["https:\/\/www.focolaresciudadnueva.com\/wp-content\/uploads\/2023\/08\/EconomiadeFrancisco1-130x95.jpg",130,95,true],"full":["https:\/\/www.focolaresciudadnueva.com\/wp-content\/uploads\/2023\/08\/EconomiadeFrancisco1.jpg",377,272,false]},"categories_names":{"60":{"name":"Di\u00e1logos en la Cultura","link":"https:\/\/www.focolaresciudadnueva.com\/inicio\/category\/dialogos-en-la-cultura\/"},"76":{"name":"Econom\u00eda","link":"https:\/\/www.focolaresciudadnueva.com\/inicio\/category\/economia\/"},"135":{"name":"EDC - Econom\u00eda de Comuni\u00f3n","link":"https:\/\/www.focolaresciudadnueva.com\/inicio\/category\/dialogos-en-la-cultura\/edc-economia-de-comunion\/"}},"tags_names":[],"comments_number":"0","_links":{"self":[{"href":"https:\/\/www.focolaresciudadnueva.com\/inicio\/wp-json\/wp\/v2\/posts\/3091","targetHints":{"allow":["GET"]}}],"collection":[{"href":"https:\/\/www.focolaresciudadnueva.com\/inicio\/wp-json\/wp\/v2\/posts"}],"about":[{"href":"https:\/\/www.focolaresciudadnueva.com\/inicio\/wp-json\/wp\/v2\/types\/post"}],"author":[{"embeddable":true,"href":"https:\/\/www.focolaresciudadnueva.com\/inicio\/wp-json\/wp\/v2\/users\/2"}],"replies":[{"embeddable":true,"href":"https:\/\/www.focolaresciudadnueva.com\/inicio\/wp-json\/wp\/v2\/comments?post=3091"}],"version-history":[{"count":3,"href":"https:\/\/www.focolaresciudadnueva.com\/inicio\/wp-json\/wp\/v2\/posts\/3091\/revisions"}],"predecessor-version":[{"id":4755,"href":"https:\/\/www.focolaresciudadnueva.com\/inicio\/wp-json\/wp\/v2\/posts\/3091\/revisions\/4755"}],"wp:featuredmedia":[{"embeddable":true,"href":"https:\/\/www.focolaresciudadnueva.com\/inicio\/wp-json\/wp\/v2\/media\/3093"}],"wp:attachment":[{"href":"https:\/\/www.focolaresciudadnueva.com\/inicio\/wp-json\/wp\/v2\/media?parent=3091"}],"wp:term":[{"taxonomy":"category","embeddable":true,"href":"https:\/\/www.focolaresciudadnueva.com\/inicio\/wp-json\/wp\/v2\/categories?post=3091"},{"taxonomy":"post_tag","embeddable":true,"href":"https:\/\/www.focolaresciudadnueva.com\/inicio\/wp-json\/wp\/v2\/tags?post=3091"}],"curies":[{"name":"wp","href":"https:\/\/api.w.org\/{rel}","templated":true}]}}