{"id":22493,"date":"2026-09-04T15:55:55","date_gmt":"2026-09-04T19:55:55","guid":{"rendered":"https:\/\/www.focolaresciudadnueva.com\/inicio\/?p=22493"},"modified":"2026-09-04T15:55:57","modified_gmt":"2026-09-04T19:55:57","slug":"hugo-giron-responsable-de-los-voluntarios-en-guatemala-partio-al-paraiso","status":"publish","type":"post","link":"https:\/\/www.focolaresciudadnueva.com\/inicio\/hugo-giron-responsable-de-los-voluntarios-en-guatemala-partio-al-paraiso\/","title":{"rendered":"Hugo Gir\u00f3n, responsable de los Voluntarios en Guatemala parti\u00f3 al para\u00edso"},"content":{"rendered":"\n<p class=\"wp-block-paragraph\">En accidente de tr\u00e1nsito ocurrido en la noche del 3 de septiembre falleci\u00f3 Hugo Gir\u00f3n, responsable de los Voluntarios de Dios en Guatemala. <\/p>\n\n\n\n<p class=\"wp-block-paragraph\">La noticia ha causado mucho dolor en las comunidades locales de la regi\u00f3n, en donde muchos lo conoc\u00edan desde largo tiempo, cuando comenz\u00f3 su vida en el Ideal como Gen, construyendo un camino de profunda unidad de m\u00e1s de 40 a\u00f1os con muchas personas. <\/p>\n\n\n\n<p class=\"wp-block-paragraph\">Esperamos que el Padre Eterno lo tenga en sus amorosos brazos y que desde la Mari\u00e1polis Celeste pueda rezar y acompa\u00f1arnos a quienes siguen en el camino. <\/p>\n\n\n\n<figure class=\"wp-block-image size-full\"><img fetchpriority=\"high\" decoding=\"async\" width=\"574\" height=\"513\" src=\"https:\/\/www.focolaresciudadnueva.com\/wp-content\/uploads\/2026\/09\/image-6.png\" alt=\"\" class=\"wp-image-22494\" srcset=\"https:\/\/www.focolaresciudadnueva.com\/wp-content\/uploads\/2026\/09\/image-6.png 574w, https:\/\/www.focolaresciudadnueva.com\/wp-content\/uploads\/2026\/09\/image-6-300x268.png 300w, https:\/\/www.focolaresciudadnueva.com\/wp-content\/uploads\/2026\/09\/image-6-101x90.png 101w\" sizes=\"(max-width: 574px) 100vw, 574px\" \/><\/figure>\n","protected":false},"excerpt":{"rendered":"<p>En accidente de tr\u00e1nsito ocurrido en la noche del 3 de septiembre falleci\u00f3 Hugo Gir\u00f3n, responsable de los Voluntarios de Dios en Guatemala. <a href=\"https:\/\/www.focolaresciudadnueva.com\/inicio\/hugo-giron-responsable-de-los-voluntarios-en-guatemala-partio-al-paraiso\/\" class=\"more-link\">Continue reading <span class=\"screen-reader-text\">Hugo Gir\u00f3n, responsable de los Voluntarios en Guatemala parti\u00f3 al para\u00edso<\/span><\/a><\/p>\n","protected":false},"author":4,"featured_media":22494,"comment_status":"closed","ping_status":"closed","sticky":false,"template":"","format":"standard","meta":{"footnotes":"","_members_access_role":[],"_members_access_error":""},"categories":[162],"tags":[],"class_list":["post-22493","post","type-post","status-publish","format-standard","has-post-thumbnail","hentry","category-comunidades"],"wpmagazine_modules_lite_featured_media_urls":{"thumbnail":["https:\/\/www.focolaresciudadnueva.com\/wp-content\/uploads\/2026\/09\/image-6-150x150.png",150,150,true],"cvmm-medium":["https:\/\/www.focolaresciudadnueva.com\/wp-content\/uploads\/2026\/09\/image-6-300x300.png",300,300,true],"cvmm-medium-plus":["https:\/\/www.focolaresciudadnueva.com\/wp-content\/uploads\/2026\/09\/image-6-305x207.png",305,207,true],"cvmm-portrait":["https:\/\/www.focolaresciudadnueva.com\/wp-content\/uploads\/2026\/09\/image-6-400x513.png",400,513,true],"cvmm-medium-square":["https:\/\/www.focolaresciudadnueva.com\/wp-content\/uploads\/2026\/09\/image-6.png",574,513,false],"cvmm-large":["https:\/\/www.focolaresciudadnueva.com\/wp-content\/uploads\/2026\/09\/image-6.png",574,513,false],"cvmm-small":["https:\/\/www.focolaresciudadnueva.com\/wp-content\/uploads\/2026\/09\/image-6-130x95.png",130,95,true],"full":["https:\/\/www.focolaresciudadnueva.com\/wp-content\/uploads\/2026\/09\/image-6.png",574,513,false]},"categories_names":{"162":{"name":"Comunidades","link":"https:\/\/www.focolaresciudadnueva.com\/inicio\/category\/comunidades\/"}},"tags_names":[],"comments_number":"0","_links":{"self":[{"href":"https:\/\/www.focolaresciudadnueva.com\/inicio\/wp-json\/wp\/v2\/posts\/22493","targetHints":{"allow":["GET"]}}],"collection":[{"href":"https:\/\/www.focolaresciudadnueva.com\/inicio\/wp-json\/wp\/v2\/posts"}],"about":[{"href":"https:\/\/www.focolaresciudadnueva.com\/inicio\/wp-json\/wp\/v2\/types\/post"}],"author":[{"embeddable":true,"href":"https:\/\/www.focolaresciudadnueva.com\/inicio\/wp-json\/wp\/v2\/users\/4"}],"replies":[{"embeddable":true,"href":"https:\/\/www.focolaresciudadnueva.com\/inicio\/wp-json\/wp\/v2\/comments?post=22493"}],"version-history":[{"count":1,"href":"https:\/\/www.focolaresciudadnueva.com\/inicio\/wp-json\/wp\/v2\/posts\/22493\/revisions"}],"predecessor-version":[{"id":22495,"href":"https:\/\/www.focolaresciudadnueva.com\/inicio\/wp-json\/wp\/v2\/posts\/22493\/revisions\/22495"}],"wp:featuredmedia":[{"embeddable":true,"href":"https:\/\/www.focolaresciudadnueva.com\/inicio\/wp-json\/wp\/v2\/media\/22494"}],"wp:attachment":[{"href":"https:\/\/www.focolaresciudadnueva.com\/inicio\/wp-json\/wp\/v2\/media?parent=22493"}],"wp:term":[{"taxonomy":"category","embeddable":true,"href":"https:\/\/www.focolaresciudadnueva.com\/inicio\/wp-json\/wp\/v2\/categories?post=22493"},{"taxonomy":"post_tag","embeddable":true,"href":"https:\/\/www.focolaresciudadnueva.com\/inicio\/wp-json\/wp\/v2\/tags?post=22493"}],"curies":[{"name":"wp","href":"https:\/\/api.w.org\/{rel}","templated":true}]}}