{"id":22475,"date":"2026-09-03T06:00:00","date_gmt":"2026-09-03T10:00:00","guid":{"rendered":"https:\/\/www.focolaresciudadnueva.com\/inicio\/?p=22475"},"modified":"2026-09-03T16:49:01","modified_gmt":"2026-09-03T20:49:01","slug":"resonancias-edc-35-anos","status":"publish","type":"post","link":"https:\/\/www.focolaresciudadnueva.com\/inicio\/resonancias-edc-35-anos\/","title":{"rendered":"Resonancias- EdC 35 a\u00f1os"},"content":{"rendered":"\n<h4 class=\"wp-block-heading\">Ante la pregunta, \u00bfqu\u00e9 impresi\u00f3n les deja la celebraci\u00f3n mundial de los 35 a\u00f1os de EdC, realizada en Argentina?<\/h4>\n\n\n\n<p class=\"wp-block-paragraph\"><\/p>\n\n\n\n<div class=\"wp-block-media-text is-stacked-on-mobile\" style=\"grid-template-columns:31% auto\"><figure class=\"wp-block-media-text__media\"><img decoding=\"async\" width=\"107\" height=\"113\" src=\"https:\/\/www.focolaresciudadnueva.com\/wp-content\/uploads\/2026\/09\/image-4.png\" alt=\"\" class=\"wp-image-22477 size-full\" srcset=\"https:\/\/www.focolaresciudadnueva.com\/wp-content\/uploads\/2026\/09\/image-4.png 107w, https:\/\/www.focolaresciudadnueva.com\/wp-content\/uploads\/2026\/09\/image-4-85x90.png 85w\" sizes=\"(max-width: 107px) 100vw, 107px\" \/><\/figure><div class=\"wp-block-media-text__content\">\n<p class=\"wp-block-paragraph\">Bay-Kiong Af\u00fa Calder\u00f3n, empresario EdC de Costa Rica y uno de los referentes de Econom\u00eda de Comuni\u00f3n para la zona interamericana nos responde as\u00ed:<\/p>\n<\/div><\/div>\n\n\n\n<p class=\"wp-block-paragraph\"><\/p>\n\n\n\n<p class=\"wp-block-paragraph\">R:_Renovar las fuerzas en la fraternidad.<\/p>\n\n\n\n<p class=\"wp-block-paragraph\">Celebrar los 35 a\u00f1os de la Econom\u00eda de Comuni\u00f3n fue un viaje transformador. En Esmeraldas (Ecuador) conocimos<br>el Programa Sunrise de la AMU, que beneficia a m\u00e1s de 600 j\u00f3venes con proyectos ecol\u00f3gicos y de emprendimiento. Lo m\u00e1s inspirador fue saber c\u00f3mo inici\u00f3 todo tras un terremoto: con personas que se acercaron simplemente a \u00abprestar nuestras manos, nuestros hombros y llorar con el que llora\u00bb.<\/p>\n\n\n\n<p class=\"has-white-color has-red-background-color has-text-color has-background has-link-color wp-elements-1 wp-block-paragraph\">Entend\u00ed que la clave es la cercan\u00eda y el amor concreto; de ah\u00ed nace la sinergia. Esta lecci\u00f3n nos prepar\u00f3 el coraz\u00f3n para actuar r\u00e1pidamente y apoyar tambi\u00e9n a nuestros hermanos de Venezuela tras los recientes terremotos.<\/p>\n\n\n\n<p class=\"wp-block-paragraph\">Culminar este aniversario en Buenos Aires con representaci\u00f3n de toda la Comunidad Global de EdC, un ambiente de fraternidad y diversidad cultural, entre abrazos y risas y encuentros, nos devolvi\u00f3 a Costa Rica con la esperanza renovada y listos para seguir colaborando. Normita y Christian, de M\u00e9xico, que participaron en el evento, m\u00e1s que una impresi\u00f3n nos comparte la experiencia vivida.<\/p>\n\n\n\n<p class=\"wp-block-paragraph\"><br>R:_Somos Normita y Christian, de la Ciudad de M\u00e9xico y estamos comprometidos con la Econom\u00eda de Comuni\u00f3n<br>desde que, siendo novios, asistimos a aquella primera Escuela de Verano de Econom\u00eda de Comuni\u00f3n, celebrada en la Mari\u00e1polis L\u00eda, en el 2011. Ahora, con nuestra beba Matilde, de 11 meses, asistimos al 35 aniversario de la EdC, en Paran\u00e1 y Buenos Aires.<\/p>\n\n\n\n<figure class=\"wp-block-image size-full\"><img fetchpriority=\"high\" decoding=\"async\" width=\"778\" height=\"421\" src=\"https:\/\/www.focolaresciudadnueva.com\/wp-content\/uploads\/2026\/09\/image-3.png\" alt=\"\" class=\"wp-image-22476\" srcset=\"https:\/\/www.focolaresciudadnueva.com\/wp-content\/uploads\/2026\/09\/image-3.png 778w, https:\/\/www.focolaresciudadnueva.com\/wp-content\/uploads\/2026\/09\/image-3-300x162.png 300w, https:\/\/www.focolaresciudadnueva.com\/wp-content\/uploads\/2026\/09\/image-3-166x90.png 166w, https:\/\/www.focolaresciudadnueva.com\/wp-content\/uploads\/2026\/09\/image-3-767x415.png 767w, https:\/\/www.focolaresciudadnueva.com\/wp-content\/uploads\/2026\/09\/image-3-750x405.png 750w\" sizes=\"(max-width: 778px) 100vw, 778px\" \/><\/figure>\n\n\n\n<p class=\"wp-block-paragraph\">La experiencia de participar en el Encuentro de Econom\u00eda de comuni\u00f3n y festejar juntos este significativo aniversario, fue una experiencia muy enriquecedora, tanto personal como para la familia que formamos.<\/p>\n\n\n\n<p class=\"wp-block-paragraph\">Nuestra primera parada fue en la ciudad de Paran\u00e1, en el \u201cVolcadero\u201d (el vertedero de basura de la ciudad), en<br>donde colaboran de manera concreta los empresarios y la comunidad de ah\u00ed para sembrar la comuni\u00f3n y el liderazgo que les permita superar las condiciones materiales precarias de su vivir. Adentrarnos con la gente, convivir, compartir los alimentos y solo estar, fue muy importante para nosotros pues reconocemos que la cercan\u00eda y proximidad con \u201cEl otro\u201d con el pr\u00f3jimo es un don invaluable, que va m\u00e1s all\u00e1 de lo material, que sin duda es importante. La relevancia de la experiencia en el \u201cVolcadero\u201d, la sintetizan las palabras de Germ\u00e1n Jorge, empresario de EdC, Argentina: \u201cm\u00e1s all\u00e1 de lo material, lo primero que se dona a una comunidad en necesidad es la relaci\u00f3n\u201d.<\/p>\n\n\n\n<p class=\"wp-block-paragraph\">La celebraci\u00f3n final en \u201cLa Usina del Arte\u201d fue una reuni\u00f3n de una gran familia global, sin lugar para ponencias tem\u00e1ticas, pero con muchas oportunidades para escuchar las profundas reflexiones de tanta gente que recorre el camino de la unidad en el trabajo, en empresas y comunidades.<\/p>\n\n\n\n<p class=\"has-white-color has-red-background-color has-text-color has-background has-link-color wp-elements-2 wp-block-paragraph\">Resuena en nuestras mentes y corazones una frase expresada en los primeros minutos de la plenaria en Buenos Aires: \u201cdonde hay amor, hay imaginaci\u00f3n\u201d. La Econom\u00eda de Comuni\u00f3n nos da una esperanza, nos da una oportunidad de sembrar y cultivar la fraternidad y de tener ojos nuevos para volver a creer no solo en la transformaci\u00f3n de la empresa sino de todo un ecosistema.<\/p>\n\n\n\n<p class=\"wp-block-paragraph\">Ambicionamos grandes realizaciones para la EdC en nuestra empresa y en nuestro M\u00e9xico, pero lo primero que<br>experimentamos al regresar de Argentina, ya en casa, fue el mirarnos con ojos nuevos entre nosotros como esposos;<br>comprendemos que de esta relaci\u00f3n fundamental entre nosotros nacen todas las dem\u00e1s relaciones que se puedan<br>construir.<\/p>\n\n\n\n<p class=\"wp-block-paragraph\"><br><strong><em>Por Bay-Kiong Af\u00fa Calder\u00f3n &#8211; Normita y Christian<\/em><\/strong><\/p>\n\n\n\n<p class=\"wp-block-paragraph\"><\/p>\n","protected":false},"excerpt":{"rendered":"<p>Ante la pregunta, \u00bfqu\u00e9 impresi\u00f3n les deja la celebraci\u00f3n mundial de los 35 a\u00f1os de EdC, realizada en Argentina? <a href=\"https:\/\/www.focolaresciudadnueva.com\/inicio\/resonancias-edc-35-anos\/\" class=\"more-link\">Continue reading <span class=\"screen-reader-text\">Resonancias- EdC 35 a\u00f1os<\/span><\/a><\/p>\n","protected":false},"author":4,"featured_media":22476,"comment_status":"open","ping_status":"closed","sticky":false,"template":"","format":"standard","meta":{"footnotes":"","_members_access_role":[],"_members_access_error":""},"categories":[162,59,60,135,1],"tags":[],"class_list":["post-22475","post","type-post","status-publish","format-standard","has-post-thumbnail","hentry","category-comunidades","category-destacadas","category-dialogos-en-la-cultura","category-edc-economia-de-comunion","category-sin-categoria"],"wpmagazine_modules_lite_featured_media_urls":{"thumbnail":["https:\/\/www.focolaresciudadnueva.com\/wp-content\/uploads\/2026\/09\/image-3-150x150.png",150,150,true],"cvmm-medium":["https:\/\/www.focolaresciudadnueva.com\/wp-content\/uploads\/2026\/09\/image-3-300x300.png",300,300,true],"cvmm-medium-plus":["https:\/\/www.focolaresciudadnueva.com\/wp-content\/uploads\/2026\/09\/image-3-305x207.png",305,207,true],"cvmm-portrait":["https:\/\/www.focolaresciudadnueva.com\/wp-content\/uploads\/2026\/09\/image-3-400x421.png",400,421,true],"cvmm-medium-square":["https:\/\/www.focolaresciudadnueva.com\/wp-content\/uploads\/2026\/09\/image-3-600x421.png",600,421,true],"cvmm-large":["https:\/\/www.focolaresciudadnueva.com\/wp-content\/uploads\/2026\/09\/image-3.png",778,421,false],"cvmm-small":["https:\/\/www.focolaresciudadnueva.com\/wp-content\/uploads\/2026\/09\/image-3-130x95.png",130,95,true],"full":["https:\/\/www.focolaresciudadnueva.com\/wp-content\/uploads\/2026\/09\/image-3.png",778,421,false]},"categories_names":{"162":{"name":"Comunidades","link":"https:\/\/www.focolaresciudadnueva.com\/inicio\/category\/comunidades\/"},"59":{"name":"Destacadas","link":"https:\/\/www.focolaresciudadnueva.com\/inicio\/category\/destacadas\/"},"60":{"name":"Di\u00e1logos en la Cultura","link":"https:\/\/www.focolaresciudadnueva.com\/inicio\/category\/dialogos-en-la-cultura\/"},"135":{"name":"EDC - Econom\u00eda de Comuni\u00f3n","link":"https:\/\/www.focolaresciudadnueva.com\/inicio\/category\/dialogos-en-la-cultura\/edc-economia-de-comunion\/"},"1":{"name":"Sin categor\u00eda","link":"https:\/\/www.focolaresciudadnueva.com\/inicio\/category\/sin-categoria\/"}},"tags_names":[],"comments_number":"0","_links":{"self":[{"href":"https:\/\/www.focolaresciudadnueva.com\/inicio\/wp-json\/wp\/v2\/posts\/22475","targetHints":{"allow":["GET"]}}],"collection":[{"href":"https:\/\/www.focolaresciudadnueva.com\/inicio\/wp-json\/wp\/v2\/posts"}],"about":[{"href":"https:\/\/www.focolaresciudadnueva.com\/inicio\/wp-json\/wp\/v2\/types\/post"}],"author":[{"embeddable":true,"href":"https:\/\/www.focolaresciudadnueva.com\/inicio\/wp-json\/wp\/v2\/users\/4"}],"replies":[{"embeddable":true,"href":"https:\/\/www.focolaresciudadnueva.com\/inicio\/wp-json\/wp\/v2\/comments?post=22475"}],"version-history":[{"count":9,"href":"https:\/\/www.focolaresciudadnueva.com\/inicio\/wp-json\/wp\/v2\/posts\/22475\/revisions"}],"predecessor-version":[{"id":22489,"href":"https:\/\/www.focolaresciudadnueva.com\/inicio\/wp-json\/wp\/v2\/posts\/22475\/revisions\/22489"}],"wp:featuredmedia":[{"embeddable":true,"href":"https:\/\/www.focolaresciudadnueva.com\/inicio\/wp-json\/wp\/v2\/media\/22476"}],"wp:attachment":[{"href":"https:\/\/www.focolaresciudadnueva.com\/inicio\/wp-json\/wp\/v2\/media?parent=22475"}],"wp:term":[{"taxonomy":"category","embeddable":true,"href":"https:\/\/www.focolaresciudadnueva.com\/inicio\/wp-json\/wp\/v2\/categories?post=22475"},{"taxonomy":"post_tag","embeddable":true,"href":"https:\/\/www.focolaresciudadnueva.com\/inicio\/wp-json\/wp\/v2\/tags?post=22475"}],"curies":[{"name":"wp","href":"https:\/\/api.w.org\/{rel}","templated":true}]}}