{"id":22451,"date":"2026-09-02T18:03:00","date_gmt":"2026-09-02T22:03:00","guid":{"rendered":"https:\/\/www.focolaresciudadnueva.com\/inicio\/?p=22451"},"modified":"2026-09-02T19:03:58","modified_gmt":"2026-09-02T23:03:58","slug":"diaconos-permanentes-y-el-anuncio-de-la-buena-nueva","status":"publish","type":"post","link":"https:\/\/www.focolaresciudadnueva.com\/inicio\/diaconos-permanentes-y-el-anuncio-de-la-buena-nueva\/","title":{"rendered":"Di\u00e1conos permanentes y el anuncio de la Buena Nueva"},"content":{"rendered":"\n<p class=\"wp-block-paragraph\"><strong><em>Durante los d\u00edas 12 \u2013 15 de junio 2026 se realiz\u00f3 el retiro espiritual anual de los di\u00e1conos permanentes de la Arquidi\u00f3cesis de Villavicencio y de las jurisdicciones eclesi\u00e1sticas cercanas. Fueron 12 los di\u00e1conos que participaron y este a\u00f1o, acompa\u00f1ados por su respectiva esposa. El tema que guio todo el retiro espiritual fue \u201cIglesia en camino con di\u00e1conos y familias peregrinas\u201d.<\/em><\/strong><\/p>\n\n\n\n<p class=\"wp-block-paragraph\">La tem\u00e1tica puso como punto de partida la realidad peregrina de la Iglesia de la cual los di\u00e1conos y sus respectivas familias son caminantes que no solo llevan la Buena Nueva a sus comunidades, sino que tambi\u00e9n caminan con ellos, en unidad con su presbiterio y con su obispo diocesano.<\/p>\n\n\n\n<p class=\"wp-block-paragraph\">Muchos textos b\u00edblicos inspiraron cada momento y tambi\u00e9n algunas meditaciones de Chiara Lubich sobre el no detenerse en el peregrinaje, porque quien se queda quieto retrocede; as\u00ed como la importancia de ser Iglesia en donde estemos, porque ante todo somos Iglesia.<\/p>\n\n\n\n<p class=\"wp-block-paragraph\">La Arquidi\u00f3cesis de Villavicencio tiene una escuela presencial para formar a los di\u00e1conos permanentes, actualmente tienen alrededor de 70 aspirantes para este servicio tan especial en la Iglesia.<\/p>\n\n\n\n<p class=\"wp-block-paragraph\">Durante el segundo d\u00eda de retiro se recibi\u00f3 la visita del Se\u00f1or arzobispo Mons. Misael Vacca Ram\u00edrez, quien los anim\u00f3 a continuar sirviendo con alegr\u00eda; public\u00f3 esta noticia en las redes sociales de la Arquidi\u00f3cesis.<\/p>\n\n\n\n<p class=\"wp-block-paragraph\">Al finalizar el retiro, cada uno de los participantes expres\u00f3 en un momento de comuni\u00f3n profundo, su alegr\u00eda por el camino espiritual vivido durante esos d\u00edas y sobre c\u00f3mo regresar\u00e1n a sus comunidades para servir con una nueva luz. Cada uno de ellos manifest\u00f3 con qu\u00e9 se quedaba y qu\u00e9 est\u00e1 dispuesto a ofrecer para que la Iglesia siga siendo unida y peregrina.<\/p>\n\n\n\n<div class=\"wp-block-media-text is-stacked-on-mobile\" style=\"grid-template-columns:26% auto\"><figure class=\"wp-block-media-text__media\"><img decoding=\"async\" width=\"176\" height=\"172\" src=\"https:\/\/www.focolaresciudadnueva.com\/wp-content\/uploads\/2026\/09\/image-2.png\" alt=\"\" class=\"wp-image-22453 size-full\" srcset=\"https:\/\/www.focolaresciudadnueva.com\/wp-content\/uploads\/2026\/09\/image-2.png 176w, https:\/\/www.focolaresciudadnueva.com\/wp-content\/uploads\/2026\/09\/image-2-92x90.png 92w\" sizes=\"(max-width: 176px) 100vw, 176px\" \/><\/figure><div class=\"wp-block-media-text__content\">\n<p class=\"wp-block-paragraph\"><strong><em>Por P. Wilson Moreno Cubides- Colombia<\/em><\/strong><\/p>\n<\/div><\/div>\n\n\n\n<p class=\"wp-block-paragraph\"><br><\/p>\n\n\n\n<figure class=\"wp-block-image size-full\"><img fetchpriority=\"high\" decoding=\"async\" width=\"674\" height=\"348\" src=\"https:\/\/www.focolaresciudadnueva.com\/wp-content\/uploads\/2026\/09\/image-1.png\" alt=\"\" class=\"wp-image-22452\" srcset=\"https:\/\/www.focolaresciudadnueva.com\/wp-content\/uploads\/2026\/09\/image-1.png 674w, https:\/\/www.focolaresciudadnueva.com\/wp-content\/uploads\/2026\/09\/image-1-300x155.png 300w, https:\/\/www.focolaresciudadnueva.com\/wp-content\/uploads\/2026\/09\/image-1-174x90.png 174w\" sizes=\"(max-width: 674px) 100vw, 674px\" \/><\/figure>\n","protected":false},"excerpt":{"rendered":"<p>La tem\u00e1tica puso como punto de partida la realidad peregrina de la Iglesia de la cual los di\u00e1conos y sus respectivas familias son caminantes que no solo llevan la Buena Nueva a sus comunidades, sino que tambi\u00e9n caminan con ellos, en unidad con su presbiterio y con su obispo diocesano <a href=\"https:\/\/www.focolaresciudadnueva.com\/inicio\/diaconos-permanentes-y-el-anuncio-de-la-buena-nueva\/\" class=\"more-link\">Continue reading <span class=\"screen-reader-text\">Di\u00e1conos permanentes y el anuncio de la Buena Nueva<\/span><\/a><\/p>\n","protected":false},"author":4,"featured_media":22452,"comment_status":"closed","ping_status":"closed","sticky":false,"template":"","format":"standard","meta":{"footnotes":""},"categories":[71,63],"tags":[],"class_list":["post-22451","post","type-post","status-publish","format-standard","has-post-thumbnail","hentry","category-colombia","category-iglesia"],"wpmagazine_modules_lite_featured_media_urls":{"thumbnail":["https:\/\/www.focolaresciudadnueva.com\/wp-content\/uploads\/2026\/09\/image-1-150x150.png",150,150,true],"cvmm-medium":["https:\/\/www.focolaresciudadnueva.com\/wp-content\/uploads\/2026\/09\/image-1-300x300.png",300,300,true],"cvmm-medium-plus":["https:\/\/www.focolaresciudadnueva.com\/wp-content\/uploads\/2026\/09\/image-1-305x207.png",305,207,true],"cvmm-portrait":["https:\/\/www.focolaresciudadnueva.com\/wp-content\/uploads\/2026\/09\/image-1-400x348.png",400,348,true],"cvmm-medium-square":["https:\/\/www.focolaresciudadnueva.com\/wp-content\/uploads\/2026\/09\/image-1-600x348.png",600,348,true],"cvmm-large":["https:\/\/www.focolaresciudadnueva.com\/wp-content\/uploads\/2026\/09\/image-1.png",674,348,false],"cvmm-small":["https:\/\/www.focolaresciudadnueva.com\/wp-content\/uploads\/2026\/09\/image-1-130x95.png",130,95,true],"full":["https:\/\/www.focolaresciudadnueva.com\/wp-content\/uploads\/2026\/09\/image-1.png",674,348,false]},"categories_names":{"71":{"name":"Colombia","link":"https:\/\/www.focolaresciudadnueva.com\/inicio\/category\/colombia\/"},"63":{"name":"Iglesia","link":"https:\/\/www.focolaresciudadnueva.com\/inicio\/category\/iglesia\/"}},"tags_names":[],"comments_number":"0","_links":{"self":[{"href":"https:\/\/www.focolaresciudadnueva.com\/inicio\/wp-json\/wp\/v2\/posts\/22451","targetHints":{"allow":["GET"]}}],"collection":[{"href":"https:\/\/www.focolaresciudadnueva.com\/inicio\/wp-json\/wp\/v2\/posts"}],"about":[{"href":"https:\/\/www.focolaresciudadnueva.com\/inicio\/wp-json\/wp\/v2\/types\/post"}],"author":[{"embeddable":true,"href":"https:\/\/www.focolaresciudadnueva.com\/inicio\/wp-json\/wp\/v2\/users\/4"}],"replies":[{"embeddable":true,"href":"https:\/\/www.focolaresciudadnueva.com\/inicio\/wp-json\/wp\/v2\/comments?post=22451"}],"version-history":[{"count":3,"href":"https:\/\/www.focolaresciudadnueva.com\/inicio\/wp-json\/wp\/v2\/posts\/22451\/revisions"}],"predecessor-version":[{"id":22456,"href":"https:\/\/www.focolaresciudadnueva.com\/inicio\/wp-json\/wp\/v2\/posts\/22451\/revisions\/22456"}],"wp:featuredmedia":[{"embeddable":true,"href":"https:\/\/www.focolaresciudadnueva.com\/inicio\/wp-json\/wp\/v2\/media\/22452"}],"wp:attachment":[{"href":"https:\/\/www.focolaresciudadnueva.com\/inicio\/wp-json\/wp\/v2\/media?parent=22451"}],"wp:term":[{"taxonomy":"category","embeddable":true,"href":"https:\/\/www.focolaresciudadnueva.com\/inicio\/wp-json\/wp\/v2\/categories?post=22451"},{"taxonomy":"post_tag","embeddable":true,"href":"https:\/\/www.focolaresciudadnueva.com\/inicio\/wp-json\/wp\/v2\/tags?post=22451"}],"curies":[{"name":"wp","href":"https:\/\/api.w.org\/{rel}","templated":true}]}}