{"id":22417,"date":"2026-09-01T16:25:00","date_gmt":"2026-09-01T20:25:00","guid":{"rendered":"https:\/\/www.focolaresciudadnueva.com\/inicio\/?p=22417"},"modified":"2026-09-01T19:36:07","modified_gmt":"2026-09-01T23:36:07","slug":"la-palabra-de-vida-en-tus-manos-accede-a-los-materiales-de-apoyo-para-los-encuentros-con-tu-comunidades-en-septiembre","status":"publish","type":"post","link":"https:\/\/www.focolaresciudadnueva.com\/inicio\/la-palabra-de-vida-en-tus-manos-accede-a-los-materiales-de-apoyo-para-los-encuentros-con-tu-comunidades-en-septiembre\/","title":{"rendered":"La Palabra de Vida en tus manos: accede a los materiales de apoyo para los encuentros con tu comunidades en septiembre"},"content":{"rendered":"\n<h4 class=\"wp-block-heading\">Palabra de Vida de septiembre: \u00abLa caridad no hace mal al pr\u00f3jimo. La caridad es, por tanto, la ley en su plenitud\u00bb (Rm 13, 10) <\/h4>\n\n\n\n<p class=\"wp-block-paragraph\">La Palabra de Vida es la primera forma de generar comunidad que Chiara Lubich encontr\u00f3 con sus primeras compa\u00f1eras en Trento. En medio de los bombardeos que sufr\u00eda la ciudad en la guerra, ellas comprendieron que de todos modos pod\u00edan vivir el Evangelio, ponerlo en pr\u00e1ctica. <\/p>\n\n\n\n<p class=\"wp-block-paragraph\">De esta manera se inicia un camino que hoy conocemos como la Espiritualidad de la Unidad y el Movimiento de Los Focolares. As\u00ed, que cada que se organiza una Palabra de Vida es una forma de volver a los or\u00edgenes y ser m\u00e1s cercanos y pr\u00f3ximos en nuestras comunidades. <\/p>\n\n\n\n<p class=\"wp-block-paragraph\">En esta edici\u00f3n les ofrecemos los materiales que pueden servirle a su comunidad local para organizar encuentros de Palabra de Vida all\u00ed donde hay dos o m\u00e1s de los nuestros con el \u00e1nimo de compartir esta perla con sus vecinos, amigos y familiares, con personas adultas, j\u00f3venes, y menores de edad. <\/p>\n\n\n\n<h2 class=\"wp-block-heading\">Video Palabra de Vida Septiembre 2026<\/h2>\n\n\n\n<figure class=\"wp-block-embed is-type-video is-provider-youtube wp-block-embed-youtube wp-embed-aspect-16-9 wp-has-aspect-ratio\"><div class=\"wp-block-embed__wrapper\">\n<iframe title=\"Palabra de Vida Septiembre 2026\" width=\"720\" height=\"405\" src=\"https:\/\/www.youtube.com\/embed\/aUvPu9hlQW0?feature=oembed\" frameborder=\"0\" allow=\"accelerometer; autoplay; clipboard-write; encrypted-media; gyroscope; picture-in-picture; web-share\" referrerpolicy=\"strict-origin-when-cross-origin\" allowfullscreen><\/iframe>\n<\/div><\/figure>\n\n\n\n<h2 class=\"wp-block-heading\">Cuadernillo Palabra de Vida Septiembre 2026<\/h2>\n\n\n\n<div data-wp-interactive=\"core\/file\" class=\"wp-block-file\"><object data-wp-bind--hidden=\"!state.hasPdfPreview\" hidden class=\"wp-block-file__embed\" data=\"https:\/\/www.focolaresciudadnueva.com\/wp-content\/uploads\/2026\/09\/IAZ-Cuadernillo-septiembre-2026-pdf_compressed.pdf\" type=\"application\/pdf\" style=\"width:100%;height:600px\" aria-label=\"Incrustado de IAZ Cuadernillo septiembre 2026 pdf_compressed.\"><\/object><a id=\"wp-block-file--media-048f717f-cab8-403a-9149-b3ff2cd1fad8\" href=\"https:\/\/www.focolaresciudadnueva.com\/wp-content\/uploads\/2026\/09\/IAZ-Cuadernillo-septiembre-2026-pdf_compressed.pdf\">IAZ Cuadernillo septiembre 2026 pdf_compressed<\/a><a href=\"https:\/\/www.focolaresciudadnueva.com\/wp-content\/uploads\/2026\/09\/IAZ-Cuadernillo-septiembre-2026-pdf_compressed.pdf\" class=\"wp-block-file__button wp-element-button\" download aria-describedby=\"wp-block-file--media-048f717f-cab8-403a-9149-b3ff2cd1fad8\">Descarga<\/a><\/div>\n\n\n\n<h2 class=\"wp-block-heading\">Hoja de Palabra de Vida 2026<\/h2>\n\n\n\n<div data-wp-interactive=\"core\/file\" class=\"wp-block-file\"><object data-wp-bind--hidden=\"!state.hasPdfPreview\" hidden class=\"wp-block-file__embed\" data=\"https:\/\/www.focolaresciudadnueva.com\/wp-content\/uploads\/2026\/09\/Palabra-de-Vida-septiembre2026.pdf\" type=\"application\/pdf\" style=\"width:100%;height:600px\" aria-label=\"Incrustado de Palabra de Vida septiembre2026.\"><\/object><a id=\"wp-block-file--media-c3f0e269-57d2-40da-a515-ed3ec4860061\" href=\"https:\/\/www.focolaresciudadnueva.com\/wp-content\/uploads\/2026\/09\/Palabra-de-Vida-septiembre2026.pdf\">Palabra de Vida septiembre2026<\/a><a href=\"https:\/\/www.focolaresciudadnueva.com\/wp-content\/uploads\/2026\/09\/Palabra-de-Vida-septiembre2026.pdf\" class=\"wp-block-file__button wp-element-button\" download aria-describedby=\"wp-block-file--media-c3f0e269-57d2-40da-a515-ed3ec4860061\">Descarga<\/a><\/div>\n\n\n\n<h2 class=\"wp-block-heading\">Palabra de Vida 2026 para adolescentes<\/h2>\n\n\n\n<div data-wp-interactive=\"core\/file\" class=\"wp-block-file\"><object data-wp-bind--hidden=\"!state.hasPdfPreview\" hidden class=\"wp-block-file__embed\" data=\"https:\/\/www.focolaresciudadnueva.com\/wp-content\/uploads\/2026\/09\/Adolesc_PDV_Sept-2026-BN.pdf\" type=\"application\/pdf\" style=\"width:100%;height:600px\" aria-label=\"Incrustado de Adolesc_PDV_Sept 2026-BN.\"><\/object><a id=\"wp-block-file--media-892a5e66-2385-47a7-aca6-116c31f95cfc\" href=\"https:\/\/www.focolaresciudadnueva.com\/wp-content\/uploads\/2026\/09\/Adolesc_PDV_Sept-2026-BN.pdf\">Adolesc_PDV_Sept 2026-BN<\/a><a href=\"https:\/\/www.focolaresciudadnueva.com\/wp-content\/uploads\/2026\/09\/Adolesc_PDV_Sept-2026-BN.pdf\" class=\"wp-block-file__button wp-element-button\" download aria-describedby=\"wp-block-file--media-892a5e66-2385-47a7-aca6-116c31f95cfc\">Descarga<\/a><\/div>\n\n\n\n<h2 class=\"wp-block-heading\">Palabra de Vida Septiembre 2026 para ni\u00f1os y ni\u00f1as<\/h2>\n\n\n\n<div data-wp-interactive=\"core\/file\" class=\"wp-block-file\"><object data-wp-bind--hidden=\"!state.hasPdfPreview\" hidden class=\"wp-block-file__embed\" data=\"https:\/\/www.focolaresciudadnueva.com\/wp-content\/uploads\/2026\/09\/Gen4-Palabra-de-Vida-Septiembre-2026_es_BW_compressed.pdf\" type=\"application\/pdf\" style=\"width:100%;height:600px\" aria-label=\"Incrustado de Gen4 Palabra de Vida Septiembre 2026_es_BW_compressed.\"><\/object><a id=\"wp-block-file--media-474b8317-b4b1-4f9a-96a9-b30f4745dbb5\" href=\"https:\/\/www.focolaresciudadnueva.com\/wp-content\/uploads\/2026\/09\/Gen4-Palabra-de-Vida-Septiembre-2026_es_BW_compressed.pdf\">Gen4 Palabra de Vida Septiembre 2026_es_BW_compressed<\/a><a href=\"https:\/\/www.focolaresciudadnueva.com\/wp-content\/uploads\/2026\/09\/Gen4-Palabra-de-Vida-Septiembre-2026_es_BW_compressed.pdf\" class=\"wp-block-file__button wp-element-button\" download aria-describedby=\"wp-block-file--media-474b8317-b4b1-4f9a-96a9-b30f4745dbb5\">Descarga<\/a><\/div>\n","protected":false},"excerpt":{"rendered":"<p>En esta edici\u00f3n les ofrecemos los materiales que pueden servirle a su comunidad local para organizar encuentros de Palabra de Vida all\u00ed donde hay dos o m\u00e1s de los nuestros con el \u00e1nimo de compartir esta perla con sus vecinos, amigos y familiares, con personas adultas, j\u00f3venes, y menores de edad. <a href=\"https:\/\/www.focolaresciudadnueva.com\/inicio\/la-palabra-de-vida-en-tus-manos-accede-a-los-materiales-de-apoyo-para-los-encuentros-con-tu-comunidades-en-septiembre\/\" class=\"more-link\">Continue reading <span class=\"screen-reader-text\">La Palabra de Vida en tus manos: accede a los materiales de apoyo para los encuentros con tu comunidades en septiembre<\/span><\/a><\/p>\n","protected":false},"author":4,"featured_media":22421,"comment_status":"open","ping_status":"closed","sticky":false,"template":"","format":"standard","meta":{"footnotes":""},"categories":[162,59,164],"tags":[],"class_list":["post-22417","post","type-post","status-publish","format-standard","has-post-thumbnail","hentry","category-comunidades","category-destacadas","category-destacadas-focolares"],"wpmagazine_modules_lite_featured_media_urls":{"thumbnail":["https:\/\/www.focolaresciudadnueva.com\/wp-content\/uploads\/2026\/09\/PDEVIDA-ARTICULO-SEPTIEMBRE-2026-150x150.png",150,150,true],"cvmm-medium":["https:\/\/www.focolaresciudadnueva.com\/wp-content\/uploads\/2026\/09\/PDEVIDA-ARTICULO-SEPTIEMBRE-2026-300x300.png",300,300,true],"cvmm-medium-plus":["https:\/\/www.focolaresciudadnueva.com\/wp-content\/uploads\/2026\/09\/PDEVIDA-ARTICULO-SEPTIEMBRE-2026-305x207.png",305,207,true],"cvmm-portrait":["https:\/\/www.focolaresciudadnueva.com\/wp-content\/uploads\/2026\/09\/PDEVIDA-ARTICULO-SEPTIEMBRE-2026-400x600.png",400,600,true],"cvmm-medium-square":["https:\/\/www.focolaresciudadnueva.com\/wp-content\/uploads\/2026\/09\/PDEVIDA-ARTICULO-SEPTIEMBRE-2026-600x600.png",600,600,true],"cvmm-large":["https:\/\/www.focolaresciudadnueva.com\/wp-content\/uploads\/2026\/09\/PDEVIDA-ARTICULO-SEPTIEMBRE-2026-1024x1000.png",1024,1000,true],"cvmm-small":["https:\/\/www.focolaresciudadnueva.com\/wp-content\/uploads\/2026\/09\/PDEVIDA-ARTICULO-SEPTIEMBRE-2026-130x95.png",130,95,true],"full":["https:\/\/www.focolaresciudadnueva.com\/wp-content\/uploads\/2026\/09\/PDEVIDA-ARTICULO-SEPTIEMBRE-2026.png",2000,1000,false]},"categories_names":{"162":{"name":"Comunidades","link":"https:\/\/www.focolaresciudadnueva.com\/inicio\/category\/comunidades\/"},"59":{"name":"Destacadas","link":"https:\/\/www.focolaresciudadnueva.com\/inicio\/category\/destacadas\/"},"164":{"name":"Destacadas Focolares","link":"https:\/\/www.focolaresciudadnueva.com\/inicio\/category\/destacadas-focolares\/"}},"tags_names":[],"comments_number":"1","_links":{"self":[{"href":"https:\/\/www.focolaresciudadnueva.com\/inicio\/wp-json\/wp\/v2\/posts\/22417","targetHints":{"allow":["GET"]}}],"collection":[{"href":"https:\/\/www.focolaresciudadnueva.com\/inicio\/wp-json\/wp\/v2\/posts"}],"about":[{"href":"https:\/\/www.focolaresciudadnueva.com\/inicio\/wp-json\/wp\/v2\/types\/post"}],"author":[{"embeddable":true,"href":"https:\/\/www.focolaresciudadnueva.com\/inicio\/wp-json\/wp\/v2\/users\/4"}],"replies":[{"embeddable":true,"href":"https:\/\/www.focolaresciudadnueva.com\/inicio\/wp-json\/wp\/v2\/comments?post=22417"}],"version-history":[{"count":3,"href":"https:\/\/www.focolaresciudadnueva.com\/inicio\/wp-json\/wp\/v2\/posts\/22417\/revisions"}],"predecessor-version":[{"id":22425,"href":"https:\/\/www.focolaresciudadnueva.com\/inicio\/wp-json\/wp\/v2\/posts\/22417\/revisions\/22425"}],"wp:featuredmedia":[{"embeddable":true,"href":"https:\/\/www.focolaresciudadnueva.com\/inicio\/wp-json\/wp\/v2\/media\/22421"}],"wp:attachment":[{"href":"https:\/\/www.focolaresciudadnueva.com\/inicio\/wp-json\/wp\/v2\/media?parent=22417"}],"wp:term":[{"taxonomy":"category","embeddable":true,"href":"https:\/\/www.focolaresciudadnueva.com\/inicio\/wp-json\/wp\/v2\/categories?post=22417"},{"taxonomy":"post_tag","embeddable":true,"href":"https:\/\/www.focolaresciudadnueva.com\/inicio\/wp-json\/wp\/v2\/tags?post=22417"}],"curies":[{"name":"wp","href":"https:\/\/api.w.org\/{rel}","templated":true}]}}