{"id":22401,"date":"2026-08-31T06:00:00","date_gmt":"2026-08-31T10:00:00","guid":{"rendered":"https:\/\/www.focolaresciudadnueva.com\/inicio\/?p=22401"},"modified":"2026-08-30T17:29:46","modified_gmt":"2026-08-30T21:29:46","slug":"continuamos-en-conversacion-con-anouk-grevin","status":"publish","type":"post","link":"https:\/\/www.focolaresciudadnueva.com\/inicio\/continuamos-en-conversacion-con-anouk-grevin\/","title":{"rendered":"Continuamos en conversaci\u00f3n con Anouk Grevin"},"content":{"rendered":"\n<p class=\"wp-block-paragraph\"><strong>Celebraci\u00f3n mundial de los 35 a\u00f1os de la EdC<\/strong><\/p>\n\n\n\n<p class=\"wp-block-paragraph\"><strong>P:_ \u00bfCu\u00e1les fueron los frutos de este evento realizado en etapas y en sedes simult\u00e1neas?<\/strong><\/p>\n\n\n\n<p class=\"wp-block-paragraph\">R:_ Los momentos en las sedes fueron el coraz\u00f3n del evento. La celebraci\u00f3n en Buenos Aires fue la ocasi\u00f3n para dar palabras a todo lo que se vivi\u00f3 previamente, en la primera fase. Se necesitaba de un momento todos juntos para tomar conciencia de la fuerza de la experiencia realizada; era importante poder tener ese di\u00e1logo, esa comuni\u00f3n, los encuentros: poder recoger todo lo vivido en los diferentes lugares donde se realizaron los laboratorios.<\/p>\n\n\n\n<p class=\"wp-block-paragraph\">Hemos dicho que la regeneraci\u00f3n nace desde adentro, ten\u00edamos que ir all\u00ed, a los lugares donde viven quienes est\u00e1n en el coraz\u00f3n de la herida y que cada uno de nosotros tocara las heridas de nuestro tiempo, de nuestra sociedad, de nuestra econom\u00eda; tocarlas. Ir all\u00ed con los pies, no en teor\u00eda, no con el pensamiento. Esto fue decisivo. \u00bfCu\u00e1les fueron los frutos? Es dif\u00edcil decirlo ahora. Los primeros frutos fueron, sin duda, lo que esta experiencia produjo en cada uno de nosotros y que fue algo realmente significativo. Ahora el reto, el desaf\u00edo, es que lo vivido transforme profundamente la EdC, transforme nuestras pr\u00e1cticas, lo que hacemos. Creemos que llegar\u00e1, pero ahora tenemos que continuar, es una historia que contin\u00faa, tiene la potencia de dar muchos frutos, pero tambi\u00e9n depende de nosotros crear las condiciones para que esto suceda, y lo estamos intentando.<\/p>\n\n\n\n<p class=\"wp-block-paragraph\"><strong>P:_ \u00bfCu\u00e1les son los desaf\u00edos y proyecciones que vislumbras en este camino de la EdC?<\/strong><\/p>\n\n\n\n<p class=\"wp-block-paragraph\">R:_ Uno de los procesos que hemos intentado iniciar es el de vincularnos m\u00e1s como comunidad mundial, como comunidad global. Nos dimos cuenta de que muchos de nosotros se han sentido solos, en tantos momentos, ante los grandes desaf\u00edos y pruebas que deben afrontar y esto no lo podemos permitir si somos una familia, por lo tanto, tenemos que fortalecer las relaciones fraternas entre nosotros, por esto hicimos el pacto, el pacto de unirnos estrechamente, para dar visibilidad a este v\u00ednculo de comuni\u00f3n que nos sostiene. Tambi\u00e9n por esta raz\u00f3n hemos creado una aplicaci\u00f3n web donde todos puedan registrarse.<\/p>\n\n\n\n<p class=\"wp-block-paragraph\">Trabajaremos para convertirla en una herramienta que nos ayude a mantenernos conectados tanto a nivel internacional- para enviar noticias de todo el mundo directamente a cada uno, teniendo en cuenta de que hoy son tantos los canales de comunicaci\u00f3n que es dif\u00edcil llegar a todos-, como tambi\u00e9n para ayudar localmente a los grupos y comunidades a estructurarse donde hay necesidad de ayudarse mutuamente a mantenerse en contacto; en fin, esta herramienta debemos desarrollarla y convertirla en la red que nos haga permanecer unidos como comunidad a trav\u00e9s de la comuni\u00f3n.<\/p>\n\n\n\n<p class=\"wp-block-paragraph\">El otro proceso fue darnos cuenta de la riqueza que tenemos con las personas que se encuentran en situaciones de pobreza y vulnerabilidad, que tambi\u00e9n forman parte de la EdC y a no olvidar que no hay quienes ayuden a otros, nosotros vivimos relaciones de reciprocidad, y esto es importante tenerlo presente, es nuestro tesoro. No somos una organizaci\u00f3n filantr\u00f3pica en lo absoluto, ni siquiera solo de emprendedores sociales.<\/p>\n\n\n\n<p class=\"wp-block-paragraph\">Por esta raz\u00f3n queremos destacar esta riqueza de mirar el mundo desde los ojos de quienes est\u00e1n en los m\u00e1rgenes de la econom\u00eda, que puedan sentirse completamente EdC. Si hablamos mucho de empresas, entonces los micro- emprendedores no se sienten EdC o peor, si se sienten como beneficiarios. Ser\u00eda un fracaso para nosotros. <\/p>\n\n\n\n<p class=\"wp-block-paragraph\">As\u00ed que dar espacio a estos hermanos nuestros microemprendedores, porque son emprendedores de comuni\u00f3n, porque realmente tienen la comuni\u00f3n dentro, tienen la misma vocaci\u00f3n que nosotros y el mismo deseo de vivir una econom\u00eda de comuni\u00f3n, por lo tanto, son una fuerza inmensa y, por ello, ponerlos en el coraz\u00f3n de la EdC.<\/p>\n\n\n\n<figure class=\"wp-block-image size-full\"><img fetchpriority=\"high\" decoding=\"async\" width=\"513\" height=\"325\" src=\"https:\/\/www.focolaresciudadnueva.com\/wp-content\/uploads\/2026\/08\/image-36.png\" alt=\"\" class=\"wp-image-22402\" srcset=\"https:\/\/www.focolaresciudadnueva.com\/wp-content\/uploads\/2026\/08\/image-36.png 513w, https:\/\/www.focolaresciudadnueva.com\/wp-content\/uploads\/2026\/08\/image-36-300x190.png 300w, https:\/\/www.focolaresciudadnueva.com\/wp-content\/uploads\/2026\/08\/image-36-142x90.png 142w\" sizes=\"(max-width: 513px) 100vw, 513px\" \/><\/figure>\n","protected":false},"excerpt":{"rendered":"<p>Hemos dicho que la regeneraci\u00f3n nace desde adentro, ten\u00edamos que ir all\u00ed, a los lugares donde viven quienes est\u00e1n en el coraz\u00f3n de la herida y que cada uno de nosotros tocara las heridas de nuestro tiempo, de nuestra sociedad, de nuestra econom\u00eda; tocarlas. Ir all\u00ed con los pies, no en teor\u00eda, no con el pensamiento. Esto fue decisivo.  <a href=\"https:\/\/www.focolaresciudadnueva.com\/inicio\/continuamos-en-conversacion-con-anouk-grevin\/\" class=\"more-link\">Continue reading <span class=\"screen-reader-text\">Continuamos en conversaci\u00f3n con Anouk Grevin<\/span><\/a><\/p>\n","protected":false},"author":4,"featured_media":22402,"comment_status":"open","ping_status":"closed","sticky":false,"template":"","format":"standard","meta":{"footnotes":""},"categories":[59,135],"tags":[],"class_list":["post-22401","post","type-post","status-publish","format-standard","has-post-thumbnail","hentry","category-destacadas","category-edc-economia-de-comunion"],"wpmagazine_modules_lite_featured_media_urls":{"thumbnail":["https:\/\/www.focolaresciudadnueva.com\/wp-content\/uploads\/2026\/08\/image-36-150x150.png",150,150,true],"cvmm-medium":["https:\/\/www.focolaresciudadnueva.com\/wp-content\/uploads\/2026\/08\/image-36-300x300.png",300,300,true],"cvmm-medium-plus":["https:\/\/www.focolaresciudadnueva.com\/wp-content\/uploads\/2026\/08\/image-36-305x207.png",305,207,true],"cvmm-portrait":["https:\/\/www.focolaresciudadnueva.com\/wp-content\/uploads\/2026\/08\/image-36-400x325.png",400,325,true],"cvmm-medium-square":["https:\/\/www.focolaresciudadnueva.com\/wp-content\/uploads\/2026\/08\/image-36.png",513,325,false],"cvmm-large":["https:\/\/www.focolaresciudadnueva.com\/wp-content\/uploads\/2026\/08\/image-36.png",513,325,false],"cvmm-small":["https:\/\/www.focolaresciudadnueva.com\/wp-content\/uploads\/2026\/08\/image-36-130x95.png",130,95,true],"full":["https:\/\/www.focolaresciudadnueva.com\/wp-content\/uploads\/2026\/08\/image-36.png",513,325,false]},"categories_names":{"59":{"name":"Destacadas","link":"https:\/\/www.focolaresciudadnueva.com\/inicio\/category\/destacadas\/"},"135":{"name":"EDC - Econom\u00eda de Comuni\u00f3n","link":"https:\/\/www.focolaresciudadnueva.com\/inicio\/category\/dialogos-en-la-cultura\/edc-economia-de-comunion\/"}},"tags_names":[],"comments_number":"0","_links":{"self":[{"href":"https:\/\/www.focolaresciudadnueva.com\/inicio\/wp-json\/wp\/v2\/posts\/22401","targetHints":{"allow":["GET"]}}],"collection":[{"href":"https:\/\/www.focolaresciudadnueva.com\/inicio\/wp-json\/wp\/v2\/posts"}],"about":[{"href":"https:\/\/www.focolaresciudadnueva.com\/inicio\/wp-json\/wp\/v2\/types\/post"}],"author":[{"embeddable":true,"href":"https:\/\/www.focolaresciudadnueva.com\/inicio\/wp-json\/wp\/v2\/users\/4"}],"replies":[{"embeddable":true,"href":"https:\/\/www.focolaresciudadnueva.com\/inicio\/wp-json\/wp\/v2\/comments?post=22401"}],"version-history":[{"count":1,"href":"https:\/\/www.focolaresciudadnueva.com\/inicio\/wp-json\/wp\/v2\/posts\/22401\/revisions"}],"predecessor-version":[{"id":22403,"href":"https:\/\/www.focolaresciudadnueva.com\/inicio\/wp-json\/wp\/v2\/posts\/22401\/revisions\/22403"}],"wp:featuredmedia":[{"embeddable":true,"href":"https:\/\/www.focolaresciudadnueva.com\/inicio\/wp-json\/wp\/v2\/media\/22402"}],"wp:attachment":[{"href":"https:\/\/www.focolaresciudadnueva.com\/inicio\/wp-json\/wp\/v2\/media?parent=22401"}],"wp:term":[{"taxonomy":"category","embeddable":true,"href":"https:\/\/www.focolaresciudadnueva.com\/inicio\/wp-json\/wp\/v2\/categories?post=22401"},{"taxonomy":"post_tag","embeddable":true,"href":"https:\/\/www.focolaresciudadnueva.com\/inicio\/wp-json\/wp\/v2\/tags?post=22401"}],"curies":[{"name":"wp","href":"https:\/\/api.w.org\/{rel}","templated":true}]}}