{"id":22397,"date":"2026-08-27T17:19:28","date_gmt":"2026-08-27T21:19:28","guid":{"rendered":"https:\/\/www.focolaresciudadnueva.com\/inicio\/?p=22397"},"modified":"2026-08-30T17:21:18","modified_gmt":"2026-08-30T21:21:18","slug":"religiones-unidas-en-el-angelicum-trabajando-para-construircomunidades-de-paz","status":"publish","type":"post","link":"https:\/\/www.focolaresciudadnueva.com\/inicio\/religiones-unidas-en-el-angelicum-trabajando-para-construircomunidades-de-paz\/","title":{"rendered":"Religiones unidas en el Angelicum: trabajando para construir comunidades de paz"},"content":{"rendered":"\n<p class=\"wp-block-paragraph\">Interreligioso de la Pontificia Universidad de Santo Tom\u00e1s de Aquino (Angelicum) en Roma y reuni\u00f3 a personas<br>comprometidas con el fortalecimiento de la fraternidad humana a trav\u00e9s del di\u00e1logo y la cooperaci\u00f3n interreligiosa<br>en Europa.<\/p>\n\n\n\n<p class=\"wp-block-paragraph\">Reafirmando el compromiso compartido de promover una cultura de encuentro y colaboraci\u00f3n para el bien com\u00fan,<br>con el fin de construir la fraternidad y la paz en el mundo.<\/p>\n\n\n\n<p class=\"wp-block-paragraph\">Este compromiso fue asumido por l\u00edderes religiosos de autoridad, acad\u00e9micos, eruditos y representantes del<br>cristianismo y las religiones dh\u00e1rmicas \u2014budistas, hind\u00faes, jainistas y sijs\u2014 que participaron en la conferencia<br>titulada \u00abBudistas, cristianos, hind\u00faes, jainistas y sijs en Europa: Construyendo la fraternidad a trav\u00e9s del di\u00e1logo y<br>la colaboraci\u00f3n\u00bb.<\/p>\n\n\n\n<p class=\"wp-block-paragraph\">La esperanza nace del di\u00e1logo y la colaboraci\u00f3n Seg\u00fan un comunicado del Dicasterio, los participantes reflexionaron sobre los retos que afrontan las sociedades contempor\u00e1neas y reafirmaron la importancia del di\u00e1logo y la colaboraci\u00f3n como herramientas para promover la comprensi\u00f3n, la solidaridad y la esperanza. En este contexto,<br>reconocieron el papel fundamental de la fraternidad en la construcci\u00f3n de comunidades cohesionadas y pac\u00edficas.<\/p>\n\n\n\n<p class=\"wp-block-paragraph\">Entre los resultados del di\u00e1logo, los participantes destacaron que los creyentes, \u00absi bien deben dar testimonio cre\u00edble<br>de sus valores morales y convicciones de fe, jam\u00e1s deben eludir la tarea de fomentar la fraternidad mediante acciones concretas que promuevan la paz, la armon\u00eda y el bienestar de todos. Asimismo, subrayaron la importancia de fortalecer el respeto mutuo, la cooperaci\u00f3n y el compromiso compartido en la actualidad, sin dejar de estar arraigados en sus respectivas tradiciones religiosas\u00bb.<\/p>\n\n\n\n<p class=\"wp-block-paragraph\">Fuente <a href=\"https:\/\/www.vaticannews.va\/\">https:\/\/www.vaticannews.va\/<\/a><\/p>\n\n\n\n<figure class=\"wp-block-image size-full\"><img fetchpriority=\"high\" decoding=\"async\" width=\"635\" height=\"357\" src=\"https:\/\/www.focolaresciudadnueva.com\/wp-content\/uploads\/2026\/08\/image-35.png\" alt=\"\" class=\"wp-image-22398\" srcset=\"https:\/\/www.focolaresciudadnueva.com\/wp-content\/uploads\/2026\/08\/image-35.png 635w, https:\/\/www.focolaresciudadnueva.com\/wp-content\/uploads\/2026\/08\/image-35-300x169.png 300w, https:\/\/www.focolaresciudadnueva.com\/wp-content\/uploads\/2026\/08\/image-35-160x90.png 160w\" sizes=\"(max-width: 635px) 100vw, 635px\" \/><\/figure>\n","protected":false},"excerpt":{"rendered":"<p>Reafirmando el compromiso compartido de promover una cultura de encuentro y colaboraci\u00f3n para el bien com\u00fan,<br \/>\ncon el fin de construir la fraternidad y la paz en el mundo. <a href=\"https:\/\/www.focolaresciudadnueva.com\/inicio\/religiones-unidas-en-el-angelicum-trabajando-para-construircomunidades-de-paz\/\" class=\"more-link\">Continue reading <span class=\"screen-reader-text\">Religiones unidas en el Angelicum: trabajando para construir comunidades de paz<\/span><\/a><\/p>\n","protected":false},"author":4,"featured_media":22398,"comment_status":"open","ping_status":"closed","sticky":false,"template":"","format":"standard","meta":{"footnotes":""},"categories":[112],"tags":[],"class_list":["post-22397","post","type-post","status-publish","format-standard","has-post-thumbnail","hentry","category-ecumenismo"],"wpmagazine_modules_lite_featured_media_urls":{"thumbnail":["https:\/\/www.focolaresciudadnueva.com\/wp-content\/uploads\/2026\/08\/image-35-150x150.png",150,150,true],"cvmm-medium":["https:\/\/www.focolaresciudadnueva.com\/wp-content\/uploads\/2026\/08\/image-35-300x300.png",300,300,true],"cvmm-medium-plus":["https:\/\/www.focolaresciudadnueva.com\/wp-content\/uploads\/2026\/08\/image-35-305x207.png",305,207,true],"cvmm-portrait":["https:\/\/www.focolaresciudadnueva.com\/wp-content\/uploads\/2026\/08\/image-35-400x357.png",400,357,true],"cvmm-medium-square":["https:\/\/www.focolaresciudadnueva.com\/wp-content\/uploads\/2026\/08\/image-35-600x357.png",600,357,true],"cvmm-large":["https:\/\/www.focolaresciudadnueva.com\/wp-content\/uploads\/2026\/08\/image-35.png",635,357,false],"cvmm-small":["https:\/\/www.focolaresciudadnueva.com\/wp-content\/uploads\/2026\/08\/image-35-130x95.png",130,95,true],"full":["https:\/\/www.focolaresciudadnueva.com\/wp-content\/uploads\/2026\/08\/image-35.png",635,357,false]},"categories_names":{"112":{"name":"Ecumenismo","link":"https:\/\/www.focolaresciudadnueva.com\/inicio\/category\/ecumenismo\/"}},"tags_names":[],"comments_number":"0","_links":{"self":[{"href":"https:\/\/www.focolaresciudadnueva.com\/inicio\/wp-json\/wp\/v2\/posts\/22397","targetHints":{"allow":["GET"]}}],"collection":[{"href":"https:\/\/www.focolaresciudadnueva.com\/inicio\/wp-json\/wp\/v2\/posts"}],"about":[{"href":"https:\/\/www.focolaresciudadnueva.com\/inicio\/wp-json\/wp\/v2\/types\/post"}],"author":[{"embeddable":true,"href":"https:\/\/www.focolaresciudadnueva.com\/inicio\/wp-json\/wp\/v2\/users\/4"}],"replies":[{"embeddable":true,"href":"https:\/\/www.focolaresciudadnueva.com\/inicio\/wp-json\/wp\/v2\/comments?post=22397"}],"version-history":[{"count":2,"href":"https:\/\/www.focolaresciudadnueva.com\/inicio\/wp-json\/wp\/v2\/posts\/22397\/revisions"}],"predecessor-version":[{"id":22400,"href":"https:\/\/www.focolaresciudadnueva.com\/inicio\/wp-json\/wp\/v2\/posts\/22397\/revisions\/22400"}],"wp:featuredmedia":[{"embeddable":true,"href":"https:\/\/www.focolaresciudadnueva.com\/inicio\/wp-json\/wp\/v2\/media\/22398"}],"wp:attachment":[{"href":"https:\/\/www.focolaresciudadnueva.com\/inicio\/wp-json\/wp\/v2\/media?parent=22397"}],"wp:term":[{"taxonomy":"category","embeddable":true,"href":"https:\/\/www.focolaresciudadnueva.com\/inicio\/wp-json\/wp\/v2\/categories?post=22397"},{"taxonomy":"post_tag","embeddable":true,"href":"https:\/\/www.focolaresciudadnueva.com\/inicio\/wp-json\/wp\/v2\/tags?post=22397"}],"curies":[{"name":"wp","href":"https:\/\/api.w.org\/{rel}","templated":true}]}}