{"id":22394,"date":"2026-08-26T17:05:04","date_gmt":"2026-08-26T21:05:04","guid":{"rendered":"https:\/\/www.focolaresciudadnueva.com\/inicio\/?p=22394"},"modified":"2026-08-30T17:12:36","modified_gmt":"2026-08-30T21:12:36","slug":"venezuela-unidad-a-gran-escala","status":"publish","type":"post","link":"https:\/\/www.focolaresciudadnueva.com\/inicio\/venezuela-unidad-a-gran-escala\/","title":{"rendered":"Venezuela: unidad a gran escala"},"content":{"rendered":"\n<p class=\"wp-block-paragraph\">\u201cEstos gestos de amor concreto a los m\u00e1s vulnerables, en este momento, son posibles gracias a la fuerza de la unidad a gran escala\u201d. As\u00ed nos cuenta Taide:<\/p>\n\n\n\n<p class=\"wp-block-paragraph\">La experiencia con el reciente terremoto fue abrumadora desde todo punto de vista. Me nac\u00eda de preguntarle a Dios,<br>\u00bfQu\u00e9 m\u00e1s quieres pedir a este pueblo, Se\u00f1or? La vida para el venezolano tiene ahora otro sentido, otra raz\u00f3n.<\/p>\n\n\n\n<p class=\"wp-block-paragraph\">En estas casi tres d\u00e9cadas hemos vivido \u201cterremotos\u201d sociales, econ\u00f3micos, pol\u00edticos verdaderamente desbastadores, pero nada como esto.<\/p>\n\n\n\n<p class=\"wp-block-paragraph\">Diversamente a la lenta respuesta del gobierno, con inmensa alegr\u00eda puedo confirmar que el don inmenso de la unidad nos dio el empuje para encontrarnos y dar respuesta casi inmediata a las necesidades, para enfrentar las situaciones, ayudar sin perder tiempo.<\/p>\n\n\n\n<p class=\"wp-block-paragraph\">El Movimiento de los Focolares en el mundo: todos respondieron inmediatamente. \u00a1La Unidad nos lanza a vivir por Venezuela \u00a1Confirmo que a pesar de shock que viv\u00ed, me siento sostenida como nunca por esta realidad de unidad y de las personas que nos aman! Fuerza y compromiso en primera l\u00ednea junto a los miembros del Movimiento y, por supuesto, una inmensa paz y alegr\u00eda de poder hacerlo.<\/p>\n\n\n\n<p class=\"wp-block-paragraph\">Establecimos de inmediato el equipo de Emergencia para dar respuesta a la primera fase: alimentos, medicinas, hospedaje, productos de higiene personal, gastos operativos. Dimos inicio a una campa\u00f1a de recolecci\u00f3n de fondos e insumos en Venezuela y entre nuestros contactos, la respuesta super\u00f3 nuestras expectativas. A la fecha hemos ayudado a muchas personas, y no solo del Movimiento. Contempor\u00e1neamente, la Coordinaci\u00f3n de Emergencias del Movimiento de los Focolares ha puesto en marcha una recaudaci\u00f3n extraordinaria de fondos en apoyo de la poblaci\u00f3n de Venezuela, a trav\u00e9s de Acci\u00f3n por un Mundo Unido (AMU) y Acci\u00f3n por Familias Nuevas (AFN). Hemos sabido que ha sido muy generosa. <\/p>\n\n\n\n<p class=\"wp-block-paragraph\">Tambi\u00e9n, a ra\u00edz de los terremotos, la Conferencia Episcopal de Venezuela, a trav\u00e9s del Centro Cultura, Educaci\u00f3n y Comunicaci\u00f3n, ide\u00f3 un proyecto ambicioso de Educaci\u00f3n en Emergencia (nueva modalidad) invitando a todos los docentes (Somos docentes de preescolar y primaria, psicopedagogos, psic\u00f3logos, trabajadores sociales). Este proyecto se realizar\u00e1 en los Campamentos transitorios (refugios). Yo sent\u00ed enseguida que este proyecto era mi manera de construir, de estar cerca a los m\u00e1s vulnerables: los ni\u00f1os. Hay centenares de ni\u00f1os hu\u00e9rfanos, heridos, mutilados, traumatizados.<\/p>\n\n\n\n<p class=\"wp-block-paragraph\">El proyecto se llama TALITA KUM, c\u00f3mo un aliento para levantarnos de la cat\u00e1strofe. Est\u00e1 dirigido a ni\u00f1os y adolescentes en los Campamentos transitorios. Hay 21.705 personas damnificadas en 117 refugios entre La Guaira, Caracas, Aragua. Es un servicio voluntario, sin sueldo.<\/p>\n\n\n\n<p class=\"wp-block-paragraph\">Este proyecto me tiene muy emocionada y activa, tambi\u00e9n siento miedo. Sin embargo, por ser un equipo multidisciplinario, tenemos herramientas y cada uno aporta, dona, da confianza al otro.<\/p>\n\n\n\n<p class=\"wp-block-paragraph\">En este momento nos encontramos en la fase de contactar estos campamentos, presentarnos y dar a conocer lo que<br>haremos. Por otro lado, trabaj\u00e9 varios a\u00f1os en una embajada en Venezuela. Dicha sede diplom\u00e1tica fue cerrada por motivos pol\u00edticos. Antes de cerrar la embajada, hicimos un trabajo de repatriaci\u00f3n de casi 70 costarricenses que se encontraban en Venezuela en situaci\u00f3n de vulnerabilidad. Fue un trabajo hermoso, digno, de cercan\u00eda con cada persona. Adem\u00e1s, esto me permiti\u00f3 estrechar un v\u00ednculo fraternal con varios jefes de canciller\u00eda.<\/p>\n\n\n\n<p class=\"wp-block-paragraph\">Por el terremoto, una de las jefas de la Direcci\u00f3n de Servicio Exterior, me escribi\u00f3 para saber c\u00f3mo me encontraba y si sab\u00eda de alg\u00fan costarricense que estuviera herido o necesitara ayuda. Esto me llen\u00f3 de alegr\u00eda por este inter\u00e9s humanitario hacia las personas. Al d\u00eda siguiente me escribi\u00f3 de nuevo para decirme que el director de Departamento Consular de Canciller\u00eda quer\u00eda tener una conversaci\u00f3n conmigo. Por supuesto me puse a disposici\u00f3n. En esta conversaci\u00f3n, me pidieron si yo pod\u00eda contactar a los costarricenses (con los que tuviera contacto), para conocer su situaci\u00f3n ante esta tragedia.<\/p>\n\n\n\n<p class=\"wp-block-paragraph\">Me puse en acci\u00f3n y pude contactar a diez costarricenses, de los cuales, una vive en la ZONA CERO, adulta mayor, sin hijos en el pa\u00eds y muy cerca de los edificios que colapsaron. Pude visitarla, tomar fotograf\u00edas, y hacer una breve relaci\u00f3n para el director del departamento consular. El inter\u00e9s que manifestaron por esta se\u00f1ora me dio mucha paz. Luego, fue contactada personalmente por el director para conocer m\u00e1s detalles de su situaci\u00f3n.<\/p>\n\n\n\n<p class=\"wp-block-paragraph\"><br><strong><em>Por Taide Mar\u00eda Moclet\u00f3n- Venezuela<\/em><\/strong><\/p>\n\n\n\n<figure class=\"wp-block-image size-full\"><img fetchpriority=\"high\" decoding=\"async\" width=\"978\" height=\"500\" src=\"https:\/\/www.focolaresciudadnueva.com\/wp-content\/uploads\/2026\/08\/image-34.png\" alt=\"\" class=\"wp-image-22395\" srcset=\"https:\/\/www.focolaresciudadnueva.com\/wp-content\/uploads\/2026\/08\/image-34.png 978w, https:\/\/www.focolaresciudadnueva.com\/wp-content\/uploads\/2026\/08\/image-34-300x153.png 300w, https:\/\/www.focolaresciudadnueva.com\/wp-content\/uploads\/2026\/08\/image-34-767x392.png 767w, https:\/\/www.focolaresciudadnueva.com\/wp-content\/uploads\/2026\/08\/image-34-176x90.png 176w, https:\/\/www.focolaresciudadnueva.com\/wp-content\/uploads\/2026\/08\/image-34-750x383.png 750w\" sizes=\"(max-width: 978px) 100vw, 978px\" \/><\/figure>\n","protected":false},"excerpt":{"rendered":"<p>Este proyecto me tiene muy emocionada y activa, tambi\u00e9n siento miedo. Sin embargo, por ser un equipo multidisciplinario, tenemos herramientas y cada uno aporta, dona, da confianza al otro. <a href=\"https:\/\/www.focolaresciudadnueva.com\/inicio\/venezuela-unidad-a-gran-escala\/\" class=\"more-link\">Continue reading <span class=\"screen-reader-text\">Venezuela: unidad a gran escala<\/span><\/a><\/p>\n","protected":false},"author":4,"featured_media":22395,"comment_status":"closed","ping_status":"closed","sticky":false,"template":"","format":"standard","meta":{"footnotes":""},"categories":[59,67,87],"tags":[],"class_list":["post-22394","post","type-post","status-publish","format-standard","has-post-thumbnail","hentry","category-destacadas","category-experiencias","category-venezuela"],"wpmagazine_modules_lite_featured_media_urls":{"thumbnail":["https:\/\/www.focolaresciudadnueva.com\/wp-content\/uploads\/2026\/08\/image-34-150x150.png",150,150,true],"cvmm-medium":["https:\/\/www.focolaresciudadnueva.com\/wp-content\/uploads\/2026\/08\/image-34-300x300.png",300,300,true],"cvmm-medium-plus":["https:\/\/www.focolaresciudadnueva.com\/wp-content\/uploads\/2026\/08\/image-34-305x207.png",305,207,true],"cvmm-portrait":["https:\/\/www.focolaresciudadnueva.com\/wp-content\/uploads\/2026\/08\/image-34-400x500.png",400,500,true],"cvmm-medium-square":["https:\/\/www.focolaresciudadnueva.com\/wp-content\/uploads\/2026\/08\/image-34-600x500.png",600,500,true],"cvmm-large":["https:\/\/www.focolaresciudadnueva.com\/wp-content\/uploads\/2026\/08\/image-34.png",978,500,false],"cvmm-small":["https:\/\/www.focolaresciudadnueva.com\/wp-content\/uploads\/2026\/08\/image-34-130x95.png",130,95,true],"full":["https:\/\/www.focolaresciudadnueva.com\/wp-content\/uploads\/2026\/08\/image-34.png",978,500,false]},"categories_names":{"59":{"name":"Destacadas","link":"https:\/\/www.focolaresciudadnueva.com\/inicio\/category\/destacadas\/"},"67":{"name":"Experiencias","link":"https:\/\/www.focolaresciudadnueva.com\/inicio\/category\/experiencias\/"},"87":{"name":"Venezuela","link":"https:\/\/www.focolaresciudadnueva.com\/inicio\/category\/venezuela\/"}},"tags_names":[],"comments_number":"0","_links":{"self":[{"href":"https:\/\/www.focolaresciudadnueva.com\/inicio\/wp-json\/wp\/v2\/posts\/22394","targetHints":{"allow":["GET"]}}],"collection":[{"href":"https:\/\/www.focolaresciudadnueva.com\/inicio\/wp-json\/wp\/v2\/posts"}],"about":[{"href":"https:\/\/www.focolaresciudadnueva.com\/inicio\/wp-json\/wp\/v2\/types\/post"}],"author":[{"embeddable":true,"href":"https:\/\/www.focolaresciudadnueva.com\/inicio\/wp-json\/wp\/v2\/users\/4"}],"replies":[{"embeddable":true,"href":"https:\/\/www.focolaresciudadnueva.com\/inicio\/wp-json\/wp\/v2\/comments?post=22394"}],"version-history":[{"count":1,"href":"https:\/\/www.focolaresciudadnueva.com\/inicio\/wp-json\/wp\/v2\/posts\/22394\/revisions"}],"predecessor-version":[{"id":22396,"href":"https:\/\/www.focolaresciudadnueva.com\/inicio\/wp-json\/wp\/v2\/posts\/22394\/revisions\/22396"}],"wp:featuredmedia":[{"embeddable":true,"href":"https:\/\/www.focolaresciudadnueva.com\/inicio\/wp-json\/wp\/v2\/media\/22395"}],"wp:attachment":[{"href":"https:\/\/www.focolaresciudadnueva.com\/inicio\/wp-json\/wp\/v2\/media?parent=22394"}],"wp:term":[{"taxonomy":"category","embeddable":true,"href":"https:\/\/www.focolaresciudadnueva.com\/inicio\/wp-json\/wp\/v2\/categories?post=22394"},{"taxonomy":"post_tag","embeddable":true,"href":"https:\/\/www.focolaresciudadnueva.com\/inicio\/wp-json\/wp\/v2\/tags?post=22394"}],"curies":[{"name":"wp","href":"https:\/\/api.w.org\/{rel}","templated":true}]}}