{"id":21543,"date":"2026-03-15T16:27:19","date_gmt":"2026-03-15T20:27:19","guid":{"rendered":"https:\/\/www.focolaresciudadnueva.com\/inicio\/?p=21543"},"modified":"2026-03-15T16:27:20","modified_gmt":"2026-03-15T20:27:20","slug":"dias-de-bendiciones-en-la-ceja-visita-de-paola-a-la-comunidad","status":"publish","type":"post","link":"https:\/\/www.focolaresciudadnueva.com\/inicio\/dias-de-bendiciones-en-la-ceja-visita-de-paola-a-la-comunidad\/","title":{"rendered":"D\u00edas de bendiciones en La Ceja, visita de Paola a la comunidad"},"content":{"rendered":"\n<figure class=\"wp-block-image size-large\"><img fetchpriority=\"high\" decoding=\"async\" width=\"682\" height=\"1024\" src=\"https:\/\/www.focolaresciudadnueva.com\/wp-content\/uploads\/2026\/03\/image-14-682x1024.png\" alt=\"\" class=\"wp-image-21544\" srcset=\"https:\/\/www.focolaresciudadnueva.com\/wp-content\/uploads\/2026\/03\/image-14-682x1024.png 682w, https:\/\/www.focolaresciudadnueva.com\/wp-content\/uploads\/2026\/03\/image-14-200x300.png 200w, https:\/\/www.focolaresciudadnueva.com\/wp-content\/uploads\/2026\/03\/image-14-768x1153.png 768w, https:\/\/www.focolaresciudadnueva.com\/wp-content\/uploads\/2026\/03\/image-14-1023x1536.png 1023w, https:\/\/www.focolaresciudadnueva.com\/wp-content\/uploads\/2026\/03\/image-14-400x600.png 400w, https:\/\/www.focolaresciudadnueva.com\/wp-content\/uploads\/2026\/03\/image-14-60x90.png 60w, https:\/\/www.focolaresciudadnueva.com\/wp-content\/uploads\/2026\/03\/image-14-360x540.png 360w, https:\/\/www.focolaresciudadnueva.com\/wp-content\/uploads\/2026\/03\/image-14-750x1126.png 750w, https:\/\/www.focolaresciudadnueva.com\/wp-content\/uploads\/2026\/03\/image-14.png 1066w\" sizes=\"(max-width: 682px) 100vw, 682px\" \/><\/figure>\n\n\n\n<p><\/p>\n\n\n\n<p class=\"has-medium-font-size\"><strong>Visita de Paola \u2013 foc. Cartagena \u2013 a la comunidad de La Ceja (13,14,15 febrero 2026)<\/strong><\/p>\n\n\n\n<p class=\"has-medium-font-size\">\u00a1Los d\u00edas vividos en la Ceja el pasado fin de semana, fueron de muchas bendiciones!<\/p>\n\n\n\n<p class=\"has-medium-font-size\">Empezando por el s\u00e1bado, fuimos como primera cosa a visitar el Centro de las hermanas de Caridad de Santa Mar\u00eda, fundadas por la Madre Clariach.&nbsp; En esta Escuela hay un comedor para ni\u00f1os de alto riesgo y las hermanas hacen todo un trabajo de acogida, le dan comida, hacen con ellos las tareas escolares, actividades musicales, de arte, l\u00fadicas.&nbsp; Se est\u00e1 pensando que tal vez se podr\u00eda hacer una acci\u00f3n permanente de la comunidad de la Ceja como voluntariado para ayudar a las hermanas con estos ni\u00f1os.<\/p>\n\n\n\n<p><\/p>\n\n\n<div class=\"wp-block-image\">\n<figure class=\"aligncenter size-full\"><img decoding=\"async\" width=\"433\" height=\"321\" src=\"https:\/\/www.focolaresciudadnueva.com\/wp-content\/uploads\/2026\/03\/image-15.png\" alt=\"\" class=\"wp-image-21545\" srcset=\"https:\/\/www.focolaresciudadnueva.com\/wp-content\/uploads\/2026\/03\/image-15.png 433w, https:\/\/www.focolaresciudadnueva.com\/wp-content\/uploads\/2026\/03\/image-15-300x222.png 300w, https:\/\/www.focolaresciudadnueva.com\/wp-content\/uploads\/2026\/03\/image-15-130x95.png 130w, https:\/\/www.focolaresciudadnueva.com\/wp-content\/uploads\/2026\/03\/image-15-121x90.png 121w\" sizes=\"(max-width: 433px) 100vw, 433px\" \/><\/figure>\n<\/div>\n\n\n<p><\/p>\n\n\n\n<p class=\"has-medium-font-size\">Despu\u00e9s de eso fuimos a la Eucarist\u00eda en una linda capilla que se llama Chiquinquir\u00e1, poniendo en las manos de Dios todas nuestras realidades.<\/p>\n\n\n\n<p class=\"has-medium-font-size\">Luego compartimos una rica merienda donde estaba presente tambi\u00e9n el seminarista Edinson de Florencia Caquet\u00e1, que pero en este momento est\u00e1 en el seminario de la Ceja, muy contento y muy comprometido con el Ideal.<\/p>\n\n\n\n<p><\/p>\n\n\n<div class=\"wp-block-image\">\n<figure class=\"aligncenter size-full\"><img decoding=\"async\" width=\"446\" height=\"595\" src=\"https:\/\/www.focolaresciudadnueva.com\/wp-content\/uploads\/2026\/03\/image-29.png\" alt=\"\" class=\"wp-image-21560\" srcset=\"https:\/\/www.focolaresciudadnueva.com\/wp-content\/uploads\/2026\/03\/image-29.png 446w, https:\/\/www.focolaresciudadnueva.com\/wp-content\/uploads\/2026\/03\/image-29-225x300.png 225w, https:\/\/www.focolaresciudadnueva.com\/wp-content\/uploads\/2026\/03\/image-29-67x90.png 67w, https:\/\/www.focolaresciudadnueva.com\/wp-content\/uploads\/2026\/03\/image-29-360x480.png 360w\" sizes=\"(max-width: 446px) 100vw, 446px\" \/><\/figure>\n<\/div>\n\n\n<p><\/p>\n\n\n\n<p class=\"has-medium-font-size\">Fuimos a almorzar, y despu\u00e9s en la Escuela de La Lomitas que es animada por Diana Cristina, que fue una gen y que todo lo que hace es fruto del Ideal en su vida, con ni\u00f1os rurales.&nbsp; Nos mostr\u00f3 muchas cosas muy lindas de la Escuela que hace con una pasi\u00f3n, un amor y un cari\u00f1o espectaculares.<\/p>\n\n\n\n<p><\/p>\n\n\n<div class=\"wp-block-image\">\n<figure class=\"aligncenter size-full\"><img loading=\"lazy\" decoding=\"async\" width=\"650\" height=\"434\" src=\"https:\/\/www.focolaresciudadnueva.com\/wp-content\/uploads\/2026\/03\/image-24.png\" alt=\"\" class=\"wp-image-21557\" srcset=\"https:\/\/www.focolaresciudadnueva.com\/wp-content\/uploads\/2026\/03\/image-24.png 650w, https:\/\/www.focolaresciudadnueva.com\/wp-content\/uploads\/2026\/03\/image-24-300x200.png 300w, https:\/\/www.focolaresciudadnueva.com\/wp-content\/uploads\/2026\/03\/image-24-135x90.png 135w\" sizes=\"(max-width: 650px) 100vw, 650px\" \/><\/figure>\n<\/div>\n\n<div class=\"wp-block-image\">\n<figure class=\"aligncenter size-full\"><img loading=\"lazy\" decoding=\"async\" width=\"657\" height=\"439\" src=\"https:\/\/www.focolaresciudadnueva.com\/wp-content\/uploads\/2026\/03\/image-30.png\" alt=\"\" class=\"wp-image-21558\" srcset=\"https:\/\/www.focolaresciudadnueva.com\/wp-content\/uploads\/2026\/03\/image-30.png 657w, https:\/\/www.focolaresciudadnueva.com\/wp-content\/uploads\/2026\/03\/image-30-300x200.png 300w, https:\/\/www.focolaresciudadnueva.com\/wp-content\/uploads\/2026\/03\/image-30-135x90.png 135w\" sizes=\"(max-width: 657px) 100vw, 657px\" \/><\/figure>\n<\/div>\n\n<div class=\"wp-block-image\">\n<figure class=\"aligncenter size-full is-resized\"><img loading=\"lazy\" decoding=\"async\" width=\"526\" height=\"352\" src=\"https:\/\/www.focolaresciudadnueva.com\/wp-content\/uploads\/2026\/03\/image-23.png\" alt=\"\" class=\"wp-image-21554\" style=\"width:658px;height:auto\" srcset=\"https:\/\/www.focolaresciudadnueva.com\/wp-content\/uploads\/2026\/03\/image-23.png 526w, https:\/\/www.focolaresciudadnueva.com\/wp-content\/uploads\/2026\/03\/image-23-300x201.png 300w, https:\/\/www.focolaresciudadnueva.com\/wp-content\/uploads\/2026\/03\/image-23-134x90.png 134w\" sizes=\"(max-width: 526px) 100vw, 526px\" \/><\/figure>\n<\/div>\n\n\n<p><\/p>\n\n\n\n<p class=\"has-medium-font-size\">En la tarde fuimos al encuentro de la Palabra de Vida en la casa de do\u00f1a Nena. \u00c9ramos casi 30 personas, desde 7 a\u00f1os hasta 90 y pico a\u00f1os; quien conoc\u00eda el Ideal hace 50 a\u00f1os, quien acababa de conocerlo, pero todos nos sent\u00edamos familia. Fue un momento muy rico. Nos presentamos alrededor de un lindo escrito de Chiara, compartimos una rica merienda, celebramos el cumplea\u00f1os&nbsp; de algunas personas que cumplieron a\u00f1os en estos d\u00edas, y compartimos la Palabra de Vida y varias experiencias.<\/p>\n\n\n\n<p><\/p>\n\n\n<div class=\"wp-block-image\">\n<figure class=\"aligncenter size-full is-resized\"><img loading=\"lazy\" decoding=\"async\" width=\"488\" height=\"326\" src=\"https:\/\/www.focolaresciudadnueva.com\/wp-content\/uploads\/2026\/03\/image-19.png\" alt=\"\" class=\"wp-image-21548\" style=\"width:510px;height:auto\" srcset=\"https:\/\/www.focolaresciudadnueva.com\/wp-content\/uploads\/2026\/03\/image-19.png 488w, https:\/\/www.focolaresciudadnueva.com\/wp-content\/uploads\/2026\/03\/image-19-300x200.png 300w, https:\/\/www.focolaresciudadnueva.com\/wp-content\/uploads\/2026\/03\/image-19-135x90.png 135w\" sizes=\"(max-width: 488px) 100vw, 488px\" \/><\/figure>\n<\/div>\n\n<div class=\"wp-block-image\">\n<figure class=\"aligncenter size-full\"><img loading=\"lazy\" decoding=\"async\" width=\"513\" height=\"343\" src=\"https:\/\/www.focolaresciudadnueva.com\/wp-content\/uploads\/2026\/03\/image-20.png\" alt=\"\" class=\"wp-image-21550\" srcset=\"https:\/\/www.focolaresciudadnueva.com\/wp-content\/uploads\/2026\/03\/image-20.png 513w, https:\/\/www.focolaresciudadnueva.com\/wp-content\/uploads\/2026\/03\/image-20-300x201.png 300w, https:\/\/www.focolaresciudadnueva.com\/wp-content\/uploads\/2026\/03\/image-20-135x90.png 135w\" sizes=\"(max-width: 513px) 100vw, 513px\" \/><\/figure>\n<\/div>\n\n<div class=\"wp-block-image\">\n<figure class=\"aligncenter size-full is-resized\"><img loading=\"lazy\" decoding=\"async\" width=\"490\" height=\"327\" src=\"https:\/\/www.focolaresciudadnueva.com\/wp-content\/uploads\/2026\/03\/image-18.png\" alt=\"\" class=\"wp-image-21547\" style=\"width:514px;height:auto\" srcset=\"https:\/\/www.focolaresciudadnueva.com\/wp-content\/uploads\/2026\/03\/image-18.png 490w, https:\/\/www.focolaresciudadnueva.com\/wp-content\/uploads\/2026\/03\/image-18-300x200.png 300w, https:\/\/www.focolaresciudadnueva.com\/wp-content\/uploads\/2026\/03\/image-18-135x90.png 135w\" sizes=\"(max-width: 490px) 100vw, 490px\" \/><\/figure>\n<\/div>\n\n<div class=\"wp-block-image\">\n<figure class=\"aligncenter size-full\"><img loading=\"lazy\" decoding=\"async\" width=\"517\" height=\"345\" src=\"https:\/\/www.focolaresciudadnueva.com\/wp-content\/uploads\/2026\/03\/image-17.png\" alt=\"\" class=\"wp-image-21546\" srcset=\"https:\/\/www.focolaresciudadnueva.com\/wp-content\/uploads\/2026\/03\/image-17.png 517w, https:\/\/www.focolaresciudadnueva.com\/wp-content\/uploads\/2026\/03\/image-17-300x200.png 300w, https:\/\/www.focolaresciudadnueva.com\/wp-content\/uploads\/2026\/03\/image-17-135x90.png 135w\" sizes=\"(max-width: 517px) 100vw, 517px\" \/><\/figure>\n<\/div>\n\n<div class=\"wp-block-image\">\n<figure class=\"aligncenter size-full is-resized\"><img loading=\"lazy\" decoding=\"async\" width=\"502\" height=\"335\" src=\"https:\/\/www.focolaresciudadnueva.com\/wp-content\/uploads\/2026\/03\/image-16.png\" alt=\"\" class=\"wp-image-21549\" style=\"width:516px;height:auto\" srcset=\"https:\/\/www.focolaresciudadnueva.com\/wp-content\/uploads\/2026\/03\/image-16.png 502w, https:\/\/www.focolaresciudadnueva.com\/wp-content\/uploads\/2026\/03\/image-16-300x200.png 300w, https:\/\/www.focolaresciudadnueva.com\/wp-content\/uploads\/2026\/03\/image-16-135x90.png 135w\" sizes=\"(max-width: 502px) 100vw, 502px\" \/><\/figure>\n<\/div>\n\n\n<p><\/p>\n\n\n\n<p class=\"has-medium-font-size\">En la noche fuimos a casa de Elkin y Claudia, para compartir una cena, conocernos a\u00fan m\u00e1s, jugar, charlar con mucha alegr\u00eda.<\/p>\n\n\n\n<p><\/p>\n\n\n<div class=\"wp-block-image\">\n<figure class=\"aligncenter size-full\"><img loading=\"lazy\" decoding=\"async\" width=\"590\" height=\"387\" src=\"https:\/\/www.focolaresciudadnueva.com\/wp-content\/uploads\/2026\/03\/image-31.png\" alt=\"\" class=\"wp-image-21561\" srcset=\"https:\/\/www.focolaresciudadnueva.com\/wp-content\/uploads\/2026\/03\/image-31.png 590w, https:\/\/www.focolaresciudadnueva.com\/wp-content\/uploads\/2026\/03\/image-31-300x197.png 300w, https:\/\/www.focolaresciudadnueva.com\/wp-content\/uploads\/2026\/03\/image-31-137x90.png 137w\" sizes=\"(max-width: 590px) 100vw, 590px\" \/><\/figure>\n<\/div>\n\n\n<p><\/p>\n\n\n\n<p class=\"has-medium-font-size\">El d\u00eda siguiente fuimos al parque de Tutuc\u00e1n en Rionegro, un lind\u00edsimo parque muy bien organizado, con muchas cosas para hacer y para ver, un espacio bonito que nos permiti\u00f3 crecer a\u00fan m\u00e1s en el conocimiento reciproco; dedicamos un tiempo a leer algunas peque\u00f1as meditaciones de Chiara, y terminamos con la Eucarist\u00eda en el mismo Parque, agradeciendo Dios por permitirnos vivir estos d\u00edas en plena unidad y con mucha alegr\u00eda.<\/p>\n\n\n\n<p><\/p>\n\n\n<div class=\"wp-block-image\">\n<figure class=\"aligncenter size-full\"><img loading=\"lazy\" decoding=\"async\" width=\"380\" height=\"505\" src=\"https:\/\/www.focolaresciudadnueva.com\/wp-content\/uploads\/2026\/03\/image-25.png\" alt=\"\" class=\"wp-image-21559\" srcset=\"https:\/\/www.focolaresciudadnueva.com\/wp-content\/uploads\/2026\/03\/image-25.png 380w, https:\/\/www.focolaresciudadnueva.com\/wp-content\/uploads\/2026\/03\/image-25-226x300.png 226w, https:\/\/www.focolaresciudadnueva.com\/wp-content\/uploads\/2026\/03\/image-25-68x90.png 68w\" sizes=\"(max-width: 380px) 100vw, 380px\" \/><\/figure>\n<\/div>\n\n<div class=\"wp-block-image\">\n<figure class=\"aligncenter size-full\"><img loading=\"lazy\" decoding=\"async\" width=\"390\" height=\"481\" src=\"https:\/\/www.focolaresciudadnueva.com\/wp-content\/uploads\/2026\/03\/image-26.png\" alt=\"\" class=\"wp-image-21553\" srcset=\"https:\/\/www.focolaresciudadnueva.com\/wp-content\/uploads\/2026\/03\/image-26.png 390w, https:\/\/www.focolaresciudadnueva.com\/wp-content\/uploads\/2026\/03\/image-26-243x300.png 243w, https:\/\/www.focolaresciudadnueva.com\/wp-content\/uploads\/2026\/03\/image-26-73x90.png 73w\" sizes=\"(max-width: 390px) 100vw, 390px\" \/><\/figure>\n<\/div>\n\n<div class=\"wp-block-image\">\n<figure class=\"aligncenter size-full\"><img loading=\"lazy\" decoding=\"async\" width=\"501\" height=\"372\" src=\"https:\/\/www.focolaresciudadnueva.com\/wp-content\/uploads\/2026\/03\/image-28.png\" alt=\"\" class=\"wp-image-21552\" srcset=\"https:\/\/www.focolaresciudadnueva.com\/wp-content\/uploads\/2026\/03\/image-28.png 501w, https:\/\/www.focolaresciudadnueva.com\/wp-content\/uploads\/2026\/03\/image-28-300x223.png 300w, https:\/\/www.focolaresciudadnueva.com\/wp-content\/uploads\/2026\/03\/image-28-121x90.png 121w\" sizes=\"(max-width: 501px) 100vw, 501px\" \/><\/figure>\n<\/div>\n\n<div class=\"wp-block-image\">\n<figure class=\"aligncenter size-full\"><img loading=\"lazy\" decoding=\"async\" width=\"340\" height=\"451\" src=\"https:\/\/www.focolaresciudadnueva.com\/wp-content\/uploads\/2026\/03\/image-21.png\" alt=\"\" class=\"wp-image-21555\" srcset=\"https:\/\/www.focolaresciudadnueva.com\/wp-content\/uploads\/2026\/03\/image-21.png 340w, https:\/\/www.focolaresciudadnueva.com\/wp-content\/uploads\/2026\/03\/image-21-226x300.png 226w, https:\/\/www.focolaresciudadnueva.com\/wp-content\/uploads\/2026\/03\/image-21-68x90.png 68w\" sizes=\"(max-width: 340px) 100vw, 340px\" \/><\/figure>\n<\/div>\n\n<div class=\"wp-block-image\">\n<figure class=\"aligncenter size-full\"><img loading=\"lazy\" decoding=\"async\" width=\"596\" height=\"449\" src=\"https:\/\/www.focolaresciudadnueva.com\/wp-content\/uploads\/2026\/03\/image-27.png\" alt=\"\" class=\"wp-image-21556\" srcset=\"https:\/\/www.focolaresciudadnueva.com\/wp-content\/uploads\/2026\/03\/image-27.png 596w, https:\/\/www.focolaresciudadnueva.com\/wp-content\/uploads\/2026\/03\/image-27-300x226.png 300w, https:\/\/www.focolaresciudadnueva.com\/wp-content\/uploads\/2026\/03\/image-27-119x90.png 119w\" sizes=\"(max-width: 596px) 100vw, 596px\" \/><\/figure>\n<\/div>\n\n<div class=\"wp-block-image\">\n<figure class=\"aligncenter size-full\"><img loading=\"lazy\" decoding=\"async\" width=\"348\" height=\"463\" src=\"https:\/\/www.focolaresciudadnueva.com\/wp-content\/uploads\/2026\/03\/image-22.png\" alt=\"\" class=\"wp-image-21551\" srcset=\"https:\/\/www.focolaresciudadnueva.com\/wp-content\/uploads\/2026\/03\/image-22.png 348w, https:\/\/www.focolaresciudadnueva.com\/wp-content\/uploads\/2026\/03\/image-22-225x300.png 225w, https:\/\/www.focolaresciudadnueva.com\/wp-content\/uploads\/2026\/03\/image-22-68x90.png 68w\" sizes=\"(max-width: 348px) 100vw, 348px\" \/><\/figure>\n<\/div>\n\n\n<p class=\"has-medium-font-size\">Agradeciendo a Dios por permitirnos vivir estos d\u00edas\u2026 que alguien defini\u00f3 como una peque\u00f1a Mariapolis.<\/p>\n\n\n\n<p class=\"has-medium-font-size\">&nbsp;&nbsp;&nbsp;&nbsp;&nbsp;&nbsp;&nbsp;&nbsp;&nbsp;&nbsp;&nbsp;&nbsp;&nbsp;&nbsp;&nbsp;&nbsp;&nbsp;&nbsp;&nbsp;&nbsp;&nbsp;&nbsp;&nbsp;&nbsp;&nbsp;&nbsp;&nbsp;&nbsp;&nbsp;&nbsp;&nbsp;&nbsp;&nbsp;&nbsp;&nbsp;&nbsp;&nbsp;&nbsp;&nbsp;&nbsp;&nbsp;&nbsp;&nbsp;&nbsp;&nbsp;&nbsp;&nbsp;&nbsp;&nbsp;&nbsp;&nbsp;&nbsp;&nbsp;&nbsp;&nbsp;&nbsp;&nbsp;&nbsp;&nbsp;&nbsp;&nbsp;Con mucho cari\u00f1o, la comunidad de La Ceja<\/p>\n","protected":false},"excerpt":{"rendered":"<p>\u00a1Los d\u00edas vividos en la Ceja el pasado fin de semana, fueron de muchas bendiciones! <a href=\"https:\/\/www.focolaresciudadnueva.com\/inicio\/dias-de-bendiciones-en-la-ceja-visita-de-paola-a-la-comunidad\/\" class=\"more-link\">Continue reading <span class=\"screen-reader-text\">D\u00edas de bendiciones en La Ceja, visita de Paola a la comunidad<\/span><\/a><\/p>\n","protected":false},"author":4,"featured_media":21556,"comment_status":"closed","ping_status":"closed","sticky":false,"template":"","format":"standard","meta":{"footnotes":""},"categories":[162],"tags":[],"class_list":["post-21543","post","type-post","status-publish","format-standard","has-post-thumbnail","hentry","category-comunidades"],"wpmagazine_modules_lite_featured_media_urls":{"thumbnail":["https:\/\/www.focolaresciudadnueva.com\/wp-content\/uploads\/2026\/03\/image-27-150x150.png",150,150,true],"cvmm-medium":["https:\/\/www.focolaresciudadnueva.com\/wp-content\/uploads\/2026\/03\/image-27-300x300.png",300,300,true],"cvmm-medium-plus":["https:\/\/www.focolaresciudadnueva.com\/wp-content\/uploads\/2026\/03\/image-27-305x207.png",305,207,true],"cvmm-portrait":["https:\/\/www.focolaresciudadnueva.com\/wp-content\/uploads\/2026\/03\/image-27-400x449.png",400,449,true],"cvmm-medium-square":["https:\/\/www.focolaresciudadnueva.com\/wp-content\/uploads\/2026\/03\/image-27.png",596,449,false],"cvmm-large":["https:\/\/www.focolaresciudadnueva.com\/wp-content\/uploads\/2026\/03\/image-27.png",596,449,false],"cvmm-small":["https:\/\/www.focolaresciudadnueva.com\/wp-content\/uploads\/2026\/03\/image-27-130x95.png",130,95,true],"full":["https:\/\/www.focolaresciudadnueva.com\/wp-content\/uploads\/2026\/03\/image-27.png",596,449,false]},"categories_names":{"162":{"name":"Comunidades","link":"https:\/\/www.focolaresciudadnueva.com\/inicio\/category\/comunidades\/"}},"tags_names":[],"comments_number":"0","_links":{"self":[{"href":"https:\/\/www.focolaresciudadnueva.com\/inicio\/wp-json\/wp\/v2\/posts\/21543","targetHints":{"allow":["GET"]}}],"collection":[{"href":"https:\/\/www.focolaresciudadnueva.com\/inicio\/wp-json\/wp\/v2\/posts"}],"about":[{"href":"https:\/\/www.focolaresciudadnueva.com\/inicio\/wp-json\/wp\/v2\/types\/post"}],"author":[{"embeddable":true,"href":"https:\/\/www.focolaresciudadnueva.com\/inicio\/wp-json\/wp\/v2\/users\/4"}],"replies":[{"embeddable":true,"href":"https:\/\/www.focolaresciudadnueva.com\/inicio\/wp-json\/wp\/v2\/comments?post=21543"}],"version-history":[{"count":4,"href":"https:\/\/www.focolaresciudadnueva.com\/inicio\/wp-json\/wp\/v2\/posts\/21543\/revisions"}],"predecessor-version":[{"id":21565,"href":"https:\/\/www.focolaresciudadnueva.com\/inicio\/wp-json\/wp\/v2\/posts\/21543\/revisions\/21565"}],"wp:featuredmedia":[{"embeddable":true,"href":"https:\/\/www.focolaresciudadnueva.com\/inicio\/wp-json\/wp\/v2\/media\/21556"}],"wp:attachment":[{"href":"https:\/\/www.focolaresciudadnueva.com\/inicio\/wp-json\/wp\/v2\/media?parent=21543"}],"wp:term":[{"taxonomy":"category","embeddable":true,"href":"https:\/\/www.focolaresciudadnueva.com\/inicio\/wp-json\/wp\/v2\/categories?post=21543"},{"taxonomy":"post_tag","embeddable":true,"href":"https:\/\/www.focolaresciudadnueva.com\/inicio\/wp-json\/wp\/v2\/tags?post=21543"}],"curies":[{"name":"wp","href":"https:\/\/api.w.org\/{rel}","templated":true}]}}