{"id":21530,"date":"2026-03-13T08:03:47","date_gmt":"2026-03-13T12:03:47","guid":{"rendered":"https:\/\/www.focolaresciudadnueva.com\/inicio\/?p=21530"},"modified":"2026-03-28T09:04:15","modified_gmt":"2026-03-28T13:04:15","slug":"margaret-karram-y-roberto-almada-son-elegidos-como-presidente-y-copresidente-de-los-focolares","status":"publish","type":"post","link":"https:\/\/www.focolaresciudadnueva.com\/inicio\/margaret-karram-y-roberto-almada-son-elegidos-como-presidente-y-copresidente-de-los-focolares\/","title":{"rendered":"Margaret Karram y Roberto Almada, son elegidos como Presidente y Copresidente de Los Focolares"},"content":{"rendered":"\n<p class=\"has-medium-font-size\"><em>Margaret Karram ha sido reelegida Presidenta del Movimiento de los Focolares. El nuevo Copresidente es Roberto Almada, focolarino sacerdote argentino.<\/em><br><\/p>\n\n\n\n<p><strong><em>13 de marzo de 2026<\/em><\/strong><\/p>\n\n\n\n<p>Con m\u00e1s de dos tercios de los votos de los participantes en la Asamblea General y un largo aplauso, Margaret Karram fue reelegida ayer, 12 de marzo de 2026, Presidenta del Movimiento de los Focolares para un segundo mandato (2026-2031).<\/p>\n\n\n\n<p>\u00ab&nbsp;<em>Con la gracia de Dios y vuestra ayuda, acepto. Me conmovi\u00f3 profundamente el Salmo 94 de la liturgia de hoy: \u201cEscuchad hoy la voz del Se\u00f1or; no endurezc\u00e1is vuestros corazones\u201d. A este nuevo llamado, renuevo mi \u201cs\u00ed\u201d, mi pleno compromiso con Dios, junto con todos vosotros, al servicio de la Iglesia, del Movimiento y de la humanidad<\/em>&nbsp;.\u00bb &nbsp;<\/p>\n\n\n\n<p>Estas son las primeras palabras de Margaret Karram, pocos minutos despu\u00e9s de ser elegida Presidenta del Movimiento de los Focolares, el 12 de marzo de 2026, para un segundo mandato de cinco a\u00f1os.<\/p>\n\n\n\n<p>Fue reelegida por los 261 participantes con derecho a voto, que representan a las comunidades de los Focolares de los cinco continentes, que participan en la Asamblea General del 1 al 21 de marzo.<\/p>\n\n\n\n<p>El nuevo copresidente es Roberto Almada, sacerdote focolarino argentino, elegido tambi\u00e9n por mayor\u00eda de dos tercios. Sucede a Jes\u00fas Mor\u00e1n, quien ha concluido su segundo y \u00faltimo mandato (seg\u00fan el&nbsp;<a href=\"https:\/\/press.vatican.va\/content\/salastampa\/it\/bollettino\/pubblico\/2021\/06\/11\/0375\/00816.html\">Decreto<\/a>&nbsp;del Dicasterio para los Laicos, la Familia y la Vida del 11 de junio de 2021).<\/p>\n\n\n\n<p>\u00ab&nbsp;<em>Acepto esta elecci\u00f3n con la gracia de Dios y la protecci\u00f3n de Nuestra Se\u00f1ora\u00bb,<\/em>&nbsp;declar\u00f3 Almada&nbsp;<em>, \u00aby me entregar\u00e9 por completo, con toda mi fuerza, inteligencia y coraz\u00f3n; \u00a1pueden contar conmigo!\u00bb.<\/em><\/p>\n\n\n\n<p>Las elecciones fueron confirmadas por el Dicasterio para los Laicos, la Familia y la Vida, como autoridad competente de la Santa Sede, de conformidad con los Estatutos Generales del Movimiento de los Focolares (Obra de Mar\u00eda, art\u00edculos 79 y 88).<\/p>\n\n\n\n<p><strong>Margaret Karram, una vida de di\u00e1logo<\/strong><\/p>\n\n\n\n<figure class=\"wp-block-image\"><img decoding=\"async\" src=\"https:\/\/www.focolare.org\/wp-content\/uploads\/2026\/03\/03-2048x1996.jpg\" alt=\"\" class=\"wp-image-397300\"\/><\/figure>\n\n\n\n<p>Margaret Karram es la tercera presidenta del Movimiento de los Focolares, sucediendo a su fundadora, Chiara Lubich. Sucede a Maria Voce, quien falleci\u00f3 el 20 de junio de 2021.<\/p>\n\n\n\n<p>Nacida en Haifa, Israel, es una cristiana \u00e1rabe que creci\u00f3 en un entorno multirreligioso, desarrollando desde muy joven un fuerte compromiso con el di\u00e1logo entre diferentes culturas y religiones. En Estados Unidos, se licenci\u00f3 en Juda\u00edsmo por la Universidad Jud\u00eda Americana de Los \u00c1ngeles y posteriormente ocup\u00f3 cargos de responsabilidad en el Movimiento de Tierra Santa, trabajando simult\u00e1neamente durante 14 a\u00f1os en el Consulado General de Italia en Jerusal\u00e9n.<\/p>\n\n\n\n<p>Reconocida internacionalmente por su contribuci\u00f3n al di\u00e1logo interreligioso \u2014gan\u00f3 el Premio Monte Sion (2013) y el Premio Santa Rita (2016)\u2014, particip\u00f3 en la Invocaci\u00f3n por la Paz en los Jardines Vaticanos en 2014 junto al Papa Francisco y los presidentes de Israel y Palestina. Elegida presidenta del Movimiento de los Focolares por primera vez en 2021, ha intensificado la labor del Movimiento en el di\u00e1logo ecum\u00e9nico e interreligioso. Se reuni\u00f3 con el Patriarca Ecum\u00e9nico de Constantinopla, Bartolom\u00e9 I, y fue invitada al reciente S\u00ednodo de la Iglesia Cat\u00f3lica.<\/p>\n\n\n\n<p>En 2023, fue nombrada miembro del Dicasterio para los Laicos, la Familia y la Vida. Ha viajado a Asia, Am\u00e9rica, Europa y el Pac\u00edfico para reunirse con comunidades y organizaciones del Movimiento de los Focolares dedicadas al di\u00e1logo interreligioso. Entre los eventos recientes se incluyen Genfest 2024 en Brasil, el Foro de la Paz de Estados Unidos 2025 y la conferencia internacional que conmemor\u00f3 el d\u00e9cimo aniversario de&nbsp;<em>Laudato si&#8217;<\/em>&nbsp;. Junto con Monica Mondo, es coautora del libro&nbsp;<em>Per non battuto<\/em>&nbsp;(2023, Francescane Publishing) y, en 2025, public\u00f3&nbsp;<em>Prossimit\u00e0, via alla pace \u2013 Pagine di vita<\/em>&nbsp;(Citt\u00e0 Nuova Publishing), dedicado a la cultura de la fraternidad y el di\u00e1logo.<\/p>\n\n\n\n<p><strong>Roberto Almada es el nuevo Copresidente del Movimiento de los Focolares.<\/strong><\/p>\n\n\n\n<figure class=\"wp-block-image\"><img decoding=\"async\" src=\"https:\/\/www.focolare.org\/wp-content\/uploads\/2026\/03\/02-2048x2010.jpg\" alt=\"\" class=\"wp-image-397299\"\/><\/figure>\n\n\n\n<p>Roberto Almada es un sacerdote focolarino argentino, psiquiatra y psicoterapeuta. Doctor en Filosof\u00eda, fue cofundador de la Escuela de Logoterapia en Uruguay y Paraguay. Forma parte del equipo que coordina los programas de apoyo espiritual y psicol\u00f3gico del Instituto Universitario Sophia para Am\u00e9rica Latina y el Caribe y del Instituto Logos en Caserta, Italia. Su labor pastoral se ha centrado en las familias a trav\u00e9s del Movimiento Nuevas Familias, donde supervisa proyectos de apoyo a parejas.<\/p>\n\n\n\n<p>Autor del libro&nbsp;<em>\u00abEl cansancio de los buenos\u00bb<\/em>&nbsp;sobre la din\u00e1mica del burnout, traducido a varios idiomas (en Italia: \u00abIl burnout del buon samaritano\u00bb, Ed. Effat\u00e0) y coautor de \u00bb&nbsp;<em>Desaf\u00edo Parejas\u00bb<\/em>&nbsp;, ambos publicados por Ciudad Nueva. Fue consejero en el Centro Internacional Focolare de Rocca di Papa, Italia, de 1999 a 2009. Hasta 2026, vivi\u00f3 en Buenos Aires, trabajando para el Movimiento del Cono Sur en las \u00e1reas de evangelizaci\u00f3n, acompa\u00f1ando a comunidades locales donde facilit\u00f3 procesos de reorganizaci\u00f3n y cohesi\u00f3n, y de estudio.<\/p>\n\n\n\n<p>Ha adquirido una amplia experiencia en los \u00e1mbitos eclesial y educativo en varios pa\u00edses latinoamericanos, como Colombia, El Salvador, Chile, Uruguay, Paraguay y Argentina. Ha acompa\u00f1ado a sacerdotes, comunidades religiosas y docentes cat\u00f3licos en cursos y ejercicios espirituales, con especial \u00e9nfasis en el apoyo durante momentos de fatiga pastoral y el redescubrimiento del sentido de la misi\u00f3n. Asimismo, ha trabajado en orientaci\u00f3n juvenil y en el \u00e1mbito social con migrantes.<\/p>\n\n\n\n<p><strong>Lo que hace el Presidente del Movimiento de los Focolares<\/strong><\/p>\n\n\n\n<p>Seg\u00fan los Estatutos Generales, la Presidencia siempre estar\u00e1 confiada a una Focolarina consagrada con votos perpetuos: una elecci\u00f3n que evoca una presidencia laica y femenina, deseada por la fundadora Chiara Lubich y confirmada por San Juan Pablo II. La Presidenta est\u00e1 llamada a acompa\u00f1ar, con esp\u00edritu de unidad, a las comunidades de los Focolares presentes en 150 pa\u00edses, que acogen el mensaje evang\u00e9lico de la fraternidad universal en el contexto de la diversidad cultural, social y religiosa. Entre sus funciones se encuentra la de guiar y dirigir un movimiento que afronta los retos locales y globales de nuestro tiempo y que est\u00e1 llamado, en particular, a sanar las fracturas personales y sociales de la existencia humana. Los Estatutos tambi\u00e9n recuerdan el estilo con que la Presidenta debe ejercer su responsabilidad: un liderazgo basado en el servicio y la caridad evang\u00e9lica, de acuerdo con la invitaci\u00f3n de Jes\u00fas a servir a todos (cf.&nbsp;<em>Mc<\/em>&nbsp;10,44). Se le pide que sea constructora de puentes, promotora de la unidad y testigo del mensaje central de la espiritualidad de los Focolares, actuando como su portavoz con coherencia y dedicaci\u00f3n.<\/p>\n\n\n\n<p><strong>El papel del Copresidente<\/strong><\/p>\n\n\n\n<p>El Copresidente, elegido entre los sacerdotes del Movimiento de los Focolares, tiene como funci\u00f3n principal trabajar en estrecha colaboraci\u00f3n con la Presidenta, compartiendo decisiones con ella y contribuyendo a garantizar el discernimiento y la cohesi\u00f3n del Movimiento. Adem\u00e1s de esta funci\u00f3n primordial, el Copresidente colabora en la direcci\u00f3n general del Movimiento, aportando su opini\u00f3n sobre los temas m\u00e1s importantes y velando por que la vida del Movimiento se ajuste plenamente a la fe y la doctrina de la Iglesia.<\/p>\n\n\n\n<p><strong>La Asamblea de los Focolares contin\u00faa<\/strong><\/p>\n\n\n\n<p>En los pr\u00f3ximos d\u00edas, la Asamblea tambi\u00e9n est\u00e1 convocada para elegir el nuevo \u00f3rgano rector del Movimiento de los Focolares, los Consejeros Generales que ser\u00e1n los colaboradores m\u00e1s cercanos del Presidente, y para debatir las modificaciones propuestas a los Estatutos Generales.<\/p>\n\n\n\n<p>El 21 de marzo, los participantes y observadores de la Asamblea ser\u00e1n recibidos en audiencia privada por el Papa Le\u00f3n XIV.<\/p>\n\n\n\n<p><em>Stefania Tanesini<\/em><\/p>\n\n\n\n<h2 class=\"wp-block-heading\">Ver tambi\u00e9n<\/h2>\n\n\n\n<figure class=\"wp-block-embed is-type-wp-embed is-provider-focolares-ciudad-nueva wp-block-embed-focolares-ciudad-nueva\"><div class=\"wp-block-embed__wrapper\">\n<blockquote class=\"wp-embedded-content\" data-secret=\"zmQlcxKroC\"><a href=\"https:\/\/www.focolaresciudadnueva.com\/inicio\/reavivar-las-relaciones-construir-la-paz\/\">\u201cReavivar las relaciones, construir la paz\u201d<\/a><\/blockquote><iframe class=\"wp-embedded-content\" sandbox=\"allow-scripts\" security=\"restricted\" style=\"position: absolute; visibility: hidden;\" title=\"&#171;\u201cReavivar las relaciones, construir la paz\u201d&#187; &#8212; Focolares Ciudad Nueva\" src=\"https:\/\/www.focolaresciudadnueva.com\/inicio\/reavivar-las-relaciones-construir-la-paz\/embed\/#?secret=vosjEN6JUB#?secret=zmQlcxKroC\" data-secret=\"zmQlcxKroC\" width=\"600\" height=\"338\" frameborder=\"0\" marginwidth=\"0\" marginheight=\"0\" scrolling=\"no\"><\/iframe>\n<\/div><\/figure>\n","protected":false},"excerpt":{"rendered":"<p>Margaret Karram ha sido reelegida Presidenta del Movimiento de los Focolares.<br \/>\nEl nuevo Copresidente es Roberto Almada, focolarino sacerdote argentino. <a href=\"https:\/\/www.focolaresciudadnueva.com\/inicio\/margaret-karram-y-roberto-almada-son-elegidos-como-presidente-y-copresidente-de-los-focolares\/\" class=\"more-link\">Continue reading <span class=\"screen-reader-text\">Margaret Karram y Roberto Almada, son elegidos como Presidente y Copresidente de Los Focolares<\/span><\/a><\/p>\n","protected":false},"author":4,"featured_media":21531,"comment_status":"open","ping_status":"closed","sticky":false,"template":"","format":"standard","meta":{"footnotes":""},"categories":[162,164],"tags":[],"class_list":["post-21530","post","type-post","status-publish","format-standard","has-post-thumbnail","hentry","category-comunidades","category-destacadas-focolares"],"wpmagazine_modules_lite_featured_media_urls":{"thumbnail":["https:\/\/www.focolaresciudadnueva.com\/wp-content\/uploads\/2026\/03\/image-11-150x150.png",150,150,true],"cvmm-medium":["https:\/\/www.focolaresciudadnueva.com\/wp-content\/uploads\/2026\/03\/image-11-300x300.png",300,300,true],"cvmm-medium-plus":["https:\/\/www.focolaresciudadnueva.com\/wp-content\/uploads\/2026\/03\/image-11-305x207.png",305,207,true],"cvmm-portrait":["https:\/\/www.focolaresciudadnueva.com\/wp-content\/uploads\/2026\/03\/image-11-400x600.png",400,600,true],"cvmm-medium-square":["https:\/\/www.focolaresciudadnueva.com\/wp-content\/uploads\/2026\/03\/image-11-600x600.png",600,600,true],"cvmm-large":["https:\/\/www.focolaresciudadnueva.com\/wp-content\/uploads\/2026\/03\/image-11-1024x1024.png",1024,1024,true],"cvmm-small":["https:\/\/www.focolaresciudadnueva.com\/wp-content\/uploads\/2026\/03\/image-11-130x95.png",130,95,true],"full":["https:\/\/www.focolaresciudadnueva.com\/wp-content\/uploads\/2026\/03\/image-11.png",1600,1163,false]},"categories_names":{"162":{"name":"Comunidades","link":"https:\/\/www.focolaresciudadnueva.com\/inicio\/category\/comunidades\/"},"164":{"name":"Destacadas Focolares","link":"https:\/\/www.focolaresciudadnueva.com\/inicio\/category\/destacadas-focolares\/"}},"tags_names":[],"comments_number":"4","_links":{"self":[{"href":"https:\/\/www.focolaresciudadnueva.com\/inicio\/wp-json\/wp\/v2\/posts\/21530","targetHints":{"allow":["GET"]}}],"collection":[{"href":"https:\/\/www.focolaresciudadnueva.com\/inicio\/wp-json\/wp\/v2\/posts"}],"about":[{"href":"https:\/\/www.focolaresciudadnueva.com\/inicio\/wp-json\/wp\/v2\/types\/post"}],"author":[{"embeddable":true,"href":"https:\/\/www.focolaresciudadnueva.com\/inicio\/wp-json\/wp\/v2\/users\/4"}],"replies":[{"embeddable":true,"href":"https:\/\/www.focolaresciudadnueva.com\/inicio\/wp-json\/wp\/v2\/comments?post=21530"}],"version-history":[{"count":7,"href":"https:\/\/www.focolaresciudadnueva.com\/inicio\/wp-json\/wp\/v2\/posts\/21530\/revisions"}],"predecessor-version":[{"id":21574,"href":"https:\/\/www.focolaresciudadnueva.com\/inicio\/wp-json\/wp\/v2\/posts\/21530\/revisions\/21574"}],"wp:featuredmedia":[{"embeddable":true,"href":"https:\/\/www.focolaresciudadnueva.com\/inicio\/wp-json\/wp\/v2\/media\/21531"}],"wp:attachment":[{"href":"https:\/\/www.focolaresciudadnueva.com\/inicio\/wp-json\/wp\/v2\/media?parent=21530"}],"wp:term":[{"taxonomy":"category","embeddable":true,"href":"https:\/\/www.focolaresciudadnueva.com\/inicio\/wp-json\/wp\/v2\/categories?post=21530"},{"taxonomy":"post_tag","embeddable":true,"href":"https:\/\/www.focolaresciudadnueva.com\/inicio\/wp-json\/wp\/v2\/tags?post=21530"}],"curies":[{"name":"wp","href":"https:\/\/api.w.org\/{rel}","templated":true}]}}