{"id":21506,"date":"2026-03-10T18:02:42","date_gmt":"2026-03-10T22:02:42","guid":{"rendered":"https:\/\/www.focolaresciudadnueva.com\/inicio\/?p=21506"},"modified":"2026-03-11T16:11:04","modified_gmt":"2026-03-11T20:11:04","slug":"geopolitica-para-no-perder-la-brujula","status":"publish","type":"post","link":"https:\/\/www.focolaresciudadnueva.com\/inicio\/geopolitica-para-no-perder-la-brujula\/","title":{"rendered":"Geopol\u00edtica para no perder la br\u00fajula"},"content":{"rendered":"\n<p><strong><em>En este n\u00famero, dado que la situaci\u00f3n pol\u00edtica nos involucra mundialmente, nos parece importante<br>brindar un espacio de miradas de diferentes autores que plantean matices de esta configuraci\u00f3n geopol\u00edtica<br>actual, y que puede ayudarnos ejercitar un di\u00e1logo cada vez m\u00e1s abierto y sincero sobre el modo de leer los acontecimientos de este momento hist\u00f3rico que vivimos.<\/em><\/strong><br><\/p>\n\n\n\n<p>En un art\u00edculo titulado Nuevo Mapa Geopol\u00edtico, <strong>Carlos Alberto Lib\u00e2nio, conocido como Frei Betto, fraile dominico brasile\u00f1o<\/strong>, de 81 a\u00f1os y autor de numerosos libros, plantea c\u00f3mo lo que muestra el escenario pol\u00edtico mundial es el resultado <strong>\u201cde tres d\u00e9cadas de hegemon\u00eda neoliberal que, con piquetas y motosierras, demoli\u00f3 los muros de sustentaci\u00f3n del edificio tan meticulosamente construido despu\u00e9s de 1945\u201d<\/strong>. El autor alude al t\u00e9rmino \u201cnueva era\u201d, utilizado por Steven Forti, profesor de la Universidad Aut\u00f3noma de Barcelona, quien declar\u00f3 que el regreso de Trump a la Casa Blanca en enero de 2025 dio inicio a una nueva era.<br><\/p>\n\n\n\n<p>Ahora se trata de un hiperimperialismo, o sea, un nuevo tipo de imperialismo que se caracteriza por una hegemon\u00eda militarizada, coercitiva e impuesta tecnol\u00f3gicamente al Sur Global debido a la decadencia del Norte Global. Por tanto, n<strong>o se trata de un retorno a la era imperialista cl\u00e1sica, sino del establecimiento de un sistema internacional neomon\u00e1rquico estructurado por un peque\u00f1o grupo de elites hiperprivilegiadas.<\/strong><\/p>\n\n\n\n<p><br><strong>El concepto de democracia se ha ido vaciando, y el poder efectivo se ha desplazado a las elites econ\u00f3micas. <\/strong>El resultado es la configuraci\u00f3n de un sistema posdemocr\u00e1tico, en el que los organismos intermediarios \u2013partidos, sindicatos, asociaciones de la sociedad civil\u2014 decaen gradualmente. Y los tecnoligarcas asumen el control del Estado.<\/p>\n\n\n\n<p><br>Hemos p<strong>asado de la uni\u00f3n entre pol\u00edtica y econom\u00eda de tipo neoliberal cl\u00e1sico a la voluntad expl\u00edcita de capturar el Estado<\/strong> mediante la creaci\u00f3n de un \u201ccomplejo tecnol\u00f3gico autoritario\u201d que busca controlar los mecanismos de la gobernanza.<br><br>La extrema derecha es el principal actor de la nueva era, junto a los l\u00edderes autoritarios en el poder en gran parte del mundo (Putin, Xi Jingping, Erdogan, Modi, los petromonarcas del Golfo, etc.) En Occidente, es la extrema derecha la que mejor representa esta nueva era. <strong>Gana terreno electoral y llega al poder en diversos pa\u00edses<\/strong>, de los Estados Unidos a Argentina, de Israel a Italia, de Hungr\u00eda a El Salvador y a Chile. En cuanto tiene una oportunidad, establece sistemas electorales autocr\u00e1ticos: la separaci\u00f3n de poderes se ve corro\u00edda, el pluralismo medi\u00e1tico es atacado y los derechos de grandes sectores de la poblaci\u00f3n desaparecen.<br><\/p>\n\n\n\n<p>El hombre fuerte <strong>se presenta como representante del pueblo, desprecia los controles democr\u00e1ticos y pone en<br>movimiento un proyecto etnonacionalista reaccionario<\/strong>. Lo que tenemos ante nosotros es una nueva extrema<br>derecha que defiende un autoritarismo posliberal, antigualitario y orientado a la eficiencia. Sus ra\u00edces se encuentran en el pensamiento antiluminista y en el reaccionarismo antiliberal de fines del siglo XVIII.<br><\/p>\n\n\n\n<p>La nueva era no es solo la de la posverdad, la desinformaci\u00f3n y las noticias falsas, sino tambi\u00e9n un tiempo en que la polarizaci\u00f3n se ha hecho com\u00fan.<strong> M\u00e1s all\u00e1 de las consecuencias de la hegemon\u00eda neoliberal, ese cambio no puede entenderse sin considerar el impacto de las nuevas tecnolog\u00edas; que han posibilitado la diseminaci\u00f3n de ideas y narrativas extremistas<\/strong> y, en consecuencia, la normalizaci\u00f3n de la extrema derecha y el autoritarismo (\u2026)<br><\/p>\n\n\n\n<p>Ante esa coyuntura, la respuesta a la vieja pregunta leninista de \u201c\u00bfqu\u00e9 hacer?\u201d solo puede ser colectiva.<br>(\u2026) <strong>Por tanto, debemos reconstruir la sociedad, ahora fragmentada y atomizada, crear un sentido de comunidad<\/strong><br>que no sea del tipo identitario y etnonacionalista de la extrema derecha, volver a emprender la batalla de ideas y<br>forjar alianzas y redes transnacionales, porque la soluci\u00f3n no puede ser meramente local. Todos debemos comprometernos colectivamente.<\/p>\n\n\n<div class=\"wp-block-image\">\n<figure class=\"aligncenter size-full\"><img fetchpriority=\"high\" decoding=\"async\" width=\"404\" height=\"198\" src=\"https:\/\/www.focolaresciudadnueva.com\/wp-content\/uploads\/2026\/03\/image-9.png\" alt=\"\" class=\"wp-image-21508\" srcset=\"https:\/\/www.focolaresciudadnueva.com\/wp-content\/uploads\/2026\/03\/image-9.png 404w, https:\/\/www.focolaresciudadnueva.com\/wp-content\/uploads\/2026\/03\/image-9-300x147.png 300w, https:\/\/www.focolaresciudadnueva.com\/wp-content\/uploads\/2026\/03\/image-9-184x90.png 184w\" sizes=\"(max-width: 404px) 100vw, 404px\" \/><\/figure>\n<\/div>\n\n\n<p><br><em>Fuente: https:\/\/www.telesurtv.net\/<br><\/em><\/p>\n","protected":false},"excerpt":{"rendered":"<p>En este n\u00famero, dado que la situaci\u00f3n pol\u00edtica nos involucra mundialmente, nos parece importante<br \/>\nbrindar un espacio de miradas de diferentes autores que plantean matices de esta configuraci\u00f3n geopol\u00edtica<br \/>\nactual, y que puede ayudarnos ejercitar un di\u00e1logo cada vez m\u00e1s abierto y sincero sobre el modo de leer los acontecimientos de este momento hist\u00f3rico que vivimos. <a href=\"https:\/\/www.focolaresciudadnueva.com\/inicio\/geopolitica-para-no-perder-la-brujula\/\" class=\"more-link\">Continue reading <span class=\"screen-reader-text\">Geopol\u00edtica para no perder la br\u00fajula<\/span><\/a><\/p>\n","protected":false},"author":4,"featured_media":21508,"comment_status":"closed","ping_status":"closed","sticky":false,"template":"","format":"standard","meta":{"footnotes":""},"categories":[70],"tags":[],"class_list":["post-21506","post","type-post","status-publish","format-standard","has-post-thumbnail","hentry","category-internacional"],"wpmagazine_modules_lite_featured_media_urls":{"thumbnail":["https:\/\/www.focolaresciudadnueva.com\/wp-content\/uploads\/2026\/03\/image-9-150x150.png",150,150,true],"cvmm-medium":["https:\/\/www.focolaresciudadnueva.com\/wp-content\/uploads\/2026\/03\/image-9-300x198.png",300,198,true],"cvmm-medium-plus":["https:\/\/www.focolaresciudadnueva.com\/wp-content\/uploads\/2026\/03\/image-9-305x198.png",305,198,true],"cvmm-portrait":["https:\/\/www.focolaresciudadnueva.com\/wp-content\/uploads\/2026\/03\/image-9-400x198.png",400,198,true],"cvmm-medium-square":["https:\/\/www.focolaresciudadnueva.com\/wp-content\/uploads\/2026\/03\/image-9.png",404,198,false],"cvmm-large":["https:\/\/www.focolaresciudadnueva.com\/wp-content\/uploads\/2026\/03\/image-9.png",404,198,false],"cvmm-small":["https:\/\/www.focolaresciudadnueva.com\/wp-content\/uploads\/2026\/03\/image-9-130x95.png",130,95,true],"full":["https:\/\/www.focolaresciudadnueva.com\/wp-content\/uploads\/2026\/03\/image-9.png",404,198,false]},"categories_names":{"70":{"name":"Internacional","link":"https:\/\/www.focolaresciudadnueva.com\/inicio\/category\/internacional\/"}},"tags_names":[],"comments_number":"0","_links":{"self":[{"href":"https:\/\/www.focolaresciudadnueva.com\/inicio\/wp-json\/wp\/v2\/posts\/21506","targetHints":{"allow":["GET"]}}],"collection":[{"href":"https:\/\/www.focolaresciudadnueva.com\/inicio\/wp-json\/wp\/v2\/posts"}],"about":[{"href":"https:\/\/www.focolaresciudadnueva.com\/inicio\/wp-json\/wp\/v2\/types\/post"}],"author":[{"embeddable":true,"href":"https:\/\/www.focolaresciudadnueva.com\/inicio\/wp-json\/wp\/v2\/users\/4"}],"replies":[{"embeddable":true,"href":"https:\/\/www.focolaresciudadnueva.com\/inicio\/wp-json\/wp\/v2\/comments?post=21506"}],"version-history":[{"count":2,"href":"https:\/\/www.focolaresciudadnueva.com\/inicio\/wp-json\/wp\/v2\/posts\/21506\/revisions"}],"predecessor-version":[{"id":21509,"href":"https:\/\/www.focolaresciudadnueva.com\/inicio\/wp-json\/wp\/v2\/posts\/21506\/revisions\/21509"}],"wp:featuredmedia":[{"embeddable":true,"href":"https:\/\/www.focolaresciudadnueva.com\/inicio\/wp-json\/wp\/v2\/media\/21508"}],"wp:attachment":[{"href":"https:\/\/www.focolaresciudadnueva.com\/inicio\/wp-json\/wp\/v2\/media?parent=21506"}],"wp:term":[{"taxonomy":"category","embeddable":true,"href":"https:\/\/www.focolaresciudadnueva.com\/inicio\/wp-json\/wp\/v2\/categories?post=21506"},{"taxonomy":"post_tag","embeddable":true,"href":"https:\/\/www.focolaresciudadnueva.com\/inicio\/wp-json\/wp\/v2\/tags?post=21506"}],"curies":[{"name":"wp","href":"https:\/\/api.w.org\/{rel}","templated":true}]}}