{"id":21496,"date":"2026-03-09T12:59:08","date_gmt":"2026-03-09T16:59:08","guid":{"rendered":"https:\/\/www.focolaresciudadnueva.com\/inicio\/?p=21496"},"modified":"2026-03-16T12:10:10","modified_gmt":"2026-03-16T16:10:10","slug":"latinoamerica-celebra-el-35oaniversario-de-la-economiade-comunion","status":"publish","type":"post","link":"https:\/\/www.focolaresciudadnueva.com\/inicio\/latinoamerica-celebra-el-35oaniversario-de-la-economiade-comunion\/","title":{"rendered":"Latinoam\u00e9rica celebra el 35\u00baaniversario de la Econom\u00eda de Comuni\u00f3n"},"content":{"rendered":"\n<p class=\"has-medium-font-size\"><strong><em>Hace 35 a\u00f1os, naci\u00f3 un sue\u00f1o: la Econom\u00eda de Comuni\u00f3n. A finales de mayo, Argentina ser\u00e1<br>escenario de una celebraci\u00f3n extraordinaria donde diferentes generaciones se reunir\u00e1n para<br>revitalizar este proyecto y, juntos, escribir el futuro de otra econom\u00eda.<\/em><\/strong><\/p>\n\n\n\n<figure class=\"wp-block-embed is-type-video is-provider-youtube wp-block-embed-youtube wp-embed-aspect-16-9 wp-has-aspect-ratio\"><div class=\"wp-block-embed__wrapper\">\n<iframe title=\"EDC 35A\u00d1OS YECID CHILITO\" width=\"720\" height=\"405\" src=\"https:\/\/www.youtube.com\/embed\/Kw1Ylvr3uYo?feature=oembed\" frameborder=\"0\" allow=\"accelerometer; autoplay; clipboard-write; encrypted-media; gyroscope; picture-in-picture; web-share\" referrerpolicy=\"strict-origin-when-cross-origin\" allowfullscreen><\/iframe>\n<\/div><\/figure>\n\n\n\n<p class=\"has-medium-font-size\">Econom\u00eda y comuni\u00f3n: dos palabras que no siempre est\u00e1n en armon\u00eda, pero que encuentran<br>en la expresi\u00f3n \u00abEconom\u00eda de Comuni\u00f3n\u00bb (EdC) una reconciliaci\u00f3n y un camino \u00fatil para toda la humanidad. Pero \u00bfqu\u00e9 es la Econom\u00eda de Comuni\u00f3n? Un sistema diferente, un modelo alternativo al dominante, al capitalismo; una propuesta en la que la generosidad y la reciprocidad juegan un papel central, funcional, un estilo de vida que reemplaza la acumulaci\u00f3n desenfrenada de bienes materiales y dinero, que crea riqueza, pero tambi\u00e9n divisi\u00f3n y desigualdad, individualismo y soledad.<\/p>\n\n\n\n<h2 class=\"wp-block-heading has-medium-font-size\">Econom\u00eda de Comuni\u00f3n, una larga y hermosa historia<\/h2>\n\n\n\n<p class=\"has-medium-font-size\">La Econom\u00eda de Comuni\u00f3n naci\u00f3 en 1991 en S\u00e3o Paulo, fruto de la carism\u00e1tica intuici\u00f3n de Chiara<br>Lubich, fundadora del Movimiento de los Focolares. Hoy, 35 a\u00f1os despu\u00e9s, la EdC involucra a empresarios y directivos, trabajadores de todo tipo, as\u00ed como a consumidores, acad\u00e9micos y<br>ciudadanos de a pie. Muchas personas en todo el mundo se comprometen a fomentar la cultura de<br>la Econom\u00eda de Comuni\u00f3n.<\/p>\n\n\n\n<p class=\"has-medium-font-size\"><br>\u00bfC\u00f3mo? A trav\u00e9s de acciones concretas para un proyecto educativo continuo. Escuelas, encuentros,<br>eventos para j\u00f3venes y adultos, sin olvidar el ejemplo de los centros de producci\u00f3n e industria en las ciudadelas del Movimiento de los Focolares, son los espacios y las herramientas para fortalecer el desarrollo de la EdC, que concierne a todos los grupos sociales y edades.<br><\/p>\n\n\n\n<h2 class=\"wp-block-heading has-medium-font-size\">La cultura del dar<br><\/h2>\n\n\n\n<p class=\"has-medium-font-size\">La propia Chiara Lubich habl\u00f3 de una \u00abcultura del dar\u00bb, donde la empresa y el trabajo est\u00e1n al<br>servicio del bien com\u00fan. La riqueza producida, las ganancias y los beneficios, con la EdC, tienen<br>como prop\u00f3sito reducir la miseria, la pobreza y la exclusi\u00f3n de los m\u00e1s vulnerables. El desarrollo<br>empresarial, emprendedor y, en general, laboral y productivo, junto con la creaci\u00f3n de empleo,<br>garantiza una doble inclusi\u00f3n: comunitaria y productiva.<\/p>\n\n\n\n<p class=\"has-medium-font-size\"><br>\u00abEstamos convencidos\u00bb, leemos en el sitio web de la Econom\u00eda de Comuni\u00f3n, \u00abde que ninguna<br>forma de pobreza no elegida puede remediarse sin incluir a las personas desfavorecidas en<br>comunidades vitales y fraternas y, siempre que sea posible, tambi\u00e9n en los lugares de trabajo, en<br>las empresas: hasta que quienes pueden y deben trabajar no tengan la oportunidad de hacerlo,<br>siempre permanecer\u00e1n en la indigencia\u00bb.<br><\/p>\n\n\n\n<h2 class=\"wp-block-heading has-medium-font-size\">La fiesta por los 35 a\u00f1os de la EdC<\/h2>\n\n\n\n<p class=\"has-medium-font-size\"><br>La Econom\u00eda de Comuni\u00f3n encierra, pues, una gran belleza. Se busca justicia, esperanza y<br>futuro en este extraordinario proyecto para la humanidad, que, como ya se mencion\u00f3, celebra<br>su 35.\u00ba aniversario en Am\u00e9rica Latina en 2026. Para conmemorar la ocasi\u00f3n, del 25 al 30 de<br>mayo, se celebrar\u00e1 un evento excepcional: un encuentro global en Argentina para celebrar este<br>aniversario junto con toda la red de la Econom\u00eda de Comuni\u00f3n.<\/p>\n\n\n\n<h2 class=\"wp-block-heading has-medium-font-size\">Veinte Iniciativas Locales: Fase 1 del Evento <\/h2>\n\n\n\n<p class=\"has-medium-font-size\">El tema del evento ser\u00e1 \u00abUn Camino de Regeneraci\u00f3n \u2013 35 A\u00f1os de la Econom\u00eda de Comuni\u00f3n\u00bb<br>y se dividir\u00e1 en dos fases: en la primera, del 25 al 27 de mayo, aproximadamente veinte iniciativas<br>locales de Am\u00e9rica Latina acoger\u00e1n a peque\u00f1os grupos de participantes para una inmersi\u00f3n en<br>comunidades locales ricas en identidades y conocimientos tradicionales, pero que sufren las<br>consecuencias del sistema econ\u00f3mico actual. Estas comunidades buscan practicar la cultura<br>de la Econom\u00eda de Comuni\u00f3n en su vida cotidiana, por lo que este encuentro promete ser una experiencia muy interesante y profunda.<\/p>\n\n\n\n<p class=\"has-medium-font-size\"><br>Isa\u00edas Hernando, coordinador de la Comisi\u00f3n Internacional para la Econom\u00eda de Comuni\u00f3n,<br>afirm\u00f3: \u201cNuestra propuesta es que cada persona se involucre en la vida cotidiana de<br>estas iniciativas locales y, mirando el mundo desde este encuentro, experimente<br>el potencial de regeneraci\u00f3n y transformaci\u00f3n que surge de la comuni\u00f3n y la reciprocidad\u201d.<br><\/p>\n\n\n\n<h2 class=\"wp-block-heading has-medium-font-size\">Taller: Fase 2 del evento<br><\/h2>\n\n\n\n<p class=\"has-medium-font-size\">En la segunda fase, del 29 al 30 de mayo, los participantes se reunir\u00e1n en Buenos Aires para un encuentro de d\u00eda y medio, con un programa din\u00e1mico y participativo para celebrar estos<br>primeros 35 a\u00f1os y establecer compromisos futuros junto con la red global de la Econom\u00eda de Comuni\u00f3n. El programa consistir\u00e1 en un laboratorio, con participaci\u00f3n activa y un intercambio<br>intenso (y constructivo). El propio Isa\u00edas Hernando a\u00f1adi\u00f3: \u201cEl objetivo de este d\u00eda y medio ser\u00e1 celebrar los primeros 35 a\u00f1os de la EdC, pero tambi\u00e9n comprometernos a implementar conjuntamente los pr\u00f3ximos pasos para responder mejor a los desaf\u00edos del sistema econ\u00f3mico actual<br>y acercarnos cada vez m\u00e1s al cumplimiento de la vocaci\u00f3n de la Econom\u00eda de Comuni\u00f3n\u201d.<br><\/p>\n\n\n\n<h2 class=\"wp-block-heading has-medium-font-size\">C\u00f3mo participar en el evento del 35.\u00ba aniversario de la EdC en Latinoam\u00e9rica<br><\/h2>\n\n\n\n<p class=\"has-medium-font-size\">La Econom\u00eda de Comuni\u00f3n global ha lanzado una p\u00e1gina web con toda la informaci\u00f3n sobre el<br>evento, en la que ya es posible inscribirse:<\/p>\n\n\n\n<p class=\"has-medium-font-size\"><br>https:\/\/www.edc-online.org\/it\/argentina-2026<br><\/p>\n\n\n\n<p class=\"has-medium-font-size\">Pueden participar personas que ya forman parte de la red global de la EdC, miembros de proyectos,<br>profesores, estudiantes, investigadores, empresarios, emprendedores sociales, miembros de organizaciones, movimientos y redes con fines similares, adem\u00e1s de cualquier persona interesada en la iniciativa.<br><\/p>\n\n\n\n<p class=\"has-medium-font-size\"><em>Por Edoardo Zaccagnini- Brasil<br>Fuente https:\/\/www.unitedworldproject.org\/es<\/em><\/p>\n\n\n\n<p class=\"has-medium-font-size\"><\/p>\n\n\n<div class=\"wp-block-image\">\n<figure class=\"aligncenter size-full\"><img fetchpriority=\"high\" decoding=\"async\" width=\"462\" height=\"565\" src=\"https:\/\/www.focolaresciudadnueva.com\/wp-content\/uploads\/2026\/03\/image-8.png\" alt=\"\" class=\"wp-image-21497\" srcset=\"https:\/\/www.focolaresciudadnueva.com\/wp-content\/uploads\/2026\/03\/image-8.png 462w, https:\/\/www.focolaresciudadnueva.com\/wp-content\/uploads\/2026\/03\/image-8-245x300.png 245w, https:\/\/www.focolaresciudadnueva.com\/wp-content\/uploads\/2026\/03\/image-8-74x90.png 74w\" sizes=\"(max-width: 462px) 100vw, 462px\" \/><\/figure>\n<\/div>\n\n\n<p class=\"has-medium-font-size\"><\/p>\n","protected":false},"excerpt":{"rendered":"<p>Hace 35 a\u00f1os, naci\u00f3 un sue\u00f1o: la Econom\u00eda de Comuni\u00f3n. A finales de mayo, Argentina ser\u00e1<br \/>\nescenario de una celebraci\u00f3n extraordinaria donde diferentes generaciones se reunir\u00e1n para<br \/>\nrevitalizar este proyecto y, juntos, escribir el futuro de otra econom\u00eda. <a href=\"https:\/\/www.focolaresciudadnueva.com\/inicio\/latinoamerica-celebra-el-35oaniversario-de-la-economiade-comunion\/\" class=\"more-link\">Continue reading <span class=\"screen-reader-text\">Latinoam\u00e9rica celebra el 35\u00baaniversario de la Econom\u00eda de Comuni\u00f3n<\/span><\/a><\/p>\n","protected":false},"author":4,"featured_media":21498,"comment_status":"open","ping_status":"closed","sticky":false,"template":"","format":"standard","meta":{"footnotes":""},"categories":[60,135],"tags":[],"class_list":["post-21496","post","type-post","status-publish","format-standard","has-post-thumbnail","hentry","category-dialogos-en-la-cultura","category-edc-economia-de-comunion"],"wpmagazine_modules_lite_featured_media_urls":{"thumbnail":["https:\/\/www.focolaresciudadnueva.com\/wp-content\/uploads\/2026\/03\/EDC-35-ANOS-150x150.png",150,150,true],"cvmm-medium":["https:\/\/www.focolaresciudadnueva.com\/wp-content\/uploads\/2026\/03\/EDC-35-ANOS-300x300.png",300,300,true],"cvmm-medium-plus":["https:\/\/www.focolaresciudadnueva.com\/wp-content\/uploads\/2026\/03\/EDC-35-ANOS-305x207.png",305,207,true],"cvmm-portrait":["https:\/\/www.focolaresciudadnueva.com\/wp-content\/uploads\/2026\/03\/EDC-35-ANOS-400x600.png",400,600,true],"cvmm-medium-square":["https:\/\/www.focolaresciudadnueva.com\/wp-content\/uploads\/2026\/03\/EDC-35-ANOS-600x600.png",600,600,true],"cvmm-large":["https:\/\/www.focolaresciudadnueva.com\/wp-content\/uploads\/2026\/03\/EDC-35-ANOS-1024x1000.png",1024,1000,true],"cvmm-small":["https:\/\/www.focolaresciudadnueva.com\/wp-content\/uploads\/2026\/03\/EDC-35-ANOS-130x95.png",130,95,true],"full":["https:\/\/www.focolaresciudadnueva.com\/wp-content\/uploads\/2026\/03\/EDC-35-ANOS.png",2000,1000,false]},"categories_names":{"60":{"name":"Di\u00e1logos en la Cultura","link":"https:\/\/www.focolaresciudadnueva.com\/inicio\/category\/dialogos-en-la-cultura\/"},"135":{"name":"EDC - Econom\u00eda de Comuni\u00f3n","link":"https:\/\/www.focolaresciudadnueva.com\/inicio\/category\/dialogos-en-la-cultura\/edc-economia-de-comunion\/"}},"tags_names":[],"comments_number":"0","_links":{"self":[{"href":"https:\/\/www.focolaresciudadnueva.com\/inicio\/wp-json\/wp\/v2\/posts\/21496","targetHints":{"allow":["GET"]}}],"collection":[{"href":"https:\/\/www.focolaresciudadnueva.com\/inicio\/wp-json\/wp\/v2\/posts"}],"about":[{"href":"https:\/\/www.focolaresciudadnueva.com\/inicio\/wp-json\/wp\/v2\/types\/post"}],"author":[{"embeddable":true,"href":"https:\/\/www.focolaresciudadnueva.com\/inicio\/wp-json\/wp\/v2\/users\/4"}],"replies":[{"embeddable":true,"href":"https:\/\/www.focolaresciudadnueva.com\/inicio\/wp-json\/wp\/v2\/comments?post=21496"}],"version-history":[{"count":3,"href":"https:\/\/www.focolaresciudadnueva.com\/inicio\/wp-json\/wp\/v2\/posts\/21496\/revisions"}],"predecessor-version":[{"id":21524,"href":"https:\/\/www.focolaresciudadnueva.com\/inicio\/wp-json\/wp\/v2\/posts\/21496\/revisions\/21524"}],"wp:featuredmedia":[{"embeddable":true,"href":"https:\/\/www.focolaresciudadnueva.com\/inicio\/wp-json\/wp\/v2\/media\/21498"}],"wp:attachment":[{"href":"https:\/\/www.focolaresciudadnueva.com\/inicio\/wp-json\/wp\/v2\/media?parent=21496"}],"wp:term":[{"taxonomy":"category","embeddable":true,"href":"https:\/\/www.focolaresciudadnueva.com\/inicio\/wp-json\/wp\/v2\/categories?post=21496"},{"taxonomy":"post_tag","embeddable":true,"href":"https:\/\/www.focolaresciudadnueva.com\/inicio\/wp-json\/wp\/v2\/tags?post=21496"}],"curies":[{"name":"wp","href":"https:\/\/api.w.org\/{rel}","templated":true}]}}