{"id":21489,"date":"2026-03-07T09:35:17","date_gmt":"2026-03-07T13:35:17","guid":{"rendered":"https:\/\/www.focolaresciudadnueva.com\/inicio\/?p=21489"},"modified":"2026-03-27T14:32:58","modified_gmt":"2026-03-27T18:32:58","slug":"aun-en-el-caos-puede-germinar-la-vida","status":"publish","type":"post","link":"https:\/\/www.focolaresciudadnueva.com\/inicio\/aun-en-el-caos-puede-germinar-la-vida\/","title":{"rendered":"A\u00fan en el caos puede germinar la vida"},"content":{"rendered":"\n<p class=\"has-medium-font-size\"><br><strong><em>Comienza marzo y el clima de convivencia mundial sigue explotando en guerras, toma de poder, asesinatos y otras expresiones. Dramas que encuentran p\u00fablico que las sufre o aplaude seg\u00fan el lugar desde donde se mire la situaci\u00f3n, m\u00e1s que la conciencia profunda del ser persona, lo que implicar\u00eda la capacidad de emocionarse, llorar, sufrir por cualquier semejante eliminado. Reflexi\u00f3n y compasi\u00f3n v\u00e1lida, inclusive, frente a los mayores delincuentes que conocemos por los medios de comunicaci\u00f3n.<br><\/em><\/strong><\/p>\n\n\n\n<p class=\"has-medium-font-size\">Estamos en un verdadero caos en la convivencia humana, incluyendo los \u00f3rdenes de la institucionalidad pol\u00edtica planetaria. Todos se atribuyen poderes jam\u00e1s delegados por los pueblos y ejercicios de sometimiento nunca elegidos por sus ciudadan\u00edas. El caos es impresionante, no temamos, llam\u00e9moslo por su nombre. Pero\u2026, \u00bfes posible algo nuevo? S\u00ed, es posible. El caos deja intersticios, rendijas, y, as\u00ed como las plantas nos demuestran que la vida siempre puede emerger por las resquebraduras, las grietas, por cualquier espacio por peque\u00f1o que sea, en los momentos subliminales de caos, se ha comprobado que puede resurgir otra humanidad, esa que espera lo nuevo, lo distinto, lo vivo, lo aut\u00e9ntico. Es entonces hora de atenci\u00f3n, de escucha, de vigilancia, que nos permita descubrir por d\u00f3nde va naciendo la vida para estar all\u00ed y poderla acompa\u00f1ar.<br><\/p>\n\n\n\n<p class=\"has-medium-font-size\">\u00bfDe qu\u00e9 vida nueva, podemos preguntarnos? La vida de las comunidades que se centran o centraron en el Evangelio, la Palabra que se practica en la cotidianidad, con todo lo que eso supone: reciprocidad, comuni\u00f3n de bienes, solidaridad, encanto, y disponibilidad permanente al otro, a los otros. Comunidades fuertes fundadas sobre la roca del Evangelio, que hacen posible otra forma de vida en el mundo. As\u00ed lo fueron ante el imperio romano en la iglesia naciente, y as\u00ed, con mayor solidez y aprendizaje lo pueden hacer tambi\u00e9n hoy.<\/p>\n\n\n\n<p class=\"has-medium-font-size\">Desde Ciudad Nueva Interamericana les proponemos y nos invitamos todos a ser generadores y constructores de comunidades vivas y fuertes, capaces de resignificar la vida que se estremece en este caos epocal que vivimos. A dar y recibir luz donde solo vemos cortocircuitos.<\/p>\n\n\n\n<p><br><strong><em>Por Susana Nuin N\u00fa\u00f1ez<br><\/em><\/strong><\/p>\n","protected":false},"excerpt":{"rendered":"<p>El caos es impresionante, no temamos, llam\u00e9moslo por su nombre. Pero\u2026, \u00bfes posible algo nuevo? S\u00ed, es posible.  <a href=\"https:\/\/www.focolaresciudadnueva.com\/inicio\/aun-en-el-caos-puede-germinar-la-vida\/\" class=\"more-link\">Continue reading <span class=\"screen-reader-text\">A\u00fan en el caos puede germinar la vida<\/span><\/a><\/p>\n","protected":false},"author":4,"featured_media":21490,"comment_status":"open","ping_status":"closed","sticky":false,"template":"","format":"standard","meta":{"footnotes":""},"categories":[60,75],"tags":[],"class_list":["post-21489","post","type-post","status-publish","format-standard","has-post-thumbnail","hentry","category-dialogos-en-la-cultura","category-editorial"],"wpmagazine_modules_lite_featured_media_urls":{"thumbnail":["https:\/\/www.focolaresciudadnueva.com\/wp-content\/uploads\/2026\/03\/EDITORIAL-MARZO-CN-150x150.png",150,150,true],"cvmm-medium":["https:\/\/www.focolaresciudadnueva.com\/wp-content\/uploads\/2026\/03\/EDITORIAL-MARZO-CN-300x300.png",300,300,true],"cvmm-medium-plus":["https:\/\/www.focolaresciudadnueva.com\/wp-content\/uploads\/2026\/03\/EDITORIAL-MARZO-CN-305x207.png",305,207,true],"cvmm-portrait":["https:\/\/www.focolaresciudadnueva.com\/wp-content\/uploads\/2026\/03\/EDITORIAL-MARZO-CN-400x600.png",400,600,true],"cvmm-medium-square":["https:\/\/www.focolaresciudadnueva.com\/wp-content\/uploads\/2026\/03\/EDITORIAL-MARZO-CN-600x600.png",600,600,true],"cvmm-large":["https:\/\/www.focolaresciudadnueva.com\/wp-content\/uploads\/2026\/03\/EDITORIAL-MARZO-CN-1024x1000.png",1024,1000,true],"cvmm-small":["https:\/\/www.focolaresciudadnueva.com\/wp-content\/uploads\/2026\/03\/EDITORIAL-MARZO-CN-130x95.png",130,95,true],"full":["https:\/\/www.focolaresciudadnueva.com\/wp-content\/uploads\/2026\/03\/EDITORIAL-MARZO-CN.png",2000,1000,false]},"categories_names":{"60":{"name":"Di\u00e1logos en la Cultura","link":"https:\/\/www.focolaresciudadnueva.com\/inicio\/category\/dialogos-en-la-cultura\/"},"75":{"name":"Editorial","link":"https:\/\/www.focolaresciudadnueva.com\/inicio\/category\/editorial\/"}},"tags_names":[],"comments_number":"0","_links":{"self":[{"href":"https:\/\/www.focolaresciudadnueva.com\/inicio\/wp-json\/wp\/v2\/posts\/21489","targetHints":{"allow":["GET"]}}],"collection":[{"href":"https:\/\/www.focolaresciudadnueva.com\/inicio\/wp-json\/wp\/v2\/posts"}],"about":[{"href":"https:\/\/www.focolaresciudadnueva.com\/inicio\/wp-json\/wp\/v2\/types\/post"}],"author":[{"embeddable":true,"href":"https:\/\/www.focolaresciudadnueva.com\/inicio\/wp-json\/wp\/v2\/users\/4"}],"replies":[{"embeddable":true,"href":"https:\/\/www.focolaresciudadnueva.com\/inicio\/wp-json\/wp\/v2\/comments?post=21489"}],"version-history":[{"count":1,"href":"https:\/\/www.focolaresciudadnueva.com\/inicio\/wp-json\/wp\/v2\/posts\/21489\/revisions"}],"predecessor-version":[{"id":21491,"href":"https:\/\/www.focolaresciudadnueva.com\/inicio\/wp-json\/wp\/v2\/posts\/21489\/revisions\/21491"}],"wp:featuredmedia":[{"embeddable":true,"href":"https:\/\/www.focolaresciudadnueva.com\/inicio\/wp-json\/wp\/v2\/media\/21490"}],"wp:attachment":[{"href":"https:\/\/www.focolaresciudadnueva.com\/inicio\/wp-json\/wp\/v2\/media?parent=21489"}],"wp:term":[{"taxonomy":"category","embeddable":true,"href":"https:\/\/www.focolaresciudadnueva.com\/inicio\/wp-json\/wp\/v2\/categories?post=21489"},{"taxonomy":"post_tag","embeddable":true,"href":"https:\/\/www.focolaresciudadnueva.com\/inicio\/wp-json\/wp\/v2\/tags?post=21489"}],"curies":[{"name":"wp","href":"https:\/\/api.w.org\/{rel}","templated":true}]}}