{"id":21456,"date":"2026-03-03T16:24:22","date_gmt":"2026-03-03T20:24:22","guid":{"rendered":"https:\/\/www.focolaresciudadnueva.com\/inicio\/?p=21456"},"modified":"2026-03-10T16:52:10","modified_gmt":"2026-03-10T20:52:10","slug":"levantarse-de-nuevo-y-sin-miedo","status":"publish","type":"post","link":"https:\/\/www.focolaresciudadnueva.com\/inicio\/levantarse-de-nuevo-y-sin-miedo\/","title":{"rendered":"Levantarse de nuevo y sin miedo"},"content":{"rendered":"\n<p class=\"has-medium-font-size\">1 de marzo de 2026, Idea del mes &#8211; Marzo 2026<\/p>\n\n\n\n<p class=\"has-medium-font-size\">\u00abSolo quien cae se levanta\u00bb, dice un proverbio. Un ejemplo que transmite ternura y valent\u00eda es el de los ni\u00f1os en sus primeras etapas de desarrollo. \u00a1Cu\u00e1nta fuerza de voluntad se necesita, desde sus primeros pasos inseguros hasta su decidido regreso, hasta que adquieren confianza y comienzan a moverse con cada vez mayor seguridad&#8230; el viaje de la vida!<sub><\/sub><\/p>\n\n\n\n<p class=\"has-medium-font-size\">&nbsp;A medida que crecemos, en medio de desaf\u00edos y dificultades, levantarnos se vuelve cada vez m\u00e1s dif\u00edcil. Las pruebas de la vida nos agobian, y el miedo a perder nuestras certezas (al encontrarnos con quienes son diferentes o no piensan como nosotros) nos frena. La fuerza de voluntad no siempre es suficiente, ni tampoco el deseo sincero de ser coherentes con nuestros valores y decisiones. En estos tiempos dif\u00edciles, contar con una mano amiga puede darnos el impulso para empezar de nuevo sin miedo y crear un silencio aut\u00e9ntico en lo profundo de nuestra conciencia que nos permita reconstruirnos interiormente.<sub><\/sub><\/p>\n\n\n\n<p class=\"has-medium-font-size\">&nbsp;Chiara Lubich dice: \u201c\u00bfQui\u00e9n no pasa por pruebas? Se manifiestan en forma de fracaso, pobreza, depresi\u00f3n, duda, tentaci\u00f3n [\u2026] La sociedad materialista e individualista que nos rodea tambi\u00e9n es aterradora, con sus guerras, violencia e injusticias\u2026\u201d. Chiara lo demostr\u00f3 con su propia vida: es precisamente en esos momentos de oscuridad y dificultad cuando es m\u00e1s importante encontrar la fuerza para \u201cempezar de nuevo\u201d, ante todo dentro de nosotros mismos, con la confianza de que \u201ctodav\u00eda se puede tener esperanza en todo\u201d&nbsp;<a href=\"https:\/\/www.focolare.org\/rialzarsi-ancora-una-volta-e-senza-paura\/#_ftn1\">[1]<\/a>&nbsp;.<sub><\/sub><\/p>\n\n\n\n<p class=\"has-medium-font-size\">&nbsp;Esto le ocurri\u00f3 a Emilia, de Tierra Santa. Trabaja como gerente en un sector p\u00fablico junto con jud\u00edos, cristianos, musulmanes y drusos. Tras el 7 de octubre de 2023, comprende que el amor es la \u00fanica respuesta posible a ese gran dolor y se compromete a amar a todos los que la rodean, especialmente escuchando para acoger al otro en su coraz\u00f3n. Escuchando con amor y humildad, y comprendiendo lo que el otro tiene que decir, ya sea \u00e1rabe o jud\u00edo. As\u00ed, junto con gran parte de sus colegas, han llegado a ser tan abiertos entre s\u00ed que pueden hablar libremente sobre la situaci\u00f3n, lo que les ha dado valor para expresar sus miedos y dolor, manteniendo al grupo unido y en paz&nbsp;<a href=\"https:\/\/www.focolare.org\/rialzarsi-ancora-una-volta-e-senza-paura\/#_ftn2\">[2]<\/a>&nbsp;.<\/p>\n\n\n\n<p class=\"has-medium-font-size\">&nbsp;Son muchas las historias de comunidades heridas que no se rinden, que encuentran d\u00eda a d\u00eda, viviendo la reciprocidad de compartir todo, la fuerza para creer que el odio no puede tener la \u00faltima palabra.<sub><\/sub><\/p>\n\n\n\n<p class=\"has-medium-font-size\">&nbsp;Aunque no seamos nosotros quienes veamos los frutos de nuestros esfuerzos, cada vez que nos levantemos contribuiremos a formar \u201chombres nuevos\u201d porque \u2014como dijo Bonhoeffer desde la c\u00e1rcel poco antes de morir\u2014 \u201cPara los responsables, la pregunta final no es cu\u00e1n heroicamente gestiono este negocio, sino: \u00bfc\u00f3mo ser\u00e1 la vida de la pr\u00f3xima generaci\u00f3n?\u201d.<\/p>\n\n\n\n<p class=\"has-medium-font-size\">Foto \u00a9 Pexels-Allan Mas<\/p>\n\n\n\n<figure class=\"wp-block-image size-full\"><img fetchpriority=\"high\" decoding=\"async\" width=\"895\" height=\"522\" src=\"https:\/\/www.focolaresciudadnueva.com\/wp-content\/uploads\/2026\/03\/image-1.png\" alt=\"\" class=\"wp-image-21457\" srcset=\"https:\/\/www.focolaresciudadnueva.com\/wp-content\/uploads\/2026\/03\/image-1.png 895w, https:\/\/www.focolaresciudadnueva.com\/wp-content\/uploads\/2026\/03\/image-1-300x175.png 300w, https:\/\/www.focolaresciudadnueva.com\/wp-content\/uploads\/2026\/03\/image-1-768x448.png 768w, https:\/\/www.focolaresciudadnueva.com\/wp-content\/uploads\/2026\/03\/image-1-154x90.png 154w, https:\/\/www.focolaresciudadnueva.com\/wp-content\/uploads\/2026\/03\/image-1-750x437.png 750w\" sizes=\"(max-width: 895px) 100vw, 895px\" \/><\/figure>\n\n\n\n<hr class=\"wp-block-separator has-alpha-channel-opacity\"\/>\n\n\n\n<p><a href=\"https:\/\/www.focolare.org\/rialzarsi-ancora-una-volta-e-senza-paura\/#_ftnref1\">[1]<\/a>&nbsp;\u201cEmpezando de nuevo\u201d Gen Rosso &nbsp;<\/p>\n\n\n\n<p><a href=\"https:\/\/www.focolare.org\/rialzarsi-ancora-una-volta-e-senza-paura\/#_ftnref2\">[2]<\/a>&nbsp;Experiencia compartida en la conferencia interreligiosa Una sola Familia Humana en junio de 2024 en Castelgandolfo, Italia.<\/p>\n","protected":false},"excerpt":{"rendered":"<p>Levantarnos se vuelve cada vez m\u00e1s dif\u00edcil. Las pruebas de la vida nos agobian, y el miedo a perder nuestras certezas (al encontrarnos con quienes son diferentes o no piensan como nosotros) nos frena.  <a href=\"https:\/\/www.focolaresciudadnueva.com\/inicio\/levantarse-de-nuevo-y-sin-miedo\/\" class=\"more-link\">Continue reading <span class=\"screen-reader-text\">Levantarse de nuevo y sin miedo<\/span><\/a><\/p>\n","protected":false},"author":4,"featured_media":21457,"comment_status":"open","ping_status":"closed","sticky":false,"template":"","format":"standard","meta":{"footnotes":""},"categories":[60],"tags":[],"class_list":["post-21456","post","type-post","status-publish","format-standard","has-post-thumbnail","hentry","category-dialogos-en-la-cultura"],"wpmagazine_modules_lite_featured_media_urls":{"thumbnail":["https:\/\/www.focolaresciudadnueva.com\/wp-content\/uploads\/2026\/03\/image-1-150x150.png",150,150,true],"cvmm-medium":["https:\/\/www.focolaresciudadnueva.com\/wp-content\/uploads\/2026\/03\/image-1-300x300.png",300,300,true],"cvmm-medium-plus":["https:\/\/www.focolaresciudadnueva.com\/wp-content\/uploads\/2026\/03\/image-1-305x207.png",305,207,true],"cvmm-portrait":["https:\/\/www.focolaresciudadnueva.com\/wp-content\/uploads\/2026\/03\/image-1-400x522.png",400,522,true],"cvmm-medium-square":["https:\/\/www.focolaresciudadnueva.com\/wp-content\/uploads\/2026\/03\/image-1-600x522.png",600,522,true],"cvmm-large":["https:\/\/www.focolaresciudadnueva.com\/wp-content\/uploads\/2026\/03\/image-1.png",895,522,false],"cvmm-small":["https:\/\/www.focolaresciudadnueva.com\/wp-content\/uploads\/2026\/03\/image-1-130x95.png",130,95,true],"full":["https:\/\/www.focolaresciudadnueva.com\/wp-content\/uploads\/2026\/03\/image-1.png",895,522,false]},"categories_names":{"60":{"name":"Di\u00e1logos en la Cultura","link":"https:\/\/www.focolaresciudadnueva.com\/inicio\/category\/dialogos-en-la-cultura\/"}},"tags_names":[],"comments_number":"0","_links":{"self":[{"href":"https:\/\/www.focolaresciudadnueva.com\/inicio\/wp-json\/wp\/v2\/posts\/21456","targetHints":{"allow":["GET"]}}],"collection":[{"href":"https:\/\/www.focolaresciudadnueva.com\/inicio\/wp-json\/wp\/v2\/posts"}],"about":[{"href":"https:\/\/www.focolaresciudadnueva.com\/inicio\/wp-json\/wp\/v2\/types\/post"}],"author":[{"embeddable":true,"href":"https:\/\/www.focolaresciudadnueva.com\/inicio\/wp-json\/wp\/v2\/users\/4"}],"replies":[{"embeddable":true,"href":"https:\/\/www.focolaresciudadnueva.com\/inicio\/wp-json\/wp\/v2\/comments?post=21456"}],"version-history":[{"count":2,"href":"https:\/\/www.focolaresciudadnueva.com\/inicio\/wp-json\/wp\/v2\/posts\/21456\/revisions"}],"predecessor-version":[{"id":21459,"href":"https:\/\/www.focolaresciudadnueva.com\/inicio\/wp-json\/wp\/v2\/posts\/21456\/revisions\/21459"}],"wp:featuredmedia":[{"embeddable":true,"href":"https:\/\/www.focolaresciudadnueva.com\/inicio\/wp-json\/wp\/v2\/media\/21457"}],"wp:attachment":[{"href":"https:\/\/www.focolaresciudadnueva.com\/inicio\/wp-json\/wp\/v2\/media?parent=21456"}],"wp:term":[{"taxonomy":"category","embeddable":true,"href":"https:\/\/www.focolaresciudadnueva.com\/inicio\/wp-json\/wp\/v2\/categories?post=21456"},{"taxonomy":"post_tag","embeddable":true,"href":"https:\/\/www.focolaresciudadnueva.com\/inicio\/wp-json\/wp\/v2\/tags?post=21456"}],"curies":[{"name":"wp","href":"https:\/\/api.w.org\/{rel}","templated":true}]}}