{"id":21093,"date":"2026-01-26T06:00:00","date_gmt":"2026-01-26T10:00:00","guid":{"rendered":"https:\/\/www.focolaresciudadnueva.com\/inicio\/?p=21093"},"modified":"2026-01-28T11:52:59","modified_gmt":"2026-01-28T15:52:59","slug":"creciendo-en-humanidad","status":"publish","type":"post","link":"https:\/\/www.focolaresciudadnueva.com\/inicio\/creciendo-en-humanidad\/","title":{"rendered":"Creciendo en humanidad"},"content":{"rendered":"\n<p class=\"has-medium-font-size\"><strong><em>Despu\u00e9s de cuarenta a\u00f1os en Francia, donde nac\u00ed hace 68 a\u00f1os atr\u00e1s y ejerc\u00ed con<\/em><\/strong> <strong><em>pasi\u00f3n y felicidad la profesi\u00f3n de profesor de f\u00edsica y qu\u00edmica en secundaria, adem\u00e1s<\/em><\/strong> <strong><em>de numerosas actividades y responsabilidades dentro del Movimiento de los<\/em><\/strong> <strong><em>Focolares, en el 2023 llegu\u00e9 a Medell\u00edn.<\/em><\/strong><\/p>\n\n\n\n<p class=\"has-medium-font-size\">Me jubil\u00e9 y, muy a mi pesar, tuve que abandonar el mundo de la educaci\u00f3n que tanto me ha aportado. Me ayuda en ello una intuici\u00f3n que ten\u00eda desde hac\u00eda algunos a\u00f1os: el \u00abcentro de gravedad\u00bb del mundo ya no est\u00e1 en Europa, y mucho menos en la peque\u00f1a Francia, por muy bella y genial que sea. Si quiero seguir creciendo en humanidad, ser un poco m\u00e1s \u201cen verdad\u201d con el mundo de los seres humanos, no puedo ignorar a la mayor\u00eda de ellos. Sent\u00eda el deseo de poder sumergirme en otras realidades humanas.<\/p>\n\n\n\n<p class=\"has-medium-font-size\">Durante una visita a Roma, se lo coment\u00e9 al responsable de los focolarinos en el mundo, quien acogi\u00f3 mi propuesta y fue as\u00ed como llegu\u00e9 a Am\u00e9rica.<\/p>\n\n\n\n<p class=\"has-medium-font-size\">No vine a aportar mis conocimientos, mi experiencia o cualquier otra cosa, sino m\u00e1s bien a responder a una inquietud interior, por lo tanto, no voy a contarles c\u00f3mo es Am\u00e9rica Latina vista por un europeo, y adem\u00e1s franc\u00e9s enamorado de la racionalidad, sino a compartir con ustedes episodios significativos que me han marcado durante estos a\u00f1os en este, para m\u00ed, nuevo continente.<\/p>\n\n\n\n<p class=\"has-medium-font-size\">Entro en una iglesia de Medell\u00edn para asistir a misa y, al cabo de unos minutos, una anciana vestida con ropas pobres y que apenas puede caminar se sienta a mi lado. Se apoya en mi brazo para poder sentarse, y ya ese simple gesto, lleno de confianza, me sorprende y me la hace sentir cercana. La veo muy concentrada, atenta a cada palabra del sacerdote: est\u00e1 viviendo un momento importante. El momento culminante llega durante la plegaria eucar\u00edstica y la consagraci\u00f3n. Ella acompa\u00f1a las palabras del sacerdote murmur\u00e1ndolas con intensidad. Su actitud me impresiona mucho: est\u00e1 participando en la consagraci\u00f3n del pan y el vino con el sacerdote. Por supuesto, no es su intenci\u00f3n. \u00a1Y tampoco va a reivindicar la ordenaci\u00f3n de las mujeres! Pero, con su sencillez y la integridad de sus sentimientos, encarna con una fuerza incre\u00edble el sacerdocio real, o com\u00fan, de los fieles, como lo denominan los te\u00f3logos, a los que sin duda ella no ha le\u00eddo. Me siento como un enano espiritual a su lado&#8230; y privilegiado por haber podido conocer a esta mujer.<\/p>\n\n\n\n<p class=\"has-medium-font-size\">Durante mis desplazamientos por la ciudad de Medell\u00edn, me llama la atenci\u00f3n la extrema indigencia de los j\u00f3venes migrantes demacrados, que viven en la calle, sin techo. Voy en carro y, al tomar una curva que rodea una zona boscosa, veo a uno de ellos defecando a la vista de todos. Como lo har\u00eda espont\u00e1neamente un animal para satisfacer sus necesidades. Esa imagen me impacta. \u00bfC\u00f3mo hemos podido reducir a este hombre a tal falta de dignidad? Sent\u00ed algo que me sorprendi\u00f3, como una rebeli\u00f3n interior: la verg\u00fcenza de ser humano y la herida de la impotencia de no poder actuar en ese momento. Recuerdo las palabras extremas de Elie Wiesel, internado en Auschwitz y testigo del ahorcamiento de un ni\u00f1o de 12 a\u00f1os: \u00ab\u00bfD\u00f3nde est\u00e1 Dios? Aqu\u00ed est\u00e1: colgado de esta horca&#8230;\u00bb (1). Tambi\u00e9n pienso en las palabras de Juan Pablo II, retomadas por Francisco: hemos creado \u00abestructuras de pecado\u00bb.\u00a0<\/p>\n\n\n\n<p class=\"has-medium-font-size\">En junio de 2024, estoy en Bolivia para una estancia de tres semanas. Visito varias comunidades del movimiento: La Paz, Cochabamba, Santa Cruz&#8230; Me edifica la facilidad con la que cada uno comparte lo m\u00e1s profundo de s\u00ed mismo, con una confianza de la que me siento indigno. Pero no importa, atesoro todas estas riquezas compartidas, como un ni\u00f1o que recibe sus regalos de Navidad.<\/p>\n\n\n\n<p class=\"has-medium-font-size\">Me impacta especialmente la experiencia de Reina. Madre de familia con hijos peque\u00f1os, se da cuenta de que los amigos de sus hijos no tienen nada para comer al mediod\u00eda. Como su casa est\u00e1 cerca de la escuela, empieza por invitar a algunos a su mesa. Con el tiempo, gracias a la creaci\u00f3n de una asociaci\u00f3n y a la ayuda de las autoridades locales, puede abrir un centro de acogida para estos ni\u00f1os durante la hora del almuerzo, y un poco m\u00e1s. La contribuci\u00f3n econ\u00f3mica que se pide es m\u00ednima, pero igual para todos, para que todos puedan participar. \u00a1Es una cuesti\u00f3n de dignidad! Ella quiere que en cada mesa no haya diferencias entre quienes pueden pagar m\u00e1s y quienes apenas pueden hacerlo.<\/p>\n\n\n\n<p class=\"has-medium-font-size\"><strong><em>Me impresiona su enfoque: primero habla su coraz\u00f3n, luego su fe se pone en marcha y le permite superar las dificultades. Que los amigos de sus hijos no pudieran disfrutar de una comida era un esc\u00e1ndalo inaceptable. Su fe contagiosa le permiti\u00f3 movilizar la buena voluntad y desencadenar oleadas de bondad a su alrededor.<\/em><\/strong><\/p>\n\n\n\n<p class=\"has-medium-font-size\">Recuerdo el partido de f\u00fatbol con los animadores del Centro, en un campo lleno de baches que pod\u00eda ser c\u00f3mplice de haza\u00f1as t\u00e9cnicas&#8230; o de fallos memorables. \u00a1Nos re\u00edmos mucho! Reina, perdona la inexactitud de mi relato, pero lo que t\u00fa y tu equipo me aportaron sigue muy vivo en m\u00ed.<\/p>\n\n\n\n<p class=\"has-medium-font-size\">Hace unos meses, casi un a\u00f1o, me un\u00ed a la comunidad del Focolares de Caracas, en Venezuela. Me gusta pasear por esta ciudad, observar a la gente, ir de compras a las tiendas o a los mercados, hablar con quienes me encuentro. Contemplo algunas escenas de la vida cotidiana. Como las de esas familias que se desplazan en moto. Pap\u00e1, mam\u00e1, el hijo agarrado al manillar, sentado delante de su padre, con o sin casco; la hermana peque\u00f1a apretujada entre pap\u00e1 y mam\u00e1, sin mencionar las bolsas de la compra&#8230; El primer reflejo del europeo obsesionado por la seguridad es gritar interiormente por su irresponsabilidad. Pero, \u00bftienen otra opci\u00f3n? En cualquier caso, la serenidad que se lee en ellos me da una buena lecci\u00f3n. Y el rostro radiante del peque\u00f1o, seguro gracias a la presencia de su padre detr\u00e1s de \u00e9l, me impacta profundamente. Irradia un sentimiento de orgullo y felicidad por estar all\u00ed.<\/p>\n\n\n\n<p class=\"has-medium-font-size\"><strong><em>No puedo evitar pensar en los ni\u00f1os sobreprotegidos de nuestras sociedades occidentales, donde el miedo exagerado de los padres ante el m\u00e1s m\u00ednimo peligro los encierra en una jaula de oro. Son tristes.<\/em><\/strong><\/p>\n\n\n\n<p class=\"has-medium-font-size\">Tengo la oportunidad de ir con un grupo que visita mensualmente una prisi\u00f3n. La historia de estas visitas tambi\u00e9n es muy significativa para m\u00ed. La iniciativa surgi\u00f3 de un encuentro fortuito a las puertas de esta prisi\u00f3n entre una persona de este grupo y la madre de uno de los reclusos. Esta madre lleva regularmente comida a su hijo y cuenta las dif\u00edciles condiciones de vida dentro de la prisi\u00f3n. Conmovida por el sufrimiento de esta madre, nuestra amiga habla de ello a su entorno y r\u00e1pidamente se pone en marcha la elaboraci\u00f3n de arepas para compartir con estas personas a las que llamamos \u00abprivadas de libertad\u00bb. El boca a boca hace su trabajo y llegan donaciones de harina, queso y embutidos. Se crea una cadena de solidaridad. Y entre las donaciones recibidas se encuentran tambi\u00e9n las de la viuda del Evangelio, que da de su indigencia. Este trabajo se realiza en colaboraci\u00f3n con una parroquia cat\u00f3lica, una protestante y una ortodoxa.<\/p>\n\n\n<div class=\"wp-block-image\">\n<figure class=\"aligncenter size-full\"><img fetchpriority=\"high\" decoding=\"async\" width=\"343\" height=\"445\" src=\"https:\/\/www.focolaresciudadnueva.com\/wp-content\/uploads\/2026\/01\/image-59.png\" alt=\"\" class=\"wp-image-21096\" srcset=\"https:\/\/www.focolaresciudadnueva.com\/wp-content\/uploads\/2026\/01\/image-59.png 343w, https:\/\/www.focolaresciudadnueva.com\/wp-content\/uploads\/2026\/01\/image-59-231x300.png 231w, https:\/\/www.focolaresciudadnueva.com\/wp-content\/uploads\/2026\/01\/image-59-69x90.png 69w\" sizes=\"(max-width: 343px) 100vw, 343px\" \/><\/figure>\n<\/div>\n\n\n<p class=\"has-medium-font-size\">Mi primera participaci\u00f3n en estas visitas es fuerte para mi sensibilidad. En Francia tengo una amiga que visita prisiones y me ha contado lo mucho que las condiciones de vida pueden deshumanizar a una persona, pero enfrentarse a ello, aunque solo sea por unas horas, es otra cosa. Entramos en un patio interior, cargados con nuestros v\u00edveres. All\u00ed est\u00e1n, j\u00f3venes y ancianos, en un bullicio de vida que me impresiona. Antes de repartir la comida, piden un momento de oraci\u00f3n. Un sacerdote lee un salmo y lo comenta. Muchos de ellos sacan una Biblia de sus bolsillos y siguen con atenci\u00f3n. Una intensidad de oraci\u00f3n como pocas veces he visto en una iglesia. Se escuchan confesiones, se dan bendiciones a quien lo pide, se entablan conversaciones con cada uno del grupo de los visitantes.<\/p>\n\n\n\n<p class=\"has-medium-font-size\">Luego llega la distribuci\u00f3n de las comidas. Acompa\u00f1o a mi amigo sacerdote anglicano al interior. Las manos se extienden a trav\u00e9s de los barrotes para recibir su \u00abarepa\u00bb. Soy testigo de una escena fugaz, que me conmueve. Un joven con el brazo m\u00e1s largo consigue coger su arepa pasando por delante de uno de sus compa\u00f1eros. Se da cuenta y, espont\u00e1neamente, le da ese preciado bien a su amigo. Una reacci\u00f3n instintiva que, para m\u00ed, lo dice todo.&nbsp;<\/p>\n\n\n\n<p class=\"has-medium-font-size\">Al escribir estas l\u00edneas, no puedo evitar citar al papa Le\u00f3n en su \u00faltima carta: \u00abLos m\u00e1s pobres no son solo objeto de nuestra compasi\u00f3n, sino maestros del Evangelio. No se trata de \u00abllevarles\u00bb a Dios, sino de encontrarlo en ellos (2)\u00bb. Con esta visita, estoy viviendo una de las experiencias m\u00e1s intensas de lo divino que he tenido hasta ahora.<\/p>\n\n\n\n<div class=\"wp-block-media-text has-media-on-the-right is-stacked-on-mobile\" style=\"grid-template-columns:auto 17%\"><div class=\"wp-block-media-text__content\">\n<p class=\"has-text-align-right has-medium-font-size\"><strong><em>Por Bernard Br\u00e9chet<\/em><\/strong><\/p>\n<\/div><figure class=\"wp-block-media-text__media\"><img decoding=\"async\" width=\"194\" height=\"172\" src=\"https:\/\/www.focolaresciudadnueva.com\/wp-content\/uploads\/2026\/01\/image-57.png\" alt=\"\" class=\"wp-image-21095 size-full\" srcset=\"https:\/\/www.focolaresciudadnueva.com\/wp-content\/uploads\/2026\/01\/image-57.png 194w, https:\/\/www.focolaresciudadnueva.com\/wp-content\/uploads\/2026\/01\/image-57-102x90.png 102w\" sizes=\"(max-width: 194px) 100vw, 194px\" \/><\/figure><\/div>\n\n\n\n<p class=\"has-medium-font-size\"><\/p>\n\n\n\n<figure class=\"wp-block-image size-full\"><img decoding=\"async\" width=\"929\" height=\"620\" src=\"https:\/\/www.focolaresciudadnueva.com\/wp-content\/uploads\/2026\/01\/image-56.png\" alt=\"\" class=\"wp-image-21094\" srcset=\"https:\/\/www.focolaresciudadnueva.com\/wp-content\/uploads\/2026\/01\/image-56.png 929w, https:\/\/www.focolaresciudadnueva.com\/wp-content\/uploads\/2026\/01\/image-56-300x200.png 300w, https:\/\/www.focolaresciudadnueva.com\/wp-content\/uploads\/2026\/01\/image-56-768x513.png 768w, https:\/\/www.focolaresciudadnueva.com\/wp-content\/uploads\/2026\/01\/image-56-135x90.png 135w, https:\/\/www.focolaresciudadnueva.com\/wp-content\/uploads\/2026\/01\/image-56-750x501.png 750w\" sizes=\"(max-width: 929px) 100vw, 929px\" \/><\/figure>\n","protected":false},"excerpt":{"rendered":"<p>Me jubil\u00e9 y, muy a mi pesar, tuve que abandonar el mundo de la educaci\u00f3n que tanto me ha aportado. <a href=\"https:\/\/www.focolaresciudadnueva.com\/inicio\/creciendo-en-humanidad\/\" class=\"more-link\">Continue reading <span class=\"screen-reader-text\">Creciendo en humanidad<\/span><\/a><\/p>\n","protected":false},"author":4,"featured_media":21094,"comment_status":"closed","ping_status":"closed","sticky":false,"template":"","format":"standard","meta":{"footnotes":""},"categories":[67,174],"tags":[],"class_list":["post-21093","post","type-post","status-publish","format-standard","has-post-thumbnail","hentry","category-experiencias","category-periodismo-en-profundidad"],"wpmagazine_modules_lite_featured_media_urls":{"thumbnail":["https:\/\/www.focolaresciudadnueva.com\/wp-content\/uploads\/2026\/01\/image-56-150x150.png",150,150,true],"cvmm-medium":["https:\/\/www.focolaresciudadnueva.com\/wp-content\/uploads\/2026\/01\/image-56-300x300.png",300,300,true],"cvmm-medium-plus":["https:\/\/www.focolaresciudadnueva.com\/wp-content\/uploads\/2026\/01\/image-56-305x207.png",305,207,true],"cvmm-portrait":["https:\/\/www.focolaresciudadnueva.com\/wp-content\/uploads\/2026\/01\/image-56-400x600.png",400,600,true],"cvmm-medium-square":["https:\/\/www.focolaresciudadnueva.com\/wp-content\/uploads\/2026\/01\/image-56-600x600.png",600,600,true],"cvmm-large":["https:\/\/www.focolaresciudadnueva.com\/wp-content\/uploads\/2026\/01\/image-56.png",929,620,false],"cvmm-small":["https:\/\/www.focolaresciudadnueva.com\/wp-content\/uploads\/2026\/01\/image-56-130x95.png",130,95,true],"full":["https:\/\/www.focolaresciudadnueva.com\/wp-content\/uploads\/2026\/01\/image-56.png",929,620,false]},"categories_names":{"67":{"name":"Experiencias","link":"https:\/\/www.focolaresciudadnueva.com\/inicio\/category\/experiencias\/"},"174":{"name":"Periodismo en profundidad","link":"https:\/\/www.focolaresciudadnueva.com\/inicio\/category\/periodismo-en-profundidad\/"}},"tags_names":[],"comments_number":"0","_links":{"self":[{"href":"https:\/\/www.focolaresciudadnueva.com\/inicio\/wp-json\/wp\/v2\/posts\/21093","targetHints":{"allow":["GET"]}}],"collection":[{"href":"https:\/\/www.focolaresciudadnueva.com\/inicio\/wp-json\/wp\/v2\/posts"}],"about":[{"href":"https:\/\/www.focolaresciudadnueva.com\/inicio\/wp-json\/wp\/v2\/types\/post"}],"author":[{"embeddable":true,"href":"https:\/\/www.focolaresciudadnueva.com\/inicio\/wp-json\/wp\/v2\/users\/4"}],"replies":[{"embeddable":true,"href":"https:\/\/www.focolaresciudadnueva.com\/inicio\/wp-json\/wp\/v2\/comments?post=21093"}],"version-history":[{"count":3,"href":"https:\/\/www.focolaresciudadnueva.com\/inicio\/wp-json\/wp\/v2\/posts\/21093\/revisions"}],"predecessor-version":[{"id":21100,"href":"https:\/\/www.focolaresciudadnueva.com\/inicio\/wp-json\/wp\/v2\/posts\/21093\/revisions\/21100"}],"wp:featuredmedia":[{"embeddable":true,"href":"https:\/\/www.focolaresciudadnueva.com\/inicio\/wp-json\/wp\/v2\/media\/21094"}],"wp:attachment":[{"href":"https:\/\/www.focolaresciudadnueva.com\/inicio\/wp-json\/wp\/v2\/media?parent=21093"}],"wp:term":[{"taxonomy":"category","embeddable":true,"href":"https:\/\/www.focolaresciudadnueva.com\/inicio\/wp-json\/wp\/v2\/categories?post=21093"},{"taxonomy":"post_tag","embeddable":true,"href":"https:\/\/www.focolaresciudadnueva.com\/inicio\/wp-json\/wp\/v2\/tags?post=21093"}],"curies":[{"name":"wp","href":"https:\/\/api.w.org\/{rel}","templated":true}]}}