{"id":21063,"date":"2026-01-22T16:28:34","date_gmt":"2026-01-22T20:28:34","guid":{"rendered":"https:\/\/www.focolaresciudadnueva.com\/inicio\/?p=21063"},"modified":"2026-01-26T07:51:20","modified_gmt":"2026-01-26T11:51:20","slug":"22-de-enero-nacio-chiara-la-mujer-que-sono-con-la-unidad-fraterna-en-el-mundo","status":"publish","type":"post","link":"https:\/\/www.focolaresciudadnueva.com\/inicio\/22-de-enero-nacio-chiara-la-mujer-que-sono-con-la-unidad-fraterna-en-el-mundo\/","title":{"rendered":"22 de enero: naci\u00f3 Chiara, la mujer que so\u00f1\u00f3 con la unidad fraterna en el mundo"},"content":{"rendered":"\n<p class=\"has-medium-font-size\">Cada 22 de enero, el mundo celebra el nacimiento de <strong>Chiara Lubich<\/strong> (1920-2008). M\u00e1s que una figura espiritual, Chiara fue una reformadora que propuso la \u00abfraternidad\u00bb como una categor\u00eda capaz de transformar la sociedad. Su esencia se resume en su propia invitaci\u00f3n a vivir la m\u00edstica de la cercan\u00eda:<\/p>\n\n\n\n<p class=\"has-medium-font-size\"><strong>\u00abHe aqu\u00ed la gran atracci\u00f3n del tiempo moderno: penetrar en la m\u00e1s alta contemplaci\u00f3n y permanecer mezclados con todos, hombre junto a hombre.\u00bb<\/strong><\/p>\n\n\n\n<p class=\"has-medium-font-size\">A continuaci\u00f3n, exploramos sus argumentos centrales apoyados en su propio testimonio de vida:<\/p>\n\n\n\n<hr class=\"wp-block-separator has-alpha-channel-opacity\"\/>\n\n\n\n<h2 class=\"wp-block-heading\"><strong>1. La Econom\u00eda: Del \u00abtener\u00bb al \u00abdar\u00bb<\/strong><\/h2>\n\n\n\n<p class=\"has-medium-font-size\">Chiara argumentaba que la miseria no se soluciona solo con asistencia, sino con un cambio de estructuras basado en la comuni\u00f3n. Al ver las desigualdades en Brasil en 1991, lanz\u00f3 la <strong>Econom\u00eda de Comuni\u00f3n<\/strong>.<\/p>\n\n\n\n<ul class=\"wp-block-list\">\n<li class=\"has-medium-font-size\"><strong>Su testimonio:<\/strong> <em>\u00abNo se trata de dar lo que sobra, sino de dar todo. Si todos ponemos en com\u00fan lo nuestro, no habr\u00e1 m\u00e1s pobres entre nosotros. La econom\u00eda debe pasar de la cultura del tener a la cultura del dar.\u00bb<\/em><\/li>\n<\/ul>\n\n\n\n<h2 class=\"wp-block-heading\"><strong>2. El Di\u00e1logo: La unidad en la diversidad<\/strong><\/h2>\n\n\n\n<p class=\"has-medium-font-size\">Para Chiara, el di\u00e1logo no era una estrategia diplom\u00e1tica, sino una exigencia del amor que reconoce al otro como un hermano, sin importar su credo o cultura.<\/p>\n\n\n\n<ul class=\"wp-block-list\">\n<li class=\"has-medium-font-size\"><strong>Su testimonio:<\/strong> <em>\u00abPara amar al otro hay que hacerse &#8216;uno&#8217; con \u00e9l, entrar en su alma, en su pensamiento, en su cultura, hasta sentir sus sufrimientos y alegr\u00edas como propios. Solo as\u00ed el di\u00e1logo se vuelve fecundo.\u00bb<\/em><\/li>\n<\/ul>\n\n\n\n<h2 class=\"wp-block-heading\"><strong>3. La Pol\u00edtica: El amor de los amores<\/strong><\/h2>\n\n\n\n<p class=\"has-medium-font-size\">Frente a la polarizaci\u00f3n, Chiara propon\u00eda la pol\u00edtica como un servicio sagrado. Argumentaba que el pol\u00edtico debe amar la ciudad o el partido del otro como el suyo propio.<\/p>\n\n\n\n<ul class=\"wp-block-list\">\n<li class=\"has-medium-font-size\"><strong>Su testimonio:<\/strong> <em>\u00abLa pol\u00edtica es el &#8216;amor de los amores&#8217; porque prepara el campo donde todos los dem\u00e1s amores pueden florecer: el arte, la educaci\u00f3n, la salud. El pol\u00edtico es aquel que se hace siervo de todos para construir la unidad de la familia humana.\u00bb<\/em><\/li>\n<\/ul>\n\n\n\n<h2 class=\"wp-block-heading\"><strong>4. El Sufrimiento: La llave de la unidad<\/strong><\/h2>\n\n\n\n<p class=\"has-medium-font-size\">Chiara encontr\u00f3 en la figura de <strong>Jes\u00fas Abandonado<\/strong> el secreto para superar cualquier divisi\u00f3n. Para ella, cada dolor era un rostro de aquel que se sinti\u00f3 solo para unirnos a todos.<\/p>\n\n\n\n<ul class=\"wp-block-list\">\n<li class=\"has-medium-font-size\"><strong>Su testimonio:<\/strong> <em>\u00abCada dolor, cada divisi\u00f3n, es un rostro de \u00c9l. Si lo abrazamos con amor, ese dolor se transforma en luz y nos da la fuerza para recomenzar la unidad all\u00ed donde se ha roto.\u00bb<\/em><\/li>\n<\/ul>\n\n\n\n<hr class=\"wp-block-separator has-alpha-channel-opacity\"\/>\n\n\n\n<h2 class=\"wp-block-heading\"><strong>Un Legado Vivo<\/strong><\/h2>\n\n\n\n<p class=\"has-medium-font-size\">Celebrar a Chiara Lubich es reconocer que la unidad no es una utop\u00eda lejana, sino un trabajo diario que comienza con un gesto sencillo de amor hacia quien tenemos al lado.<\/p>\n\n\n\n<h2 class=\"wp-block-heading\">Ver tambi\u00e9n:<\/h2>\n\n\n\n<figure class=\"wp-block-embed is-type-video is-provider-youtube wp-block-embed-youtube wp-embed-aspect-16-9 wp-has-aspect-ratio\"><div class=\"wp-block-embed__wrapper\">\n<iframe title=\"Feliz Cumplea\u00f1os \ud83c\udf89 Chiara Lubich | 22 de enero\" width=\"720\" height=\"405\" src=\"https:\/\/www.youtube.com\/embed\/8eBUlRoja98?feature=oembed\" frameborder=\"0\" allow=\"accelerometer; autoplay; clipboard-write; encrypted-media; gyroscope; picture-in-picture; web-share\" referrerpolicy=\"strict-origin-when-cross-origin\" allowfullscreen><\/iframe>\n<\/div><\/figure>\n","protected":false},"excerpt":{"rendered":"<p>Celebrar a Chiara Lubich es reconocer que la unidad no es una utop\u00eda lejana, sino un trabajo diario que comienza con un gesto sencillo de amor hacia quien tenemos al lado. <a href=\"https:\/\/www.focolaresciudadnueva.com\/inicio\/22-de-enero-nacio-chiara-la-mujer-que-sono-con-la-unidad-fraterna-en-el-mundo\/\" class=\"more-link\">Continue reading <span class=\"screen-reader-text\">22 de enero: naci\u00f3 Chiara, la mujer que so\u00f1\u00f3 con la unidad fraterna en el mundo<\/span><\/a><\/p>\n","protected":false},"author":4,"featured_media":21066,"comment_status":"open","ping_status":"closed","sticky":false,"template":"","format":"standard","meta":{"footnotes":""},"categories":[164,175],"tags":[],"class_list":["post-21063","post","type-post","status-publish","format-standard","has-post-thumbnail","hentry","category-destacadas-focolares","category-espiritualidad"],"wpmagazine_modules_lite_featured_media_urls":{"thumbnail":["https:\/\/www.focolaresciudadnueva.com\/wp-content\/uploads\/2026\/01\/CHIARA-CUMPLEANOS-1-150x150.png",150,150,true],"cvmm-medium":["https:\/\/www.focolaresciudadnueva.com\/wp-content\/uploads\/2026\/01\/CHIARA-CUMPLEANOS-1-300x300.png",300,300,true],"cvmm-medium-plus":["https:\/\/www.focolaresciudadnueva.com\/wp-content\/uploads\/2026\/01\/CHIARA-CUMPLEANOS-1-305x207.png",305,207,true],"cvmm-portrait":["https:\/\/www.focolaresciudadnueva.com\/wp-content\/uploads\/2026\/01\/CHIARA-CUMPLEANOS-1-400x600.png",400,600,true],"cvmm-medium-square":["https:\/\/www.focolaresciudadnueva.com\/wp-content\/uploads\/2026\/01\/CHIARA-CUMPLEANOS-1-600x600.png",600,600,true],"cvmm-large":["https:\/\/www.focolaresciudadnueva.com\/wp-content\/uploads\/2026\/01\/CHIARA-CUMPLEANOS-1-1024x1000.png",1024,1000,true],"cvmm-small":["https:\/\/www.focolaresciudadnueva.com\/wp-content\/uploads\/2026\/01\/CHIARA-CUMPLEANOS-1-130x95.png",130,95,true],"full":["https:\/\/www.focolaresciudadnueva.com\/wp-content\/uploads\/2026\/01\/CHIARA-CUMPLEANOS-1.png",2000,1000,false]},"categories_names":{"164":{"name":"Destacadas Focolares","link":"https:\/\/www.focolaresciudadnueva.com\/inicio\/category\/destacadas-focolares\/"},"175":{"name":"Espiritualidad","link":"https:\/\/www.focolaresciudadnueva.com\/inicio\/category\/espiritualidad\/"}},"tags_names":[],"comments_number":"1","_links":{"self":[{"href":"https:\/\/www.focolaresciudadnueva.com\/inicio\/wp-json\/wp\/v2\/posts\/21063","targetHints":{"allow":["GET"]}}],"collection":[{"href":"https:\/\/www.focolaresciudadnueva.com\/inicio\/wp-json\/wp\/v2\/posts"}],"about":[{"href":"https:\/\/www.focolaresciudadnueva.com\/inicio\/wp-json\/wp\/v2\/types\/post"}],"author":[{"embeddable":true,"href":"https:\/\/www.focolaresciudadnueva.com\/inicio\/wp-json\/wp\/v2\/users\/4"}],"replies":[{"embeddable":true,"href":"https:\/\/www.focolaresciudadnueva.com\/inicio\/wp-json\/wp\/v2\/comments?post=21063"}],"version-history":[{"count":2,"href":"https:\/\/www.focolaresciudadnueva.com\/inicio\/wp-json\/wp\/v2\/posts\/21063\/revisions"}],"predecessor-version":[{"id":21085,"href":"https:\/\/www.focolaresciudadnueva.com\/inicio\/wp-json\/wp\/v2\/posts\/21063\/revisions\/21085"}],"wp:featuredmedia":[{"embeddable":true,"href":"https:\/\/www.focolaresciudadnueva.com\/inicio\/wp-json\/wp\/v2\/media\/21066"}],"wp:attachment":[{"href":"https:\/\/www.focolaresciudadnueva.com\/inicio\/wp-json\/wp\/v2\/media?parent=21063"}],"wp:term":[{"taxonomy":"category","embeddable":true,"href":"https:\/\/www.focolaresciudadnueva.com\/inicio\/wp-json\/wp\/v2\/categories?post=21063"},{"taxonomy":"post_tag","embeddable":true,"href":"https:\/\/www.focolaresciudadnueva.com\/inicio\/wp-json\/wp\/v2\/tags?post=21063"}],"curies":[{"name":"wp","href":"https:\/\/api.w.org\/{rel}","templated":true}]}}