{"id":21051,"date":"2026-01-23T06:00:00","date_gmt":"2026-01-23T10:00:00","guid":{"rendered":"https:\/\/www.focolaresciudadnueva.com\/inicio\/?p=21051"},"modified":"2026-01-27T08:42:43","modified_gmt":"2026-01-27T12:42:43","slug":"los-migrantes-son-la-esperanza","status":"publish","type":"post","link":"https:\/\/www.focolaresciudadnueva.com\/inicio\/los-migrantes-son-la-esperanza\/","title":{"rendered":"Los migrantes son la esperanza"},"content":{"rendered":"\n<p class=\"has-medium-font-size\"><em><strong>La migraci\u00f3n como fen\u00f3meno social complejo est\u00e1 reconfigurando siempre m\u00e1s la vida de muchos pa\u00edses, generando cambios en las sociedades. <\/strong>En esta edici\u00f3n, m\u00e1s que hablar del fen\u00f3meno en s\u00ed, queremos focalizarnos en lo que este hecho supone para miles de personas que se ven obligadas a emprender este camino. <strong>Marco Strona, director acad\u00e9mico del Cemla (Centro de estudios migratorios Latinoamericanos) de la congregaci\u00f3n de los misioneros Scalabrinianos, <\/strong>ampliamente comprometido con esta causa en Am\u00e9rica Latina nos ayuda a comprender mejor lo que representa esta realidad en Latinoam\u00e9rica y de lo que se est\u00e1 haciendo concretamente para responder a esta necesidad.<\/em><\/p>\n\n\n\n<p class=\"has-medium-font-size\">Cuando hablamos de migraci\u00f3n queremos referirnos, en particular, a la migraci\u00f3n forzada. A quienes se ven obligados a abandonar su pa\u00eds, su hogar, sus familias y amigos. Es entonces necesario ir a las causas de esta migraci\u00f3n. En Am\u00e9rica Latina las causas son m\u00faltiples.&nbsp;<\/p>\n\n\n\n<p class=\"has-medium-font-size\">Entre las principales: <strong>democracias inestables<\/strong> que generan inseguridad y corrupci\u00f3n; i<strong>nseguridad social<\/strong> creada sobre todo por el crimen organizado; sistema econ\u00f3mico que genera <strong>desequilibrios sociales<\/strong>; falta de trabajo; cambio clim\u00e1tico que genera desastres ecol\u00f3gicos. Entre los numerosos problemas, quisiera <strong>subrayar tres: infancia migrante; personas mayores migrantes y la cuesti\u00f3n de los irregulares.<\/strong><\/p>\n\n\n\n<p class=\"has-medium-font-size\">Existen leyes internacionales que protegen a todas las personas menores de edad, permiti\u00e9ndoles quedarse y crecer en el pa\u00eds al que han llegado. Pero, por ejemplo, si sus familiares est\u00e1n en condici\u00f3n irregular,<strong> surge el problema de la separaci\u00f3n o divisi\u00f3n de la familia.<\/strong> Creo que es muy necesario reflexionar sobre este punto. Otra cuesti\u00f3n son<strong> las personas mayores que permanecen solas y con situaci\u00f3n documental no regular: <\/strong>una doble vulnerabilidad. Obviamente podemos se\u00f1alar otros problemas, como el contrato de trabajo, la educaci\u00f3n superior, etc.<\/p>\n\n\n<div class=\"wp-block-image\">\n<figure class=\"aligncenter size-full\"><img fetchpriority=\"high\" decoding=\"async\" width=\"464\" height=\"340\" src=\"https:\/\/www.focolaresciudadnueva.com\/wp-content\/uploads\/2026\/01\/image-50.png\" alt=\"\" class=\"wp-image-21053\" srcset=\"https:\/\/www.focolaresciudadnueva.com\/wp-content\/uploads\/2026\/01\/image-50.png 464w, https:\/\/www.focolaresciudadnueva.com\/wp-content\/uploads\/2026\/01\/image-50-300x220.png 300w, https:\/\/www.focolaresciudadnueva.com\/wp-content\/uploads\/2026\/01\/image-50-130x95.png 130w, https:\/\/www.focolaresciudadnueva.com\/wp-content\/uploads\/2026\/01\/image-50-123x90.png 123w\" sizes=\"(max-width: 464px) 100vw, 464px\" \/><\/figure>\n<\/div>\n\n\n<p class=\"has-medium-font-size\">Obviamente, la migraci\u00f3n tambi\u00e9n genera acciones diplom\u00e1ticas entre los Estados, con protocolos precisos, pero tambi\u00e9n<strong> alianzas entre las comunidades de acogida y de origen.<\/strong> En Am\u00e9rica Latina existen muchos ejemplos. Basta pensar en las muchas redes que existen dentro de la Iglesia y de la sociedad civil, que buscan desarrollar cada vez m\u00e1s conexiones, no solo para acoger a los migrantes, sino sobre todo para trabajar en la integraci\u00f3n, un tema muy dif\u00edcil y desafiante. <strong>Las redes trabajan para crear contactos, por ejemplo, entre las comunidades de destino, origen y tr\u00e1nsito, pero tambi\u00e9n para crear una cultura de acogida, solidaridad y fraternidad.<\/strong><\/p>\n\n\n\n<p class=\"has-medium-font-size\">Dentro de la Iglesia son diversos los trabajos a favor de los migrantes. La Congregaci\u00f3n de los Misioneros Scalabrinianos, por ejemplo, tiene precisamente este carisma espec\u00edfico.<\/p>\n\n\n\n<p class=\"has-medium-font-size\">El trabajo de los Scalabrinianos, de los cuales formo parte, es\u00a0<strong>\u201chacerse migrantes con los migrantes<\/strong>\u201d, y trabajar en red con la Iglesia local, la sociedad civil y los gobiernos. Todo ello para que no se hable m\u00e1s de <strong>la migraci\u00f3n como una \u201cemergencia\u201d, sino como un fen\u00f3meno que, siendo irreversible, debe ser acompa\u00f1ado con miras a la construcci\u00f3n de la fraternidad universal. <\/strong>En este sentido, son muchas las parroquias, di\u00f3cesis y congregaciones religiosas que gestionan casas de acogida para migrantes, parroquias multiculturales, centros de acompa\u00f1amiento jur\u00eddico y social para asesor\u00eda migratoria, siempre en coordinaci\u00f3n con la sociedad civil. Mucho queda a\u00fan por hacer, obviamente, pero la respuesta de la Iglesia es muy concreta.<\/p>\n\n\n\n<p class=\"has-medium-font-size\">Estamos concluyendo el jubileo de la esperanza, inaugurado por el Papa Francisco y clausurado por el Papa Le\u00f3n. <strong>Este jubileo debe llevarnos a descubrir cada vez m\u00e1s, en los migrantes, el rostro de la esperanza. Los migrantes encarnan la esperanza, dejando todo por una tierra,<\/strong> un destino que no saben c\u00f3mo los recibir\u00e1, pero impulsados por la esperanza de una vida y un futuro mejores avanzan. Pues bien, esta Navidad debe ense\u00f1arnos esto. La Encarnaci\u00f3n de Dios, en Bel\u00e9n (casa del pan) debe invitarnos a convertirnos nosotros mismos en pan partido para tantas personas que tienen hambre y sed de esperanza y de paz\u201d.<\/p>\n\n\n\n<div class=\"wp-block-media-text has-media-on-the-right is-stacked-on-mobile\" style=\"grid-template-columns:auto 15%\"><div class=\"wp-block-media-text__content\">\n<p class=\"has-text-align-right has-medium-font-size\"><em><strong>Por Marco Strona, Scalabriniano &#8211; Chile<\/strong><\/em><\/p>\n<\/div><figure class=\"wp-block-media-text__media\"><img decoding=\"async\" width=\"118\" height=\"172\" src=\"https:\/\/www.focolaresciudadnueva.com\/wp-content\/uploads\/2026\/01\/image-51.png\" alt=\"\" class=\"wp-image-21057 size-full\" srcset=\"https:\/\/www.focolaresciudadnueva.com\/wp-content\/uploads\/2026\/01\/image-51.png 118w, https:\/\/www.focolaresciudadnueva.com\/wp-content\/uploads\/2026\/01\/image-51-62x90.png 62w\" sizes=\"(max-width: 118px) 100vw, 118px\" \/><\/figure><\/div>\n\n\n\n<p class=\"has-medium-font-size\"><\/p>\n","protected":false},"excerpt":{"rendered":"<p>La migraci\u00f3n como fen\u00f3meno social complejo est\u00e1 reconfigurando siempre m\u00e1s la vida de muchos pa\u00edses, generando cambios en las sociedades.  <a href=\"https:\/\/www.focolaresciudadnueva.com\/inicio\/los-migrantes-son-la-esperanza\/\" class=\"more-link\">Continue reading <span class=\"screen-reader-text\">Los migrantes son la esperanza<\/span><\/a><\/p>\n","protected":false},"author":4,"featured_media":21054,"comment_status":"open","ping_status":"closed","sticky":false,"template":"","format":"standard","meta":{"footnotes":""},"categories":[108],"tags":[],"class_list":["post-21051","post","type-post","status-publish","format-standard","has-post-thumbnail","hentry","category-migracion"],"wpmagazine_modules_lite_featured_media_urls":{"thumbnail":["https:\/\/www.focolaresciudadnueva.com\/wp-content\/uploads\/2026\/01\/MIGRANTES-CHILE-150x150.png",150,150,true],"cvmm-medium":["https:\/\/www.focolaresciudadnueva.com\/wp-content\/uploads\/2026\/01\/MIGRANTES-CHILE-300x300.png",300,300,true],"cvmm-medium-plus":["https:\/\/www.focolaresciudadnueva.com\/wp-content\/uploads\/2026\/01\/MIGRANTES-CHILE-305x207.png",305,207,true],"cvmm-portrait":["https:\/\/www.focolaresciudadnueva.com\/wp-content\/uploads\/2026\/01\/MIGRANTES-CHILE-400x600.png",400,600,true],"cvmm-medium-square":["https:\/\/www.focolaresciudadnueva.com\/wp-content\/uploads\/2026\/01\/MIGRANTES-CHILE-600x600.png",600,600,true],"cvmm-large":["https:\/\/www.focolaresciudadnueva.com\/wp-content\/uploads\/2026\/01\/MIGRANTES-CHILE-1024x1000.png",1024,1000,true],"cvmm-small":["https:\/\/www.focolaresciudadnueva.com\/wp-content\/uploads\/2026\/01\/MIGRANTES-CHILE-130x95.png",130,95,true],"full":["https:\/\/www.focolaresciudadnueva.com\/wp-content\/uploads\/2026\/01\/MIGRANTES-CHILE.png",2000,1000,false]},"categories_names":{"108":{"name":"Migraci\u00f3n","link":"https:\/\/www.focolaresciudadnueva.com\/inicio\/category\/migracion\/"}},"tags_names":[],"comments_number":"0","_links":{"self":[{"href":"https:\/\/www.focolaresciudadnueva.com\/inicio\/wp-json\/wp\/v2\/posts\/21051","targetHints":{"allow":["GET"]}}],"collection":[{"href":"https:\/\/www.focolaresciudadnueva.com\/inicio\/wp-json\/wp\/v2\/posts"}],"about":[{"href":"https:\/\/www.focolaresciudadnueva.com\/inicio\/wp-json\/wp\/v2\/types\/post"}],"author":[{"embeddable":true,"href":"https:\/\/www.focolaresciudadnueva.com\/inicio\/wp-json\/wp\/v2\/users\/4"}],"replies":[{"embeddable":true,"href":"https:\/\/www.focolaresciudadnueva.com\/inicio\/wp-json\/wp\/v2\/comments?post=21051"}],"version-history":[{"count":4,"href":"https:\/\/www.focolaresciudadnueva.com\/inicio\/wp-json\/wp\/v2\/posts\/21051\/revisions"}],"predecessor-version":[{"id":21061,"href":"https:\/\/www.focolaresciudadnueva.com\/inicio\/wp-json\/wp\/v2\/posts\/21051\/revisions\/21061"}],"wp:featuredmedia":[{"embeddable":true,"href":"https:\/\/www.focolaresciudadnueva.com\/inicio\/wp-json\/wp\/v2\/media\/21054"}],"wp:attachment":[{"href":"https:\/\/www.focolaresciudadnueva.com\/inicio\/wp-json\/wp\/v2\/media?parent=21051"}],"wp:term":[{"taxonomy":"category","embeddable":true,"href":"https:\/\/www.focolaresciudadnueva.com\/inicio\/wp-json\/wp\/v2\/categories?post=21051"},{"taxonomy":"post_tag","embeddable":true,"href":"https:\/\/www.focolaresciudadnueva.com\/inicio\/wp-json\/wp\/v2\/tags?post=21051"}],"curies":[{"name":"wp","href":"https:\/\/api.w.org\/{rel}","templated":true}]}}