{"id":21038,"date":"2026-01-22T06:00:00","date_gmt":"2026-01-22T10:00:00","guid":{"rendered":"https:\/\/www.focolaresciudadnueva.com\/inicio\/?p=21038"},"modified":"2026-01-26T07:50:52","modified_gmt":"2026-01-26T11:50:52","slug":"107-regalos-con-nombre-y-apellido-ecuador","status":"publish","type":"post","link":"https:\/\/www.focolaresciudadnueva.com\/inicio\/107-regalos-con-nombre-y-apellido-ecuador\/","title":{"rendered":"107 regalos con nombre y apellido (Ecuador)"},"content":{"rendered":"\n<p class=\"has-medium-font-size\"><strong><em>En la Navidad del 2021 empezamos con un grupo de amigos del Movimiento de los Focolares una actividad que nos atrajo por su dimensi\u00f3n social y que consist\u00eda en dar de comer a quien encontr\u00e1bamos en las calles.<\/em><\/strong><\/p>\n\n\n\n<p class=\"has-medium-font-size\">En el 2022 pensamos que pod\u00edamos dar un paso m\u00e1s y decidimos dar la comida un s\u00e1bado al mes, pero <strong>nos dimos cuenta de que era importante la proximidad<\/strong> a las personas que se encontraban en condiciones de calle y fue as\u00ed como en julio 2022 nos lanzamos a preparar la comida dos veces al mes.<\/p>\n\n\n<div class=\"wp-block-image\">\n<figure class=\"aligncenter size-full\"><img fetchpriority=\"high\" decoding=\"async\" width=\"389\" height=\"281\" src=\"https:\/\/www.focolaresciudadnueva.com\/wp-content\/uploads\/2026\/01\/image-48.png\" alt=\"\" class=\"wp-image-21045\" srcset=\"https:\/\/www.focolaresciudadnueva.com\/wp-content\/uploads\/2026\/01\/image-48.png 389w, https:\/\/www.focolaresciudadnueva.com\/wp-content\/uploads\/2026\/01\/image-48-300x217.png 300w, https:\/\/www.focolaresciudadnueva.com\/wp-content\/uploads\/2026\/01\/image-48-130x95.png 130w, https:\/\/www.focolaresciudadnueva.com\/wp-content\/uploads\/2026\/01\/image-48-125x90.png 125w\" sizes=\"(max-width: 389px) 100vw, 389px\" \/><\/figure>\n<\/div>\n\n\n<p class=\"has-medium-font-size\"><\/p>\n\n\n\n<p class=\"has-medium-font-size\">A medida que pasaba el tiempo, <strong>se nos hac\u00eda claro que dos veces al mes era poco y, \u00bfpor qu\u00e9 no hacerlo todos los s\u00e1bados?<\/strong> En el 2025 con un poco de temor e incertidumbre, decidimos dar la comida todos los s\u00e1bados y, con la ayuda de Dios y la generosidad de muchas personas que ten\u00edan la misma exigencia, lo logramos.<\/p>\n\n\n\n<p class=\"has-medium-font-size\">Convencidos de que <strong>\u201ctodo lo que hac\u00edamos al m\u00e1s peque\u00f1o de nuestros hermanos, se lo hac\u00edamos a Jes\u00fas\u201d<\/strong>, cada vez que nos encontr\u00e1bamos convers\u00e1bamos en la posibilidad de hacer en navidad algo lindo y especial con nuestros amigos de la calle. Surgi\u00f3 hacerle un regalo personal y entregarlo en un agasajo exclusivo para ellos. Pero para esto decidimos conocerlos m\u00e1s, saber las edades, tallas de ropa y de zapatos. Juntos hicimos un peque\u00f1o censo y logramos anotar 107 personas y ese mismo d\u00eda le entregamos una invitaci\u00f3n para el agasajo de manera que se sintieran amados personalmente. Era muy simp\u00e1tico, porque al preguntarles el n\u00famero de zapatos que usaban se alegraban mucho.<\/p>\n\n\n\n<p class=\"has-medium-font-size\">Quer\u00edamos entregarles un par de zapatos nuevos a cada uno y le pedimos a Jes\u00fas que nos diera los zapatos para \u00c9l en cada una de estas personas.<\/p>\n\n\n\n<p class=\"has-medium-font-size\">\u00a1Ni nosotros mismos lo pod\u00edamos creer! Lleg\u00f3 el dinero y logramos comprar 102 pares, luego nos llegaron otros 15 pares. Tambi\u00e9n nos lleg\u00f3 todo las fundas de caramelos, los helados y mucha ropa. Todo pensado por el amor de Dios. Claro, que esto signific\u00f3 que trabaj\u00e1ramos m\u00e1s preparando los regalos\u2026 <strong>Constatamos la Providencial mano de Dios y que \u201chay m\u00e1s alegr\u00eda en dar que en recibir\u201d<\/strong> , que \u201cDios ama a quien da con alegr\u00eda\u201d y as\u00ed lo experimentamos.<\/p>\n\n\n<div class=\"wp-block-image\">\n<figure class=\"aligncenter size-full is-resized\"><img decoding=\"async\" width=\"672\" height=\"230\" src=\"https:\/\/www.focolaresciudadnueva.com\/wp-content\/uploads\/2026\/01\/image-49.png\" alt=\"\" class=\"wp-image-21046\" style=\"width:899px;height:auto\" srcset=\"https:\/\/www.focolaresciudadnueva.com\/wp-content\/uploads\/2026\/01\/image-49.png 672w, https:\/\/www.focolaresciudadnueva.com\/wp-content\/uploads\/2026\/01\/image-49-300x103.png 300w, https:\/\/www.focolaresciudadnueva.com\/wp-content\/uploads\/2026\/01\/image-49-263x90.png 263w\" sizes=\"(max-width: 672px) 100vw, 672px\" \/><\/figure>\n<\/div>\n\n\n<p><\/p>\n\n\n\n<p class=\"has-medium-font-size\"><strong>\u00a1107 regalos con nombre y apellido!<\/strong><\/p>\n\n\n\n<p class=\"has-medium-font-size\">Lleg\u00f3 el d\u00eda. El p\u00e1rroco muy gentilmente nos prest\u00f3 las instalaciones y todo lo que necesit\u00e1bamos para el evento. Nos organizamos en equipos de trabajo. El equipo de log\u00edstica prepar\u00f3 el patio, carpas, sillas, etc, mientras que el equipo de cocina se encarg\u00f3 del almuerzo en la sede del FEPP, que es una ONG que trabaja tambi\u00e9n por esta causa.<\/p>\n\n\n\n<p class=\"has-medium-font-size\">En total asistieron 152 personas. <strong>Comenzamos la actividad con juegos y concursos, todos estaban llenos de alegr\u00eda y entusiasmo.<\/strong> Organizamos nueve estaciones que simbolizaban un d\u00eda de la novena de Navidad. Luego se comparti\u00f3 un helado y cantamos villancicos, para hacerles vivir el ambiente navide\u00f1o. Despu\u00e9s, el almuerzo: un rico arroz navide\u00f1o con una presa de pollo y jugo para cada uno. Mientras ellos disfrutaban del almuerzo, segu\u00edamos con los villancicos de fondo. Finalmente, la distribuci\u00f3n de los regalos, comenzamos con aquellos que hab\u00edan recibido la invitaci\u00f3n de parte nuestra y luego tambi\u00e9n con los otros. Todos pudieron recibir su regalo, quedamos sin nada.<\/p>\n\n\n\n<p class=\"has-medium-font-size\"><em>Nosotros est\u00e1bamos conmovidos y sorprendidos al ver que Jes\u00fas nos dio todo lo que necesit\u00e1bamos para cada uno.<\/em><\/p>\n\n\n\n<p class=\"has-medium-font-size\">Los equipos organizadores terminamos muy cansados, pero super felices porque <strong>descubrimos que vali\u00f3 la pena el esfuerzo<\/strong> de hacer este agasajo a Jes\u00fas en aquellas personas necesitadas. Regresamos a nuestras casas con una plenitud inmensa porque hab\u00edamos vivido la \u201cproximidad al estilo de Dios\u201d.<\/p>\n\n\n\n<p class=\"has-medium-font-size\">Estamos convencidos de que esto no termina aqu\u00ed que, con la ayuda de Dios, seguiremos adelante amando concretamente a nuestros hermanos que viven en situaci\u00f3n de vulnerabilidad.<\/p>\n\n\n\n<p class=\"has-medium-font-size\"><em>Por Jorge Nicol\u00e1s Iturralde Vasco- Ecuador<\/em><\/p>\n\n\n\n<figure class=\"wp-block-image size-full is-resized\"><img decoding=\"async\" width=\"624\" height=\"351\" src=\"https:\/\/www.focolaresciudadnueva.com\/wp-content\/uploads\/2026\/01\/image-47.png\" alt=\"\" class=\"wp-image-21042\" style=\"width:879px;height:auto\" srcset=\"https:\/\/www.focolaresciudadnueva.com\/wp-content\/uploads\/2026\/01\/image-47.png 624w, https:\/\/www.focolaresciudadnueva.com\/wp-content\/uploads\/2026\/01\/image-47-300x169.png 300w, https:\/\/www.focolaresciudadnueva.com\/wp-content\/uploads\/2026\/01\/image-47-160x90.png 160w\" sizes=\"(max-width: 624px) 100vw, 624px\" \/><\/figure>\n","protected":false},"excerpt":{"rendered":"<p>Convencidos de que \u201ctodo lo que hac\u00edamos al m\u00e1s peque\u00f1o de nuestros hermanos, se lo hac\u00edamos a Jes\u00fas\u201d, cada vez que nos encontr\u00e1bamos convers\u00e1bamos en la posibilidad de hacer en navidad algo lindo y especial con nuestros amigos de la calle.  <a href=\"https:\/\/www.focolaresciudadnueva.com\/inicio\/107-regalos-con-nombre-y-apellido-ecuador\/\" class=\"more-link\">Continue reading <span class=\"screen-reader-text\">107 regalos con nombre y apellido (Ecuador)<\/span><\/a><\/p>\n","protected":false},"author":4,"featured_media":21042,"comment_status":"open","ping_status":"closed","sticky":false,"template":"","format":"standard","meta":{"footnotes":""},"categories":[111],"tags":[],"class_list":["post-21038","post","type-post","status-publish","format-standard","has-post-thumbnail","hentry","category-ecuador"],"wpmagazine_modules_lite_featured_media_urls":{"thumbnail":["https:\/\/www.focolaresciudadnueva.com\/wp-content\/uploads\/2026\/01\/image-47-150x150.png",150,150,true],"cvmm-medium":["https:\/\/www.focolaresciudadnueva.com\/wp-content\/uploads\/2026\/01\/image-47-300x300.png",300,300,true],"cvmm-medium-plus":["https:\/\/www.focolaresciudadnueva.com\/wp-content\/uploads\/2026\/01\/image-47-305x207.png",305,207,true],"cvmm-portrait":["https:\/\/www.focolaresciudadnueva.com\/wp-content\/uploads\/2026\/01\/image-47-400x351.png",400,351,true],"cvmm-medium-square":["https:\/\/www.focolaresciudadnueva.com\/wp-content\/uploads\/2026\/01\/image-47-600x351.png",600,351,true],"cvmm-large":["https:\/\/www.focolaresciudadnueva.com\/wp-content\/uploads\/2026\/01\/image-47.png",624,351,false],"cvmm-small":["https:\/\/www.focolaresciudadnueva.com\/wp-content\/uploads\/2026\/01\/image-47-130x95.png",130,95,true],"full":["https:\/\/www.focolaresciudadnueva.com\/wp-content\/uploads\/2026\/01\/image-47.png",624,351,false]},"categories_names":{"111":{"name":"Ecuador","link":"https:\/\/www.focolaresciudadnueva.com\/inicio\/category\/ecuador\/"}},"tags_names":[],"comments_number":"0","_links":{"self":[{"href":"https:\/\/www.focolaresciudadnueva.com\/inicio\/wp-json\/wp\/v2\/posts\/21038","targetHints":{"allow":["GET"]}}],"collection":[{"href":"https:\/\/www.focolaresciudadnueva.com\/inicio\/wp-json\/wp\/v2\/posts"}],"about":[{"href":"https:\/\/www.focolaresciudadnueva.com\/inicio\/wp-json\/wp\/v2\/types\/post"}],"author":[{"embeddable":true,"href":"https:\/\/www.focolaresciudadnueva.com\/inicio\/wp-json\/wp\/v2\/users\/4"}],"replies":[{"embeddable":true,"href":"https:\/\/www.focolaresciudadnueva.com\/inicio\/wp-json\/wp\/v2\/comments?post=21038"}],"version-history":[{"count":6,"href":"https:\/\/www.focolaresciudadnueva.com\/inicio\/wp-json\/wp\/v2\/posts\/21038\/revisions"}],"predecessor-version":[{"id":21050,"href":"https:\/\/www.focolaresciudadnueva.com\/inicio\/wp-json\/wp\/v2\/posts\/21038\/revisions\/21050"}],"wp:featuredmedia":[{"embeddable":true,"href":"https:\/\/www.focolaresciudadnueva.com\/inicio\/wp-json\/wp\/v2\/media\/21042"}],"wp:attachment":[{"href":"https:\/\/www.focolaresciudadnueva.com\/inicio\/wp-json\/wp\/v2\/media?parent=21038"}],"wp:term":[{"taxonomy":"category","embeddable":true,"href":"https:\/\/www.focolaresciudadnueva.com\/inicio\/wp-json\/wp\/v2\/categories?post=21038"},{"taxonomy":"post_tag","embeddable":true,"href":"https:\/\/www.focolaresciudadnueva.com\/inicio\/wp-json\/wp\/v2\/tags?post=21038"}],"curies":[{"name":"wp","href":"https:\/\/api.w.org\/{rel}","templated":true}]}}