{"id":21025,"date":"2026-01-21T06:00:00","date_gmt":"2026-01-21T10:00:00","guid":{"rendered":"https:\/\/www.focolaresciudadnueva.com\/inicio\/?p=21025"},"modified":"2026-01-20T11:34:45","modified_gmt":"2026-01-20T15:34:45","slug":"presidentes-de-caritas-actualizar-la-labor-a-la-luz-de-la-doctrina-social-de-la-iglesia","status":"publish","type":"post","link":"https:\/\/www.focolaresciudadnueva.com\/inicio\/presidentes-de-caritas-actualizar-la-labor-a-la-luz-de-la-doctrina-social-de-la-iglesia\/","title":{"rendered":"Presidentes de C\u00e1ritas: Actualizar la labor a la luz de la Doctrina Social de la Iglesia"},"content":{"rendered":"\n<p class=\"has-medium-font-size\"><strong><em>Con el objetivo de actualizar su labor pastoral frente a los nuevos desaf\u00edos a la luz de la Doctrina Social de la Iglesia, los obispos presidentes de 11 C\u00e1ritas nacionales de Am\u00e9rica Latina y el Caribe se reunieron en la Ciudad de M\u00e9xico, en un encuentro que coincide con la conmemoraci\u00f3n de los 70 a\u00f1os de misi\u00f3n de C\u00e1ritas en la regi\u00f3n.<\/em><\/strong><\/p>\n\n\n\n<p><a href=\"https:\/\/www.vaticannews.va\/es\/iglesia\/news\/2026-01\/caritas-america-latina-y-el-caribe-doctrina-social-de-la-iglesia.html\">VATICAN NEWS<\/a><\/p>\n\n\n\n<p class=\"has-medium-font-size\">En un encuentro denominado \u201cActualizaci\u00f3n Teol\u00f3gica Pastoral en Magisterio Social de la Iglesia\u201d, en coincidencia con la conmemoraci\u00f3n de los 70 a\u00f1os de misi\u00f3n de C\u00e1ritas en Am\u00e9rica Latina y el Caribe, del 11 al 16 de enero, <strong>los obispos presidentes de 11 C\u00e1ritas Nacionales de la regi\u00f3n se reunieron en la Ciudad de M\u00e9xico para actualizar su labor pastoral frente a los nuevos desaf\u00edos a la luz de la Doctrina Social de la Iglesia.<\/strong><\/p>\n\n\n\n<p class=\"has-medium-font-size\">Hay <strong>\u201ctemas sociales de actualidad que urge que alguien nos oriente a nosotros para tener una mejor visi\u00f3n de lo que tenemos por delante\u201d<\/strong>, observ\u00f3 monse\u00f1or Gustavo Rodr\u00edguez Vega, arzobispo de Yucat\u00e1n y presidente de C\u00e1ritas Am\u00e9rica Latina y el Caribe, quien resalt\u00f3 la importancia de este espacio formativo, que cont\u00f3 con la facilitaci\u00f3n metodol\u00f3gica del profesor C\u00e9sar Kuzma, doctor en Teolog\u00eda y miembro de la Comisi\u00f3n Teol\u00f3gica Asesora de C\u00e1ritas LAC, y la participaci\u00f3n de 18 ponentes de distintos pa\u00edses.<\/p>\n\n\n\n<p class=\"has-medium-font-size\"><strong>\u201cLa Iglesia est\u00e1 llamada a ser una voz prof\u00e9tica que denuncia la injusticia y promueve la dignidad de toda persona\u201d<\/strong>, destaca el mensaje central de la formaci\u00f3n, en l\u00ednea con la fundamentaci\u00f3n del evento, que subray\u00f3 que la caridad no es solo una acci\u00f3n asistencial, sino una de las tres tareas inseparables que definen la naturaleza de la Iglesia, junto con la proclamaci\u00f3n del Evangelio y la celebraci\u00f3n de los sacramentos.<\/p>\n\n\n\n<h2 class=\"wp-block-heading\"><strong>Escuchar y compartir una construcci\u00f3n teol\u00f3gica sinodal<\/strong><\/h2>\n\n\n\n<p class=\"has-medium-font-size\"><strong>\u201cCreo que lo que hemos vivido aqu\u00ed fue una experiencia de construcci\u00f3n colectiva comunitaria en lo que corresponde a la misi\u00f3n de la Iglesia, que es la construcci\u00f3n del bien com\u00fan\u201d<\/strong>, destac\u00f3 el te\u00f3logo C\u00e9sar Kuzma, quien acompa\u00f1\u00f3 a los obispos durante toda la semana, subrayando que el encuentro fue muy enriquecedor, especialmente porque permiti\u00f3 escuchar diferentes realidades y compartir una construcci\u00f3n teol\u00f3gica colectiva sinodal, con vistas a un trabajo social en favor de los m\u00e1s pobres y necesitados.<\/p>\n\n\n\n<p class=\"has-medium-font-size\"><strong>\u201cTra\u00eda unas expectativas, pero creo que las expectativas son peque\u00f1as en comparaci\u00f3n a la experiencia que he tenido. He venido a aprender, he sido disc\u00edpulo en esta ocasi\u00f3n para despu\u00e9s poder compartir con mis hermanos del Salvador mi experiencia y los sentimientos que hemos tenido en estos d\u00edas ac\u00e1\u201d<\/strong>, dijo, por su parte, monse\u00f1or Reinaldo Sorto Mart\u00ednez, obispo castrense del Ordinariato Militar de El Salvador y presidente de C\u00e1ritas en su pa\u00eds.<\/p>\n\n\n\n<h2 class=\"wp-block-heading\"><strong>Abordar la complejidad social y los desaf\u00edos de la regi\u00f3n<\/strong><\/h2>\n\n\n\n<p class=\"has-medium-font-size\">Con el objetivo de abordar la complejidad social y los desaf\u00edos institucionales de la regi\u00f3n, centr\u00e1ndose en el desarrollo humano integral y la sinodalidad como principios de conducci\u00f3n, los temas seleccionados buscaron fortalecer las competencias episcopales y ofrecer un espacio colegiado y sinodal de actualizaci\u00f3n teol\u00f3gico-pastoral del Magisterio Social de la Iglesia, propiciando <strong>\u201cuna reflexi\u00f3n profunda sobre las ra\u00edces de la crisis social y ambiental, tal como lo ha desarrollado el Papa Francisco y proyecta su continuidad el Papa Le\u00f3n XIV, rechazando las visiones fragmentadas que separan ambas dimensiones\u201d<\/strong>, destaca C\u00e1ritas Am\u00e9rica Latina y el Caribe.<\/p>\n\n\n\n<p class=\"has-medium-font-size\">El lunes 12 se centr\u00f3 en el contexto y la dimensi\u00f3n social de la fe y de la evangelizaci\u00f3n, estableciendo el cimiento teol\u00f3gico y el contexto operativo de la formaci\u00f3n, con una lectura de la realidad latinoamericana. El martes 13 se dedic\u00f3 a la profundizaci\u00f3n del Magisterio Social de la Iglesia <strong>a luz de la primera exhortaci\u00f3n apost\u00f3lica del Papa Le\u00f3n XIV,\u00a0<em>Dilexi te<\/em>, de la enc\u00edclica\u00a0<em>Fratelli Tutti<\/em>\u00a0del Papa Francisco, y del proceso sinodal, conect\u00e1ndolo con el rol de la pastoral social.<\/strong> Por la tarde, los obispos fueron a la Bas\u00edlica de Santa Mar\u00eda de Guadalupe como peregrinos para celebrar la eucarist\u00eda y orar por la regi\u00f3n junto al pueblo de Dios.<\/p>\n\n\n\n<p class=\"has-medium-font-size\">El mi\u00e9rcoles 14 s<strong>e abord\u00f3 la identidad y misi\u00f3n pastoral con una actualizaci\u00f3n teol\u00f3gico-pastoral, revisando documentos clave del Papa Francisco, como\u00a0<em>Laudato si\u2019<\/em>\u00a0y\u00a0<em>Laudate Deum<\/em>, y una compartida sobre la relaci\u00f3n de los movimientos populares y el rol de la pastoral social<\/strong>, adem\u00e1s de una lectura \u201cDe Francisco a Le\u00f3n\u201d, contextualizando la continuidad de este Magisterio con la misi\u00f3n actual de la Iglesia. Por la tarde, se estableci\u00f3 el anclaje hist\u00f3rico y eclesiol\u00f3gico de la caridad organizada, con reflexiones sobre\u00a0<em>Caritas in veritate\u00a0<\/em>de Benedicto XVI, una relectura de\u00a0<em>Rerum novarum<\/em>\u00a0de Le\u00f3n XIII y una reflexi\u00f3n sobre sinodalidad y dimensi\u00f3n social de la evangelizaci\u00f3n.<\/p>\n\n\n\n<p class=\"has-medium-font-size\">El jueves 15 se analizaron los desaf\u00edos contempor\u00e1neos en <strong>un panel sobre la cultura del cuidado, iglesia y comunicaci\u00f3n, y los impactos de la inteligencia artificial en la pastoral social<\/strong>. El encuentro culmin\u00f3 por la tarde con sesiones de conversaci\u00f3n en el Esp\u00edritu para recapitular lo compartido y abrazar los desaf\u00edos que animar\u00e1n la pastoral caritativa en los respectivos pa\u00edses.<\/p>\n\n\n\n<figure class=\"wp-block-image size-large\"><img fetchpriority=\"high\" decoding=\"async\" width=\"1024\" height=\"576\" src=\"https:\/\/www.focolaresciudadnueva.com\/wp-content\/uploads\/2026\/01\/image-44-1024x576.png\" alt=\"\" class=\"wp-image-21026\" srcset=\"https:\/\/www.focolaresciudadnueva.com\/wp-content\/uploads\/2026\/01\/image-44-1024x576.png 1024w, https:\/\/www.focolaresciudadnueva.com\/wp-content\/uploads\/2026\/01\/image-44-300x169.png 300w, https:\/\/www.focolaresciudadnueva.com\/wp-content\/uploads\/2026\/01\/image-44-768x432.png 768w, https:\/\/www.focolaresciudadnueva.com\/wp-content\/uploads\/2026\/01\/image-44-160x90.png 160w, https:\/\/www.focolaresciudadnueva.com\/wp-content\/uploads\/2026\/01\/image-44-750x422.png 750w, https:\/\/www.focolaresciudadnueva.com\/wp-content\/uploads\/2026\/01\/image-44-1140x641.png 1140w, https:\/\/www.focolaresciudadnueva.com\/wp-content\/uploads\/2026\/01\/image-44.png 1280w\" sizes=\"(max-width: 1024px) 100vw, 1024px\" \/><\/figure>\n\n\n\n<p><\/p>\n","protected":false},"excerpt":{"rendered":"<p>\u201cLa Iglesia est\u00e1 llamada a ser una voz prof\u00e9tica que denuncia la injusticia y promueve la dignidad de toda persona\u201d <a href=\"https:\/\/www.focolaresciudadnueva.com\/inicio\/presidentes-de-caritas-actualizar-la-labor-a-la-luz-de-la-doctrina-social-de-la-iglesia\/\" class=\"more-link\">Continue reading <span class=\"screen-reader-text\">Presidentes de C\u00e1ritas: Actualizar la labor a la luz de la Doctrina Social de la Iglesia<\/span><\/a><\/p>\n","protected":false},"author":4,"featured_media":21026,"comment_status":"open","ping_status":"closed","sticky":false,"template":"","format":"standard","meta":{"footnotes":""},"categories":[63],"tags":[],"class_list":["post-21025","post","type-post","status-publish","format-standard","has-post-thumbnail","hentry","category-iglesia"],"wpmagazine_modules_lite_featured_media_urls":{"thumbnail":["https:\/\/www.focolaresciudadnueva.com\/wp-content\/uploads\/2026\/01\/image-44-150x150.png",150,150,true],"cvmm-medium":["https:\/\/www.focolaresciudadnueva.com\/wp-content\/uploads\/2026\/01\/image-44-300x300.png",300,300,true],"cvmm-medium-plus":["https:\/\/www.focolaresciudadnueva.com\/wp-content\/uploads\/2026\/01\/image-44-305x207.png",305,207,true],"cvmm-portrait":["https:\/\/www.focolaresciudadnueva.com\/wp-content\/uploads\/2026\/01\/image-44-400x600.png",400,600,true],"cvmm-medium-square":["https:\/\/www.focolaresciudadnueva.com\/wp-content\/uploads\/2026\/01\/image-44-600x600.png",600,600,true],"cvmm-large":["https:\/\/www.focolaresciudadnueva.com\/wp-content\/uploads\/2026\/01\/image-44-1024x720.png",1024,720,true],"cvmm-small":["https:\/\/www.focolaresciudadnueva.com\/wp-content\/uploads\/2026\/01\/image-44-130x95.png",130,95,true],"full":["https:\/\/www.focolaresciudadnueva.com\/wp-content\/uploads\/2026\/01\/image-44.png",1280,720,false]},"categories_names":{"63":{"name":"Iglesia","link":"https:\/\/www.focolaresciudadnueva.com\/inicio\/category\/iglesia\/"}},"tags_names":[],"comments_number":"0","_links":{"self":[{"href":"https:\/\/www.focolaresciudadnueva.com\/inicio\/wp-json\/wp\/v2\/posts\/21025","targetHints":{"allow":["GET"]}}],"collection":[{"href":"https:\/\/www.focolaresciudadnueva.com\/inicio\/wp-json\/wp\/v2\/posts"}],"about":[{"href":"https:\/\/www.focolaresciudadnueva.com\/inicio\/wp-json\/wp\/v2\/types\/post"}],"author":[{"embeddable":true,"href":"https:\/\/www.focolaresciudadnueva.com\/inicio\/wp-json\/wp\/v2\/users\/4"}],"replies":[{"embeddable":true,"href":"https:\/\/www.focolaresciudadnueva.com\/inicio\/wp-json\/wp\/v2\/comments?post=21025"}],"version-history":[{"count":1,"href":"https:\/\/www.focolaresciudadnueva.com\/inicio\/wp-json\/wp\/v2\/posts\/21025\/revisions"}],"predecessor-version":[{"id":21027,"href":"https:\/\/www.focolaresciudadnueva.com\/inicio\/wp-json\/wp\/v2\/posts\/21025\/revisions\/21027"}],"wp:featuredmedia":[{"embeddable":true,"href":"https:\/\/www.focolaresciudadnueva.com\/inicio\/wp-json\/wp\/v2\/media\/21026"}],"wp:attachment":[{"href":"https:\/\/www.focolaresciudadnueva.com\/inicio\/wp-json\/wp\/v2\/media?parent=21025"}],"wp:term":[{"taxonomy":"category","embeddable":true,"href":"https:\/\/www.focolaresciudadnueva.com\/inicio\/wp-json\/wp\/v2\/categories?post=21025"},{"taxonomy":"post_tag","embeddable":true,"href":"https:\/\/www.focolaresciudadnueva.com\/inicio\/wp-json\/wp\/v2\/tags?post=21025"}],"curies":[{"name":"wp","href":"https:\/\/api.w.org\/{rel}","templated":true}]}}