{"id":20967,"date":"2026-01-18T08:08:12","date_gmt":"2026-01-18T12:08:12","guid":{"rendered":"https:\/\/www.focolaresciudadnueva.com\/inicio\/?p=20967"},"modified":"2026-01-22T14:09:49","modified_gmt":"2026-01-22T18:09:49","slug":"navidad-la-revolucion-que-continua","status":"publish","type":"post","link":"https:\/\/www.focolaresciudadnueva.com\/inicio\/navidad-la-revolucion-que-continua\/","title":{"rendered":"Navidad: la revoluci\u00f3n que contin\u00faa (Chiara Lubich)"},"content":{"rendered":"\n<p class=\"has-medium-font-size\"><strong><em>\u00a1Todos uno! Es una meta. Es un mandato: un mandato de Aquel a quien todo hombre debe someterse con alegr\u00eda. Dios es nuestro Padre. Si se abrieran los cielos y hablara, mir\u00e1ndonos uno a uno, nos dir\u00eda: \u00ab\u00a1Todos uno! Son hermanos, as\u00ed que \u00fananse\u00bb.<\/em><\/strong><\/p>\n\n\n\n<p class=\"has-medium-font-size\">Un d\u00eda se abri\u00f3 el cielo, porque la Palabra se hizo hombre, creci\u00f3, ense\u00f1\u00f3, realiz\u00f3 milagros, reuni\u00f3 disc\u00edpulos, fund\u00f3 la Iglesia y, antes de morir en la cruz, dijo al Padre: \u00abQue sean uno\u00bb. No se dirigi\u00f3 a los hombres: quiz\u00e1 no lo habr\u00edan entendido. Se lo pidi\u00f3 al Padre, porque el v\u00ednculo de esta unidad es Dios, y nos obtuvo la gracia de poder ser uno.<\/p>\n\n\n\n<p class=\"has-medium-font-size\">Nosotros los cristianos hablamos mucho de unidad, del Cuerpo M\u00edstico, de la Iglesia, pero a menudo caemos en lo absurdo de saber cosas, de conocerlas, pero no vivirlas.<\/p>\n\n\n\n<p class=\"has-medium-font-size\">Sabemos que somos hermanos, sabemos que un v\u00ednculo nos une, pero no actuamos como hermanos. Nos cruzamos sin mirarnos, sin ayudarnos, sin querernos. Pero, entonces, \u00bfen qu\u00e9 consiste nuestra fraternidad? (\u2026)<\/p>\n\n\n\n<p class=\"has-medium-font-size\">\u00bfQui\u00e9n lo hace hoy? \u00bfEntonces por qu\u00e9 lo dijo Jes\u00fas? \u00bfEs posible que solo los santos vivan el Evangelio? \u00bfY qu\u00e9 hacen los cristianos? Intentan, cuando pueden, no hacer el mal y, cuando quieren, hacer un poco de bien. Pero no era eso lo que Jes\u00fas quer\u00eda.<\/p>\n\n\n\n<p class=\"has-medium-font-size\">Si caminas por una ciudad pagana ya no te das cuenta de que est\u00e1s en una ciudad no cristiana, porque en las ciudades ya no se ven m\u00e1s los cristianos aut\u00e9nticos, aquellos que dan testimonio de Dios. Sin embargo, deber\u00eda haber una diferencia entre los que tienen la verdadera religi\u00f3n y los que no la tienen, deber\u00eda haber un abismo.<\/p>\n\n\n\n<p class=\"has-medium-font-size\">La culpa es nuestra. Hemos olvidado lo esencial. Tenemos los ojos cerrados por los bienes, los negocios, los afectos, las ideas personales y el ego\u00edsmo. Nada se pospone a Dios. Dios existe. S\u00ed, tambi\u00e9n existe Dios, pero es una de muchas cosas. Lo recordamos en ciertos momentos, cuando lo necesitamos.<\/p>\n\n\n<div class=\"wp-block-image\">\n<figure class=\"aligncenter size-full\"><img fetchpriority=\"high\" decoding=\"async\" width=\"510\" height=\"281\" src=\"https:\/\/www.focolaresciudadnueva.com\/wp-content\/uploads\/2026\/01\/image-27.png\" alt=\"\" class=\"wp-image-20968\" srcset=\"https:\/\/www.focolaresciudadnueva.com\/wp-content\/uploads\/2026\/01\/image-27.png 510w, https:\/\/www.focolaresciudadnueva.com\/wp-content\/uploads\/2026\/01\/image-27-300x165.png 300w, https:\/\/www.focolaresciudadnueva.com\/wp-content\/uploads\/2026\/01\/image-27-163x90.png 163w\" sizes=\"(max-width: 510px) 100vw, 510px\" \/><\/figure>\n<\/div>\n\n\n<p class=\"has-medium-font-size\"><\/p>\n\n\n\n<p class=\"has-medium-font-size\">Como cristianos debemos vivir de forma diferente. Debemos poner a Dios en primer lugar y posponer el resto.&nbsp;<\/p>\n\n\n\n<p class=\"has-medium-font-size\">\u00c9l nos ense\u00f1ar\u00e1 c\u00f3mo vivir y nos repetir\u00e1 sus palabras: \u00ab\u00e1mense unos a otros\u00bb.&nbsp;<\/p>\n\n\n\n<p class=\"has-medium-font-size\">Eso es todo.<\/p>\n\n\n\n<p class=\"has-medium-font-size\">Si cada uno de nosotros traduce estas palabras en vida y ama a los que lo rodean como lo har\u00eda Jes\u00fas, en cada uno surgir\u00e1 la chispa de la revoluci\u00f3n cristiana, que consiste en obligar a hombres y mujeres, con amor, a reconocerse como hermanos y hermanas y a tratarse como tales. Entonces muchas cosas cambiar\u00e1n. Mi familia ser\u00e1 la humanidad, como dijo Jes\u00fas: \u00abMi madre y mis hermanos son los que escuchan la Palabra de Dios\u00bb.<\/p>\n\n\n\n<p class=\"has-medium-font-size\">Y al pasar por las calles del mundo nos daremos cuenta de que los hombres no son solo hombres, sino hijos de Dios. \u00a1Todos uno!<\/p>\n\n\n\n<p class=\"has-medium-font-size\">Hagamos de la tierra una sola familia, donde la regla de todas las reglas sea el Amor. Hagamos que cada ciudad sea una ciudad nueva. Esta es nuestra meta. Si no hemos trabajado por esto, como cristianos podemos decir que hemos fracasado.<\/p>\n\n\n\n<p class=\"has-medium-font-size\"><em>Chiara Lubich, archivo- 25\/12\/72<\/em><\/p>\n\n\n<div class=\"wp-block-image\">\n<figure class=\"aligncenter size-full\"><img decoding=\"async\" width=\"451\" height=\"293\" src=\"https:\/\/www.focolaresciudadnueva.com\/wp-content\/uploads\/2026\/01\/image-28.png\" alt=\"\" class=\"wp-image-20969\" srcset=\"https:\/\/www.focolaresciudadnueva.com\/wp-content\/uploads\/2026\/01\/image-28.png 451w, https:\/\/www.focolaresciudadnueva.com\/wp-content\/uploads\/2026\/01\/image-28-300x195.png 300w, https:\/\/www.focolaresciudadnueva.com\/wp-content\/uploads\/2026\/01\/image-28-139x90.png 139w\" sizes=\"(max-width: 451px) 100vw, 451px\" \/><\/figure>\n<\/div>","protected":false},"excerpt":{"rendered":"<p>\u00a1Todos uno! Es una meta. Es un mandato: un mandato de Aquel a quien todo hombre debe someterse con alegr\u00eda. Dios es nuestro Padre. Si se abrieran los cielos y hablara, mir\u00e1ndonos uno a uno, nos dir\u00eda: \u00ab\u00a1Todos uno! Son hermanos, as\u00ed que \u00fananse\u00bb. <a href=\"https:\/\/www.focolaresciudadnueva.com\/inicio\/navidad-la-revolucion-que-continua\/\" class=\"more-link\">Continue reading <span class=\"screen-reader-text\">Navidad: la revoluci\u00f3n que contin\u00faa (Chiara Lubich)<\/span><\/a><\/p>\n","protected":false},"author":4,"featured_media":20969,"comment_status":"open","ping_status":"closed","sticky":false,"template":"","format":"standard","meta":{"footnotes":""},"categories":[164,77],"tags":[],"class_list":["post-20967","post","type-post","status-publish","format-standard","has-post-thumbnail","hentry","category-destacadas-focolares","category-en-dialogo-con-chiara"],"wpmagazine_modules_lite_featured_media_urls":{"thumbnail":["https:\/\/www.focolaresciudadnueva.com\/wp-content\/uploads\/2026\/01\/image-28-150x150.png",150,150,true],"cvmm-medium":["https:\/\/www.focolaresciudadnueva.com\/wp-content\/uploads\/2026\/01\/image-28-300x293.png",300,293,true],"cvmm-medium-plus":["https:\/\/www.focolaresciudadnueva.com\/wp-content\/uploads\/2026\/01\/image-28-305x207.png",305,207,true],"cvmm-portrait":["https:\/\/www.focolaresciudadnueva.com\/wp-content\/uploads\/2026\/01\/image-28-400x293.png",400,293,true],"cvmm-medium-square":["https:\/\/www.focolaresciudadnueva.com\/wp-content\/uploads\/2026\/01\/image-28.png",451,293,false],"cvmm-large":["https:\/\/www.focolaresciudadnueva.com\/wp-content\/uploads\/2026\/01\/image-28.png",451,293,false],"cvmm-small":["https:\/\/www.focolaresciudadnueva.com\/wp-content\/uploads\/2026\/01\/image-28-130x95.png",130,95,true],"full":["https:\/\/www.focolaresciudadnueva.com\/wp-content\/uploads\/2026\/01\/image-28.png",451,293,false]},"categories_names":{"164":{"name":"Destacadas Focolares","link":"https:\/\/www.focolaresciudadnueva.com\/inicio\/category\/destacadas-focolares\/"},"77":{"name":"En di\u00e1logo con Chiara","link":"https:\/\/www.focolaresciudadnueva.com\/inicio\/category\/en-dialogo-con-chiara\/"}},"tags_names":[],"comments_number":"0","_links":{"self":[{"href":"https:\/\/www.focolaresciudadnueva.com\/inicio\/wp-json\/wp\/v2\/posts\/20967","targetHints":{"allow":["GET"]}}],"collection":[{"href":"https:\/\/www.focolaresciudadnueva.com\/inicio\/wp-json\/wp\/v2\/posts"}],"about":[{"href":"https:\/\/www.focolaresciudadnueva.com\/inicio\/wp-json\/wp\/v2\/types\/post"}],"author":[{"embeddable":true,"href":"https:\/\/www.focolaresciudadnueva.com\/inicio\/wp-json\/wp\/v2\/users\/4"}],"replies":[{"embeddable":true,"href":"https:\/\/www.focolaresciudadnueva.com\/inicio\/wp-json\/wp\/v2\/comments?post=20967"}],"version-history":[{"count":2,"href":"https:\/\/www.focolaresciudadnueva.com\/inicio\/wp-json\/wp\/v2\/posts\/20967\/revisions"}],"predecessor-version":[{"id":20988,"href":"https:\/\/www.focolaresciudadnueva.com\/inicio\/wp-json\/wp\/v2\/posts\/20967\/revisions\/20988"}],"wp:featuredmedia":[{"embeddable":true,"href":"https:\/\/www.focolaresciudadnueva.com\/inicio\/wp-json\/wp\/v2\/media\/20969"}],"wp:attachment":[{"href":"https:\/\/www.focolaresciudadnueva.com\/inicio\/wp-json\/wp\/v2\/media?parent=20967"}],"wp:term":[{"taxonomy":"category","embeddable":true,"href":"https:\/\/www.focolaresciudadnueva.com\/inicio\/wp-json\/wp\/v2\/categories?post=20967"},{"taxonomy":"post_tag","embeddable":true,"href":"https:\/\/www.focolaresciudadnueva.com\/inicio\/wp-json\/wp\/v2\/tags?post=20967"}],"curies":[{"name":"wp","href":"https:\/\/api.w.org\/{rel}","templated":true}]}}