{"id":20560,"date":"2025-12-09T15:55:32","date_gmt":"2025-12-09T19:55:32","guid":{"rendered":"https:\/\/www.focolaresciudadnueva.com\/inicio\/?p=20560"},"modified":"2025-12-09T15:56:05","modified_gmt":"2025-12-09T19:56:05","slug":"la-vida-pende-de-un-hilo-podcast-revela-la-inaccion-del-estado-mexicano-y-la-lucha-de-familias-buscadoras","status":"publish","type":"post","link":"https:\/\/www.focolaresciudadnueva.com\/inicio\/la-vida-pende-de-un-hilo-podcast-revela-la-inaccion-del-estado-mexicano-y-la-lucha-de-familias-buscadoras\/","title":{"rendered":"\u2018La Vida pende de un hilo\u2019: podcast revela la inacci\u00f3n del Estado mexicano y la lucha de familias buscadoras"},"content":{"rendered":"\n<p><a href=\"https:\/\/adn.celam.org\/la-vida-pende-de-un-hilo-podcast-revela-la-inaccion-del-estado-mexicano-y-la-lucha-de-familias-buscadoras\/\">\u00a0ADN CELAM<\/a><\/p>\n\n\n\n<figure class=\"wp-block-image\"><img decoding=\"async\" src=\"https:\/\/adn.celam.org\/wp-content\/uploads\/2025\/12\/desaparecidos-Mexico-2-958x532.jpg\" alt=\"\"\/><\/figure>\n\n\n\n<p class=\"has-medium-font-size\"><strong>La campa\u00f1a \u2018La Vida pende de un hilo\u2019<\/strong>, promovida por el Consejo Episcopal Latinoamericano y Caribe\u00f1o (Celam) junto a organizaciones sociales y eclesiales, lanz\u00f3 su&nbsp;<strong>cuarto episodio: \u201cFamilias de Acapulco en busca de sus desaparecidos\u201d<\/strong>, un podcast producido en alianza con Juan Diego Network.<\/p>\n\n\n\n<p class=\"has-medium-font-size\">Desde su lanzamiento el 10 de diciembre de 2024, fecha en que se celebra el D\u00eda Internacional de los Derechos Humanos, la iniciativa trabaja para acompa\u00f1ar, dar visibilidad y dignificar a l\u00edderes y actores c\u00edvicos que asumen riesgos por proteger la vida y la justicia.<\/p>\n\n\n\n<p class=\"has-medium-font-size\">En este episodio,<strong>\u00a0el obispo Carlos Garfias, arzobispo de Morelia y el sacerdote Jes\u00fas Mendoza hablan de un caso doloroso<\/strong>\u00a0que conmocion\u00f3 a M\u00e9xico, se trat\u00f3 de\u00a0<strong>la desaparici\u00f3n en el 2015 de la joven de 16 a\u00f1os Monserrat Ceballos.<\/strong>\u00a0La historia reconstruye el dolor familiar, la ausencia de respuestas oficiales y la fuerza organizativa de quienes buscan e identifican a sus seres queridos.<\/p>\n\n\n\n<p class=\"has-medium-font-size\"><a href=\"https:\/\/adn.celam.org\/la-vida-pende-de-un-hilo-podcast-revela-la-inaccion-del-estado-mexicano-y-la-lucha-de-familias-buscadoras\/desaparecidos-mexico\/\"><\/a><\/p>\n\n\n\n<figure class=\"wp-block-image size-large\"><img fetchpriority=\"high\" decoding=\"async\" width=\"1024\" height=\"597\" src=\"https:\/\/www.focolaresciudadnueva.com\/wp-content\/uploads\/2025\/12\/image-26-1024x597.png\" alt=\"\" class=\"wp-image-20562\" srcset=\"https:\/\/www.focolaresciudadnueva.com\/wp-content\/uploads\/2025\/12\/image-26-1024x597.png 1024w, https:\/\/www.focolaresciudadnueva.com\/wp-content\/uploads\/2025\/12\/image-26-300x175.png 300w, https:\/\/www.focolaresciudadnueva.com\/wp-content\/uploads\/2025\/12\/image-26-768x448.png 768w, https:\/\/www.focolaresciudadnueva.com\/wp-content\/uploads\/2025\/12\/image-26-154x90.png 154w, https:\/\/www.focolaresciudadnueva.com\/wp-content\/uploads\/2025\/12\/image-26-750x438.png 750w, https:\/\/www.focolaresciudadnueva.com\/wp-content\/uploads\/2025\/12\/image-26-1140x665.png 1140w, https:\/\/www.focolaresciudadnueva.com\/wp-content\/uploads\/2025\/12\/image-26.png 1200w\" sizes=\"(max-width: 1024px) 100vw, 1024px\" \/><figcaption class=\"wp-element-caption\">Foto: Chiapas \u2013 Quadratin<\/figcaption><\/figure>\n\n\n\n<p class=\"has-medium-font-size\"><\/p>\n\n\n\n<h3 class=\"wp-block-heading\">El caso Monse: un camino de dolor, omisiones y resistencia<\/h3>\n\n\n\n<p class=\"has-medium-font-size\">La historia revela c\u00f3mo un d\u00eda que parec\u00eda tranquilo se transform\u00f3 inesperadamente en&nbsp;<strong>la tragedia m\u00e1s dolorosa para Sergio Ceballos, su hija desapareci\u00f3 mientras \u00e9l disfrutaba la playa con parte de su familia<\/strong>. La&nbsp;<strong>respuesta de las instituciones fue lenta y desinteresada<\/strong>, pese a que el Protocolo Alba obliga a actuar de inmediato ante la ausencia de mujeres y ni\u00f1as, a Sergio le impusieron una espera de 72 horas y desacreditaron su testimonio con estereotipos.<\/p>\n\n\n\n<p class=\"has-medium-font-size\">Desde ese momento, Sergio entr\u00f3 en una traves\u00eda dura, marcada por la falta de informaci\u00f3n, la inexistencia de procedimientos claros y un trato deshumanizante. Sergio, forzado a convertirse en investigador, recibi\u00f3 llamadas an\u00f3nimas, sigui\u00f3 indicios por su cuenta y tuvo que enfrentar solo a polic\u00edas, fiscales y peritos que minimizaron su dolor.<\/p>\n\n\n\n<p class=\"has-medium-font-size\">Tres meses despu\u00e9s, gracias a las gestiones del propio Sergio, se localiz\u00f3 una fosa clandestina. Aun as\u00ed, los peritos estatales afirmaron que los restos no eran de su hija. Luego,\u00a0<strong>tres a\u00f1os y medio despu\u00e9s, y gracias a la insistencia de un colectivo de familias buscadoras, las autoridades admitieron que s\u00ed se trataba de Monse,\u00a0<\/strong>llevaba a\u00f1os sin identificar en la morgue estatal.<\/p>\n\n\n\n<p class=\"has-medium-font-size\"><a href=\"https:\/\/adn.celam.org\/la-vida-pende-de-un-hilo-podcast-revela-la-inaccion-del-estado-mexicano-y-la-lucha-de-familias-buscadoras\/desaparecidos-mexico-3\/\"><\/a><\/p>\n\n\n\n<figure class=\"wp-block-image size-large\"><img decoding=\"async\" width=\"1024\" height=\"380\" src=\"https:\/\/www.focolaresciudadnueva.com\/wp-content\/uploads\/2025\/12\/image-27-1024x380.png\" alt=\"\" class=\"wp-image-20563\" srcset=\"https:\/\/www.focolaresciudadnueva.com\/wp-content\/uploads\/2025\/12\/image-27-1024x380.png 1024w, https:\/\/www.focolaresciudadnueva.com\/wp-content\/uploads\/2025\/12\/image-27-300x111.png 300w, https:\/\/www.focolaresciudadnueva.com\/wp-content\/uploads\/2025\/12\/image-27-768x285.png 768w, https:\/\/www.focolaresciudadnueva.com\/wp-content\/uploads\/2025\/12\/image-27-243x90.png 243w, https:\/\/www.focolaresciudadnueva.com\/wp-content\/uploads\/2025\/12\/image-27-750x278.png 750w, https:\/\/www.focolaresciudadnueva.com\/wp-content\/uploads\/2025\/12\/image-27-1140x423.png 1140w, https:\/\/www.focolaresciudadnueva.com\/wp-content\/uploads\/2025\/12\/image-27.png 1200w\" sizes=\"(max-width: 1024px) 100vw, 1024px\" \/><figcaption class=\"wp-element-caption\">Foto: Colectivo Familias de Acapulco<\/figcaption><\/figure>\n\n\n\n<p class=\"has-medium-font-size\"><\/p>\n\n\n\n<h3 class=\"wp-block-heading\">Nacimiento y fuerza del colectivo Familias de Acapulco<\/h3>\n\n\n\n<p class=\"has-medium-font-size\">La historia de Sergio se repite en muchas otras familias que padecen la desaparici\u00f3n de sus seres queridos.&nbsp;<strong>Junto con otras familias, impuls\u00f3 la creaci\u00f3n de la organizaci\u00f3n Familias de Acapulco en busca de sus desaparecido<\/strong>s, conformada principalmente por madres y mujeres que, frente a la indiferencia del Estado, asumieron la tarea de buscar en fosas, barrancos, arroyos y zonas de alt\u00edsimo riesgo.<\/p>\n\n\n\n<p class=\"has-medium-font-size\"><strong>Emma Mora, con su hijo Jos\u00e9 Alberto de 14 a\u00f1os desaparecido<\/strong>&nbsp;desde el 2011, es testimonio de resiliencia. Ella expone con claridad ese nivel de entrega de quienes buscan a sus familiares.&nbsp;<strong>Relata c\u00f3mo han tenido que limpiar restos con sus propias manos, organizar b\u00fasquedas con herramientas rudimentarias<\/strong>&nbsp;y enfrentar amenazas, persecuciones armadas, desplazamientos forzados y maltrato institucional. Varias tambi\u00e9n quedan sin trabajo por entregarse de lleno a la b\u00fasqueda.<a href=\"https:\/\/adn.celam.org\/la-vida-pende-de-un-hilo-podcast-revela-la-inaccion-del-estado-mexicano-y-la-lucha-de-familias-buscadoras\/desaparecidos-mexico-3-2\/\"><\/a>Foto: Colectivo Familias de Acapulco<\/p>\n\n\n\n<h3 class=\"wp-block-heading\">La crisis de desapariciones y la lucha de familias<\/h3>\n\n\n\n<p class=\"has-medium-font-size\">El podcast muestra el drama que viven miles en M\u00e9xico:&nbsp;<strong>m\u00e1s de 133.000 personas desaparecidas y al menos 72.000 cuerpos sin identificar en fosas y morgues<\/strong>. Al respecto, las familias hablan tambi\u00e9n de la carencia de personal, tecnolog\u00eda y recursos en las fiscal\u00edas, as\u00ed como la inexistencia de un registro nacional de v\u00edctimas y un banco de ADN confiable que ayuden a agilizar estos procesos de identificaci\u00f3n.<\/p>\n\n\n\n<p class=\"has-medium-font-size\"><strong>Las buscadoras denuncian que, adem\u00e1s de lidiar con la p\u00e9rdida de un familiar, sufren estigmatizaci\u00f3n, criminalizaci\u00f3n<\/strong>&nbsp;y dificultades para protestar o exigir rendici\u00f3n de cuentas. \u00abComienzas buscando a tu hijo y terminas buscando a todos\u201d, afirma una de las madres del colectivo, subrayando el car\u00e1cter humanitario de su esfuerzo.<\/p>\n\n\n\n<h3 class=\"wp-block-heading\">Un mensaje universal: la vida que pende de un hilo<\/h3>\n\n\n\n<p class=\"has-medium-font-size\">El episodio refuerza&nbsp;<strong>el objetivo principal de la campa\u00f1a del Celam, que consiste en proteger la vida, denunciar la injusticia<\/strong>&nbsp;y acompa\u00f1ar a quienes enfrentan violaciones graves de derechos humanos. Sus testimonios recuerdan que la desaparici\u00f3n forzada es un problema colectivo que nos involucra a todos.<\/p>\n\n\n\n<p class=\"has-medium-font-size\">Con este cap\u00edtulo,<strong>&nbsp;la campa\u00f1a: \u2018La Vida pende de un hilo\u2019, busca mantener la memoria, exigir acci\u00f3n inmediata del Estado y la sociedad,<\/strong>&nbsp;destacando la valent\u00eda de quienes, a pesar del miedo y del dolor, contin\u00faan la b\u00fasqueda de sus seres queridos.<\/p>\n\n\n\n<figure class=\"wp-block-embed is-type-video is-provider-youtube wp-block-embed-youtube wp-embed-aspect-16-9 wp-has-aspect-ratio\"><div class=\"wp-block-embed__wrapper\">\n<iframe title=\"Los peregrinos del Seibo, la marcha por el derecho a sembrar\" width=\"720\" height=\"405\" src=\"https:\/\/www.youtube.com\/embed\/-YJqUTe3ezM?list=PLQpj1Ix2-2lQHEjV5ViqZJmxUSsXmgKy-\" frameborder=\"0\" allow=\"accelerometer; autoplay; clipboard-write; encrypted-media; gyroscope; picture-in-picture; web-share\" referrerpolicy=\"strict-origin-when-cross-origin\" allowfullscreen><\/iframe>\n<\/div><\/figure>\n","protected":false},"excerpt":{"rendered":"<p>La campa\u00f1a \u2018La Vida pende de un hilo\u2019, promovida por el Consejo Episcopal Latinoamericano y Caribe\u00f1o (Celam) junto a organizaciones sociales y eclesiales, lanz\u00f3 su\u00a0cuarto episodio: \u201cFamilias de Acapulco en busca de sus desaparecidos\u201d, un podcast producido en alianza con Juan Diego Network. <a href=\"https:\/\/www.focolaresciudadnueva.com\/inicio\/la-vida-pende-de-un-hilo-podcast-revela-la-inaccion-del-estado-mexicano-y-la-lucha-de-familias-buscadoras\/\" class=\"more-link\">Continue reading <span class=\"screen-reader-text\">\u2018La Vida pende de un hilo\u2019: podcast revela la inacci\u00f3n del Estado mexicano y la lucha de familias buscadoras<\/span><\/a><\/p>\n","protected":false},"author":4,"featured_media":20565,"comment_status":"open","ping_status":"closed","sticky":false,"template":"","format":"standard","meta":{"footnotes":""},"categories":[63],"tags":[],"class_list":["post-20560","post","type-post","status-publish","format-standard","has-post-thumbnail","hentry","category-iglesia"],"wpmagazine_modules_lite_featured_media_urls":{"thumbnail":["https:\/\/www.focolaresciudadnueva.com\/wp-content\/uploads\/2025\/12\/La-vida-pende-de-un-hilo-150x150.jpg",150,150,true],"cvmm-medium":["https:\/\/www.focolaresciudadnueva.com\/wp-content\/uploads\/2025\/12\/La-vida-pende-de-un-hilo-300x300.jpg",300,300,true],"cvmm-medium-plus":["https:\/\/www.focolaresciudadnueva.com\/wp-content\/uploads\/2025\/12\/La-vida-pende-de-un-hilo-305x207.jpg",305,207,true],"cvmm-portrait":["https:\/\/www.focolaresciudadnueva.com\/wp-content\/uploads\/2025\/12\/La-vida-pende-de-un-hilo-400x600.jpg",400,600,true],"cvmm-medium-square":["https:\/\/www.focolaresciudadnueva.com\/wp-content\/uploads\/2025\/12\/La-vida-pende-de-un-hilo-600x600.jpg",600,600,true],"cvmm-large":["https:\/\/www.focolaresciudadnueva.com\/wp-content\/uploads\/2025\/12\/La-vida-pende-de-un-hilo-1024x705.jpg",1024,705,true],"cvmm-small":["https:\/\/www.focolaresciudadnueva.com\/wp-content\/uploads\/2025\/12\/La-vida-pende-de-un-hilo-130x95.jpg",130,95,true],"full":["https:\/\/www.focolaresciudadnueva.com\/wp-content\/uploads\/2025\/12\/La-vida-pende-de-un-hilo.jpg",1270,705,false]},"categories_names":{"63":{"name":"Iglesia","link":"https:\/\/www.focolaresciudadnueva.com\/inicio\/category\/iglesia\/"}},"tags_names":[],"comments_number":"0","_links":{"self":[{"href":"https:\/\/www.focolaresciudadnueva.com\/inicio\/wp-json\/wp\/v2\/posts\/20560","targetHints":{"allow":["GET"]}}],"collection":[{"href":"https:\/\/www.focolaresciudadnueva.com\/inicio\/wp-json\/wp\/v2\/posts"}],"about":[{"href":"https:\/\/www.focolaresciudadnueva.com\/inicio\/wp-json\/wp\/v2\/types\/post"}],"author":[{"embeddable":true,"href":"https:\/\/www.focolaresciudadnueva.com\/inicio\/wp-json\/wp\/v2\/users\/4"}],"replies":[{"embeddable":true,"href":"https:\/\/www.focolaresciudadnueva.com\/inicio\/wp-json\/wp\/v2\/comments?post=20560"}],"version-history":[{"count":2,"href":"https:\/\/www.focolaresciudadnueva.com\/inicio\/wp-json\/wp\/v2\/posts\/20560\/revisions"}],"predecessor-version":[{"id":20566,"href":"https:\/\/www.focolaresciudadnueva.com\/inicio\/wp-json\/wp\/v2\/posts\/20560\/revisions\/20566"}],"wp:featuredmedia":[{"embeddable":true,"href":"https:\/\/www.focolaresciudadnueva.com\/inicio\/wp-json\/wp\/v2\/media\/20565"}],"wp:attachment":[{"href":"https:\/\/www.focolaresciudadnueva.com\/inicio\/wp-json\/wp\/v2\/media?parent=20560"}],"wp:term":[{"taxonomy":"category","embeddable":true,"href":"https:\/\/www.focolaresciudadnueva.com\/inicio\/wp-json\/wp\/v2\/categories?post=20560"},{"taxonomy":"post_tag","embeddable":true,"href":"https:\/\/www.focolaresciudadnueva.com\/inicio\/wp-json\/wp\/v2\/tags?post=20560"}],"curies":[{"name":"wp","href":"https:\/\/api.w.org\/{rel}","templated":true}]}}