{"id":20546,"date":"2025-12-10T06:00:00","date_gmt":"2025-12-10T10:00:00","guid":{"rendered":"https:\/\/www.focolaresciudadnueva.com\/inicio\/?p=20546"},"modified":"2025-12-12T07:33:06","modified_gmt":"2025-12-12T11:33:06","slug":"encontrarnos-para-encontrarte","status":"publish","type":"post","link":"https:\/\/www.focolaresciudadnueva.com\/inicio\/encontrarnos-para-encontrarte\/","title":{"rendered":"Encontrarnos para encontrarTe (Cuba)"},"content":{"rendered":"\n<p class=\"has-medium-font-size\"><strong><em>Este t\u00edtulo fue la excusa que nos permiti\u00f3 encontrarnos durante un d\u00eda y medio con j\u00f3venes de entre los 17 a 30 a\u00f1os de edad. Un encuentro de familia, vivido en la sencillez, fruto de la alegr\u00eda de compartir la vida.<\/em><\/strong><\/p>\n\n\n\n<p class=\"has-medium-font-size\">Pr\u00e1cticamente entre nosotros no nos conoc\u00edamos. Es la primera vez que hacemos un encuentro mixto y con j\u00f3venes de varias iglesias (un ortodoxo, uno de la Iglesia del S\u00e9ptimo d\u00eda, un no cristiano y varios que participan en \u00e1mbitos de la Iglesia cat\u00f3lica). Todos llegaron con un \u00fanico deseo: conocer m\u00e1s sobre el Movimiento de los Focolares, por lo que de inmediato se estableci\u00f3 una unidad a bloque.<\/p>\n\n\n<div class=\"wp-block-image\">\n<figure class=\"aligncenter size-full\"><img fetchpriority=\"high\" decoding=\"async\" width=\"374\" height=\"274\" src=\"https:\/\/www.focolaresciudadnueva.com\/wp-content\/uploads\/2025\/12\/image-21.png\" alt=\"\" class=\"wp-image-20548\" srcset=\"https:\/\/www.focolaresciudadnueva.com\/wp-content\/uploads\/2025\/12\/image-21.png 374w, https:\/\/www.focolaresciudadnueva.com\/wp-content\/uploads\/2025\/12\/image-21-300x220.png 300w, https:\/\/www.focolaresciudadnueva.com\/wp-content\/uploads\/2025\/12\/image-21-130x95.png 130w, https:\/\/www.focolaresciudadnueva.com\/wp-content\/uploads\/2025\/12\/image-21-123x90.png 123w\" sizes=\"(max-width: 374px) 100vw, 374px\" \/><\/figure>\n<\/div>\n\n\n<p class=\"has-medium-font-size\">Las tem\u00e1ticas fueron surgiendo de los propios j\u00f3venes, con mucho espacio para el di\u00e1logo y las conversaciones espont\u00e1neas. Providencial la presencia del P. Mariano (sacerdote que est\u00e1 en el Centro de los sacerdotes del Movimiento en Roma y que se encuentra en Cuba por un mes). Su participaci\u00f3n en el encuentro contribuy\u00f3 a que se diera un t\u00fa a t\u00fa con los j\u00f3venes que, para algunos, termin\u00f3 con la confesi\u00f3n.<\/p>\n\n\n\n<p class=\"has-medium-font-size\">Fueron momentos vividos con intensidad en los que, a trav\u00e9s de la vida compartida, todos salimos espiritualmente fortalecidos, con una nueva recarga de amor y felicidad.<\/p>\n\n\n<div class=\"wp-block-image\">\n<figure class=\"aligncenter size-full is-resized\"><img decoding=\"async\" width=\"654\" height=\"368\" src=\"https:\/\/www.focolaresciudadnueva.com\/wp-content\/uploads\/2025\/12\/image-22.png\" alt=\"\" class=\"wp-image-20549\" style=\"aspect-ratio:1.7771960170165022;width:594px;height:auto\" srcset=\"https:\/\/www.focolaresciudadnueva.com\/wp-content\/uploads\/2025\/12\/image-22.png 654w, https:\/\/www.focolaresciudadnueva.com\/wp-content\/uploads\/2025\/12\/image-22-300x169.png 300w, https:\/\/www.focolaresciudadnueva.com\/wp-content\/uploads\/2025\/12\/image-22-160x90.png 160w\" sizes=\"(max-width: 654px) 100vw, 654px\" \/><\/figure>\n<\/div>\n\n\n<p class=\"has-medium-font-size\"><strong>Algunos j\u00f3venes nos dicen:<\/strong><\/p>\n\n\n\n<p class=\"has-medium-font-size\">Un encuentro en el que compartimos nuevas experiencias y aclaramos algunas dudas que ten\u00edamos. Adem\u00e1s, la convivencia con los dem\u00e1s j\u00f3venes fue una bonita experiencia tambi\u00e9n, porque a pesar de no conocernos, todos hicimos una bella amistad. Me llevo un gran recuerdo de esta convivencia. Muchas cosas en m\u00ed cambiaron. ( Jennifer Le\u00f3n)<\/p>\n\n\n\n<p class=\"has-medium-font-size\">Este encuentro fue como un rayo de sol que ilumin\u00f3 cada rinc\u00f3n de mi coraz\u00f3n. Fue un fin de semana s\u00faper agradable donde la alegr\u00eda y la tranquilidad se entrelazaron como una suave melod\u00eda. Cada d\u00eda estuvo lleno de risas compartidas, conversaciones sinceras y momentos de reflexi\u00f3n que nos acercaron a\u00fan m\u00e1s.<\/p>\n\n\n\n<p class=\"has-medium-font-size\">Lo m\u00e1s hermoso fue que nos un\u00eda el amor y la fe, dos fuerzas que nos guiaron y nos recordaron que estamos todos conectados en esta gran familia humana. Sent\u00ed que cada gesto amable, cada abrazo y cada palabra de aliento era una bendici\u00f3n que reforzaba nuestra comunidad. Gracias por crear un lugar donde todos pudimos crecer, aprender y celebrar juntos. ( Yolena de la Caridad Delgado)<\/p>\n\n\n\n<p class=\"has-medium-font-size\">Admiro mucho la labor de quienes organizaron este encuentro, su fuerza, ternura, y alegr\u00eda, anunciando con esperanza y amor el Evangelio de Jes\u00fas. Escuchamos sus testimonios de vida. Debatimos acerca de lo que representa ser un joven cat\u00f3lico en la actualidad y los desaf\u00edos que enfrentamos. Asistimos a la misa. Tambi\u00e9n bailamos, cantamos; nos divertimos. Disfrut\u00e9 mucho del encuentro, donde nos unimos j\u00f3venes de diferentes provincias y muchos no nos conoc\u00edamos y logramos relacionarnos bien mediante din\u00e1micas de presentaci\u00f3n, de forma tal que al finalizar el encuentro \u00e9ramos una gran familia de fe. Hubo un programa de actividades bien organizadas, que se realizaron y que superaron<\/p>\n\n\n\n<p class=\"has-medium-font-size\">nuestras expectativas. Nos mantuvieron siempre atentos y activos, tarea que no es f\u00e1cil de<\/p>\n\n\n\n<p class=\"has-medium-font-size\">lograr. Muchas Gracias (Anam\u00e1yte del Vall\u00edn tengo 24 a\u00f1os).<\/p>\n\n\n\n<p class=\"has-medium-font-size\">\u00abDesconectar para conectar\u00bb. Creo que no existe mejor frase que esa, para describir la experiencia que vivimos este fin de semana.&nbsp;<\/p>\n\n\n\n<p class=\"has-medium-font-size\">Nos desconectamos de las rutinas, las responsabilidades y las dificultades del d\u00eda a d\u00eda, para conectar con nuestra verdadera esencia.&nbsp;<\/p>\n\n\n\n<p class=\"has-medium-font-size\">Conocimos a j\u00f3venes de diferentes partes de nuestro pa\u00eds. Cada uno con historias y formas de pensar distintas, unidos por el deseo de construir un mundo m\u00e1s unido.<\/p>\n\n\n\n<p class=\"has-medium-font-size\">Comprend\u00ed que las buenas acciones, inspiran a otros, generando m\u00e1s buenas acciones. De esta forma, personas de todo el mundo, con distintas culturas, comenzamos a hablar un mismo lenguaje: El lenguaje del amor y la bondad.&nbsp;<\/p>\n\n\n\n<p class=\"has-medium-font-size\">No, no se trata solo de palabras bonitas. Esto es completamente realizable, y lo pude comprobar en este fin de semana.<\/p>\n\n\n\n<p class=\"has-medium-font-size\">A pesar de que \u00e9ramos diferentes, y de que solo fueron un d\u00eda y medio, ya en la noche, nos llev\u00e1bamos tan bien entre todos, que casi parec\u00eda que llev\u00e1bamos conviviendo mucho m\u00e1s tiempo.<\/p>\n\n\n\n<p class=\"has-medium-font-size\">En una \u00e9poca como la que estamos viviendo, casi parece ut\u00f3pico imaginar un mundo as\u00ed. Sin embargo, podemos conseguirlo. Juntos es posible. (Gabriela Ferro)<\/p>\n\n\n\n<p class=\"has-medium-font-size\">\u201cPara m\u00ed fue una experiencia incre\u00edble, conoc\u00ed a muchas personas y pas\u00e9 momentos inolvidables. Un fin de semana asombroso, experiencias que no esperaba y que me ayudaron mucho. (Kevin Junior Izquierdo Roman).<\/p>\n\n\n\n<p class=\"has-medium-font-size\"><em>Por Alba da Silva- Cuba<\/em><\/p>\n","protected":false},"excerpt":{"rendered":"<p>Un encuentro de familia, vivido en la sencillez, fruto de la alegr\u00eda de compartir la vida. <a href=\"https:\/\/www.focolaresciudadnueva.com\/inicio\/encontrarnos-para-encontrarte\/\" class=\"more-link\">Continue reading <span class=\"screen-reader-text\">Encontrarnos para encontrarTe (Cuba)<\/span><\/a><\/p>\n","protected":false},"author":4,"featured_media":20548,"comment_status":"open","ping_status":"closed","sticky":false,"template":"","format":"standard","meta":{"footnotes":""},"categories":[86,57],"tags":[],"class_list":["post-20546","post","type-post","status-publish","format-standard","has-post-thumbnail","hentry","category-cuba","category-jovenes"],"wpmagazine_modules_lite_featured_media_urls":{"thumbnail":["https:\/\/www.focolaresciudadnueva.com\/wp-content\/uploads\/2025\/12\/image-21-150x150.png",150,150,true],"cvmm-medium":["https:\/\/www.focolaresciudadnueva.com\/wp-content\/uploads\/2025\/12\/image-21-300x274.png",300,274,true],"cvmm-medium-plus":["https:\/\/www.focolaresciudadnueva.com\/wp-content\/uploads\/2025\/12\/image-21-305x207.png",305,207,true],"cvmm-portrait":["https:\/\/www.focolaresciudadnueva.com\/wp-content\/uploads\/2025\/12\/image-21.png",374,274,false],"cvmm-medium-square":["https:\/\/www.focolaresciudadnueva.com\/wp-content\/uploads\/2025\/12\/image-21.png",374,274,false],"cvmm-large":["https:\/\/www.focolaresciudadnueva.com\/wp-content\/uploads\/2025\/12\/image-21.png",374,274,false],"cvmm-small":["https:\/\/www.focolaresciudadnueva.com\/wp-content\/uploads\/2025\/12\/image-21-130x95.png",130,95,true],"full":["https:\/\/www.focolaresciudadnueva.com\/wp-content\/uploads\/2025\/12\/image-21.png",374,274,false]},"categories_names":{"86":{"name":"Cuba","link":"https:\/\/www.focolaresciudadnueva.com\/inicio\/category\/cuba\/"},"57":{"name":"J\u00f3venes","link":"https:\/\/www.focolaresciudadnueva.com\/inicio\/category\/jovenes\/"}},"tags_names":[],"comments_number":"0","_links":{"self":[{"href":"https:\/\/www.focolaresciudadnueva.com\/inicio\/wp-json\/wp\/v2\/posts\/20546","targetHints":{"allow":["GET"]}}],"collection":[{"href":"https:\/\/www.focolaresciudadnueva.com\/inicio\/wp-json\/wp\/v2\/posts"}],"about":[{"href":"https:\/\/www.focolaresciudadnueva.com\/inicio\/wp-json\/wp\/v2\/types\/post"}],"author":[{"embeddable":true,"href":"https:\/\/www.focolaresciudadnueva.com\/inicio\/wp-json\/wp\/v2\/users\/4"}],"replies":[{"embeddable":true,"href":"https:\/\/www.focolaresciudadnueva.com\/inicio\/wp-json\/wp\/v2\/comments?post=20546"}],"version-history":[{"count":4,"href":"https:\/\/www.focolaresciudadnueva.com\/inicio\/wp-json\/wp\/v2\/posts\/20546\/revisions"}],"predecessor-version":[{"id":20580,"href":"https:\/\/www.focolaresciudadnueva.com\/inicio\/wp-json\/wp\/v2\/posts\/20546\/revisions\/20580"}],"wp:featuredmedia":[{"embeddable":true,"href":"https:\/\/www.focolaresciudadnueva.com\/inicio\/wp-json\/wp\/v2\/media\/20548"}],"wp:attachment":[{"href":"https:\/\/www.focolaresciudadnueva.com\/inicio\/wp-json\/wp\/v2\/media?parent=20546"}],"wp:term":[{"taxonomy":"category","embeddable":true,"href":"https:\/\/www.focolaresciudadnueva.com\/inicio\/wp-json\/wp\/v2\/categories?post=20546"},{"taxonomy":"post_tag","embeddable":true,"href":"https:\/\/www.focolaresciudadnueva.com\/inicio\/wp-json\/wp\/v2\/tags?post=20546"}],"curies":[{"name":"wp","href":"https:\/\/api.w.org\/{rel}","templated":true}]}}