{"id":20538,"date":"2025-12-09T10:28:18","date_gmt":"2025-12-09T14:28:18","guid":{"rendered":"https:\/\/www.focolaresciudadnueva.com\/inicio\/?p=20538"},"modified":"2025-12-11T16:26:16","modified_gmt":"2025-12-11T20:26:16","slug":"radaber-una-respuesta-a-la-realidad-migratoria-en-america","status":"publish","type":"post","link":"https:\/\/www.focolaresciudadnueva.com\/inicio\/radaber-una-respuesta-a-la-realidad-migratoria-en-america\/","title":{"rendered":"RadaBer: Una respuesta a la realidad migratoria en Am\u00e9rica (Colombia)"},"content":{"rendered":"\n<p class=\"has-medium-font-size\"><em><strong>La Fundaci\u00f3n RadaBer es una ONG a favor de los inmigrantes, sobre todo venezolanos, que est\u00e1n que est\u00e1n en varias ciudades de Colombia. Alba Rada, fundadora y presidenta de la fundaci\u00f3n, ilustra el trabajo que realizan.<\/strong><\/em><\/p>\n\n\n\n<p class=\"has-medium-font-size\"><strong>\u00bfCu\u00e1l es la visi\u00f3n de la Fundaci\u00f3n?<\/strong><\/p>\n\n\n\n<p class=\"has-medium-font-size\">Yo soy tambi\u00e9n migrante venezolana , pero realmente la fundaci\u00f3n est\u00e1 enfocada en ayudar a sumar, a aportar a ayudar en lo m\u00e1s posible a esta pa tria que nosacoge y no solamente, porque si bien estamos enfocados a la migraci\u00f3n venezolana, partimos de que, si a nosotros no nos gusta la xenofobia, no podemos dejar de lado a la poblaci\u00f3n que nos acoge. Evitando ser asistencialistas tratamos de ayudar en esas problem\u00e1ticas como la regularizaci\u00f3n, inclusi\u00f3n e integraci\u00f3n de la poblaci\u00f3n migrante all\u00ed donde vivimos.<\/p>\n\n\n\n<p class=\"has-medium-font-size\"><strong>\u00bfC\u00f3mo hacen para precisar las necesidades de las personas y cu\u00e1les son los pasos que hay para ayudarlas?<\/strong><\/p>\n\n\n\n<p class=\"has-medium-font-size\">Son diferentes niveles. Hemos recibido a los caminantes que vienen de Venezuela y tambi\u00e9n cuando han regresado, por ejemplo, en pandemia, entonces las problem\u00e1ticas son super variadas. Somos la \u00fanica organizaci\u00f3n que estamos en toda esta zona, por lo tanto, y al ser<\/p>\n\n\n\n<p class=\"has-medium-font-size\">migrantes, la ayuda tratamos de hacerla lo m\u00e1s integral posible. Por ejemplo, la regularizaci\u00f3n. Para los que pueden optar por la regularizaci\u00f3n es la apertura a todo lo que son los derechos como el hecho de poder trabajar, el hecho de poder estudiar sin problema, aunque si bien lo, por ejemplo, los ni\u00f1os como derecho fundamental deber\u00edan poder estudiar sin ning\u00fan tipo de papel, realmente se hace muy dif\u00edcil, sobre todo en las ciudades<\/p>\n\n\n\n<p class=\"has-medium-font-size\">grandes que la parte gubernamental logre entender y est\u00e1 tambi\u00e9n porque es un pa\u00eds que no estaba acostumbrado a recibir.<\/p>\n\n\n\n<p class=\"has-medium-font-size\">Ahora que recibes toda una normativa que hasta nosotros mismos nos cuesta seguir. Entonces es ayudarlos a entender primero que nada c\u00f3mo pueden acceder a estos derechos. Y nosotros nos esforzamos en tratar que la persona lo haga por s\u00ed sola, porque si<\/p>\n\n\n\n<p class=\"has-medium-font-size\">lo logramos, autom\u00e1ticamente va a ser un l\u00edder que a su vez puede ayudar a la gente que est\u00e1 en la comunidad donde ellos est\u00e1n, o sea, puede ayudar a la gente que lo necesita. Por lo tanto, tratamos de darle las rutas para que ellos lo hagan.<\/p>\n\n\n\n<p class=\"has-medium-font-size\">En caso de que ellos s\u00f3lo no puedan, les acompa\u00f1amos en todo el proceso. Si son problem\u00e1ticas que superan nuestras competencias de resoluci\u00f3n, la remitimos a alg\u00fan socio a nivel gubernamental de cooperaci\u00f3n para que pueda resolverlo, siempre haci\u00e9ndole seguimientos.<\/p>\n\n\n\n<p class=\"has-medium-font-size\">Pero siempre tratando de garantizar que la ayuda sirva para que ellos despu\u00e9s logren caminar solo, por decirlo as\u00ed.<\/p>\n\n\n\n<p class=\"has-medium-font-size\"><strong>\u00bfDe d\u00f3nde llegan los migrantes?<\/strong><\/p>\n\n\n\n<p class=\"has-medium-font-size\">Llegan de diferentes partes, tambi\u00e9n las personas que no pudieron entrar eh a Estados Unidos o que han salido antes de que los deportaran y prefieren venirse muchas veces a Colombia antes de regresar a Venezuela por toda la situaci\u00f3n que conocemos. Igualmente<\/p>\n\n\n\n<p class=\"has-medium-font-size\">ha habido much\u00edsimo movimiento por todo el tema de los pa\u00edses cercanos. Es una cosa interesante que ahorita no solamente hay venezolanos, sino que ya estamos viendo personas tambi\u00e9n otras partes y justamente las organizaciones llevadas adelante por<\/p>\n\n\n\n<p class=\"has-medium-font-size\">migrantes y refugiados venezolanos somos los que estamos tratando de abrirle camino y ayudar tambi\u00e9n a estos migrantes que vienen de otros pa\u00edses.<\/p>\n\n\n\n<p class=\"has-medium-font-size\">Entonces, ha sido interesante la labor que hemos hecho como organizaciones unidas para tambi\u00e9n visibilizar la problem\u00e1tica que tienen otros migrantes, pero sin dejar de lado todo lo que est\u00e1 pasando con la con la migraci\u00f3n venezolana.<\/p>\n\n\n\n<p class=\"has-medium-font-size\">La doble movilizaci\u00f3n migratoria debe ser un impacto muy fuerte, \u00bfde qu\u00e9 manera, ustedes asisten a estas personas que est\u00e1n atravesando por una por un sacrificio, por un trauma?<\/p>\n\n\n\n<p class=\"has-medium-font-size\">Eso es lo que est\u00e1 pasando ahora. Que es a\u00fan hasta peor porque econ\u00f3micamente vienen peor, por decirlo as\u00ed, de c\u00f3mo pasaron o c\u00f3mo salieron. Pero sobre todo hay un problema grave que es el tema del luto migratorio, o sea, el tema de que yo digo as\u00ed t\u00fa no vayas y vuelvas, ya tienes el luto migratorio, as\u00ed tengas 15 a\u00f1os, ah\u00ed siempre est\u00e1s en la casa del vecino, pero que de ahora de paso ni siquiera salgas y ten\u00edas unos planes y vendiste todo y vengas y ahora tengas que volver que regresar.<\/p>\n\n\n\n<p class=\"has-medium-font-size\">De hecho, muchos de los que estaban en Colombia que se fueron regresan y han perdido su regularidad porque al salir autom\u00e1ticamente pierden la regularidad. Entonces es otro problema, el de empezar de nuevo. Pienso que m\u00e1s que un problema econ\u00f3mico, que obviamente lo hay, eso es un problema emocional, de salud mental. Nosotros somos de los que pensamos que&nbsp; cuando una persona no est\u00e1 bien emocionalmente, autom\u00e1ticamente t\u00fa le puedes conseguir trabajo, educaci\u00f3n, todo lo que pensamos que es prioritario- y que es prioritario- pero si no nos enfocamos en la salud mental, son personas que empiezan a trabajar y a los 15 d\u00edas salen. Que los chicos no van bien en la escuela. Entonces nosotros, hablando propiamente de Fundaci\u00f3n RadBer, una de las cosas que hemos contemplado es ese tema de escuchar, tener esa apertura, esos espacios. Muchas veces hacemos jornadas<\/p>\n\n\n\n<p class=\"has-medium-font-size\">presenciales y tenemos que tal vez durar media hora y cuando t\u00fa te das cuenta, ni siquiera has ayudado como decir que un tr\u00e1mite a la persona, sino simplemente has escuchado su problem\u00e1tica.<\/p>\n\n\n\n<p class=\"has-medium-font-size\">Este a\u00f1o por primera vez, hicimos un reconocimiento de la excelencia venezolana, basado en el trato emocional. Todos los que tuvieron reconocimiento en su colegio, en sus clubes, sea deportivo, cultural, acad\u00e9mico, entraron en un concurso y les dimos un reconocimiento por la excelencia venezolana, porque fueron personas que pusieron en alto nuestro gentilicio.<\/p>\n\n\n\n<p class=\"has-medium-font-size\">Cuando t\u00fa los enalteces y t\u00fa dices, \u00abNosotros s\u00ed valoramos lo que est\u00e1s haciendo.\u00bb Mira, fue espectacular para los chicos y para los pap\u00e1s. Y les cuento c\u00f3mo salieron l\u00e1grimas y todo, porque ver que s\u00ed, o sea, t\u00fa eres migrante, pero t\u00fa tambi\u00e9n vales.<\/p>\n\n\n\n<p class=\"has-medium-font-size\">Entonces, hacemos ese tipo de cosas, varios eventos que est\u00e1n enfocados a eso, a no perder tus ra\u00edces, a valorarte t\u00fa aunque eres migrante, t\u00fa no eres menos. Aunque est\u00e9s en la casa del vecino, t\u00fa vales.<\/p>\n\n\n\n<p class=\"has-medium-font-size\">De una entrevista a \u201cVoces del exilio\u201d<\/p>\n\n\n\n<p><\/p>\n\n\n<div class=\"wp-block-image\">\n<figure class=\"aligncenter size-full\"><img fetchpriority=\"high\" decoding=\"async\" width=\"244\" height=\"320\" src=\"https:\/\/www.focolaresciudadnueva.com\/wp-content\/uploads\/2025\/12\/image-19.png\" alt=\"\" class=\"wp-image-20539\" srcset=\"https:\/\/www.focolaresciudadnueva.com\/wp-content\/uploads\/2025\/12\/image-19.png 244w, https:\/\/www.focolaresciudadnueva.com\/wp-content\/uploads\/2025\/12\/image-19-229x300.png 229w, https:\/\/www.focolaresciudadnueva.com\/wp-content\/uploads\/2025\/12\/image-19-69x90.png 69w\" sizes=\"(max-width: 244px) 100vw, 244px\" \/><figcaption class=\"wp-element-caption\">Alba Rada particip\u00f3 como consejera representante de los migrantes, junto a diecisiete consejeros de otras poblaciones en el \u00abForo Nacional por la Reconciliaci\u00f3n, la Convivencia y la No Estigmatizaci\u00f3n en un contexto de transici\u00f3n hacia la paz\u00bb, donde se eligi\u00f3 al representante en el Consejo el Consejo de DDHH, DIH, Paz y Reconciliaci\u00f3n, en un evento nacional del Ministerio de Relaciones Interiores. Por votaci\u00f3n fue elegida para este rol.<\/figcaption><\/figure>\n<\/div>\n\n\n<p><\/p>\n","protected":false},"excerpt":{"rendered":"<p>La Fundaci\u00f3n RadaBer es una ONG a favor de los inmigrantes, sobre todo venezolanos, que est\u00e1n que est\u00e1n en varias ciudades de Colombia. Alba Rada, fundadora y presidenta de la fundaci\u00f3n, ilustra el trabajo que realizan. <a href=\"https:\/\/www.focolaresciudadnueva.com\/inicio\/radaber-una-respuesta-a-la-realidad-migratoria-en-america\/\" class=\"more-link\">Continue reading <span class=\"screen-reader-text\">RadaBer: Una respuesta a la realidad migratoria en Am\u00e9rica (Colombia)<\/span><\/a><\/p>\n","protected":false},"author":4,"featured_media":20540,"comment_status":"open","ping_status":"closed","sticky":false,"template":"","format":"standard","meta":{"footnotes":""},"categories":[60,108],"tags":[],"class_list":["post-20538","post","type-post","status-publish","format-standard","has-post-thumbnail","hentry","category-dialogos-en-la-cultura","category-migracion"],"wpmagazine_modules_lite_featured_media_urls":{"thumbnail":["https:\/\/www.focolaresciudadnueva.com\/wp-content\/uploads\/2025\/12\/image-20-150x150.png",150,150,true],"cvmm-medium":["https:\/\/www.focolaresciudadnueva.com\/wp-content\/uploads\/2025\/12\/image-20-300x300.png",300,300,true],"cvmm-medium-plus":["https:\/\/www.focolaresciudadnueva.com\/wp-content\/uploads\/2025\/12\/image-20-305x207.png",305,207,true],"cvmm-portrait":["https:\/\/www.focolaresciudadnueva.com\/wp-content\/uploads\/2025\/12\/image-20-400x546.png",400,546,true],"cvmm-medium-square":["https:\/\/www.focolaresciudadnueva.com\/wp-content\/uploads\/2025\/12\/image-20-600x546.png",600,546,true],"cvmm-large":["https:\/\/www.focolaresciudadnueva.com\/wp-content\/uploads\/2025\/12\/image-20.png",728,546,false],"cvmm-small":["https:\/\/www.focolaresciudadnueva.com\/wp-content\/uploads\/2025\/12\/image-20-130x95.png",130,95,true],"full":["https:\/\/www.focolaresciudadnueva.com\/wp-content\/uploads\/2025\/12\/image-20.png",728,546,false]},"categories_names":{"60":{"name":"Di\u00e1logos en la Cultura","link":"https:\/\/www.focolaresciudadnueva.com\/inicio\/category\/dialogos-en-la-cultura\/"},"108":{"name":"Migraci\u00f3n","link":"https:\/\/www.focolaresciudadnueva.com\/inicio\/category\/migracion\/"}},"tags_names":[],"comments_number":"2","_links":{"self":[{"href":"https:\/\/www.focolaresciudadnueva.com\/inicio\/wp-json\/wp\/v2\/posts\/20538","targetHints":{"allow":["GET"]}}],"collection":[{"href":"https:\/\/www.focolaresciudadnueva.com\/inicio\/wp-json\/wp\/v2\/posts"}],"about":[{"href":"https:\/\/www.focolaresciudadnueva.com\/inicio\/wp-json\/wp\/v2\/types\/post"}],"author":[{"embeddable":true,"href":"https:\/\/www.focolaresciudadnueva.com\/inicio\/wp-json\/wp\/v2\/users\/4"}],"replies":[{"embeddable":true,"href":"https:\/\/www.focolaresciudadnueva.com\/inicio\/wp-json\/wp\/v2\/comments?post=20538"}],"version-history":[{"count":3,"href":"https:\/\/www.focolaresciudadnueva.com\/inicio\/wp-json\/wp\/v2\/posts\/20538\/revisions"}],"predecessor-version":[{"id":20545,"href":"https:\/\/www.focolaresciudadnueva.com\/inicio\/wp-json\/wp\/v2\/posts\/20538\/revisions\/20545"}],"wp:featuredmedia":[{"embeddable":true,"href":"https:\/\/www.focolaresciudadnueva.com\/inicio\/wp-json\/wp\/v2\/media\/20540"}],"wp:attachment":[{"href":"https:\/\/www.focolaresciudadnueva.com\/inicio\/wp-json\/wp\/v2\/media?parent=20538"}],"wp:term":[{"taxonomy":"category","embeddable":true,"href":"https:\/\/www.focolaresciudadnueva.com\/inicio\/wp-json\/wp\/v2\/categories?post=20538"},{"taxonomy":"post_tag","embeddable":true,"href":"https:\/\/www.focolaresciudadnueva.com\/inicio\/wp-json\/wp\/v2\/tags?post=20538"}],"curies":[{"name":"wp","href":"https:\/\/api.w.org\/{rel}","templated":true}]}}