{"id":20523,"date":"2025-12-07T06:00:00","date_gmt":"2025-12-07T10:00:00","guid":{"rendered":"https:\/\/www.focolaresciudadnueva.com\/inicio\/?p=20523"},"modified":"2025-12-11T10:56:22","modified_gmt":"2025-12-11T14:56:22","slug":"llega-para-quedarse","status":"publish","type":"post","link":"https:\/\/www.focolaresciudadnueva.com\/inicio\/llega-para-quedarse\/","title":{"rendered":"Llega para quedarse"},"content":{"rendered":"\n<p>Navidad 2025 vuelve a recordarnos que Jes\u00fas vive entre nosotros, que prometi\u00f3 quedarse para siempre.&nbsp; He aqu\u00ed la fuerza del mensaje y de su encanto: <strong>\u00c9l camina con nosotros y cada a\u00f1o llama a nuestra conciencia para recordarnos Su presencia.<\/strong><\/p>\n\n\n\n<p>En medio de Su Luz vivimos vaivenes en todos los niveles: mundiales, nacionales, territoriales, familiares, eclesiales, sociales, culturales. Todo parece tener un r\u00edtmico movimiento, entre avances, logros, posibilidades y mayores complejidades; sufrimiento\u2026incomprensiones como familia humana. La vida es un p\u00e9ndulo y se avanza en muchos planos, aunque tendemos a ver s\u00f3lo lo que falta y nos llenamos de temores, angustias, desesperanzas.<\/p>\n\n\n\n<p>Muchos de nosotros creemos en las palabras de los grandes medios, de las grandes redes. Sin embargo, en ellos hay un relato ciego del bien que camina y florece en la humanidad, en medio de oscuridades, incertidumbres, desazones. <strong>Jes\u00fas vino a quedarse con nosotros, nos trajo el modo de vida de la Trinidad<\/strong>, nos dio la vida y nos rescata cada d\u00eda en un abrazo amoroso y misericordioso.&nbsp;<\/p>\n\n\n\n<p>\u00c9l nos dice <strong>c\u00f3mo vivir la cercan\u00eda con cada pr\u00f3jimo<\/strong>, con cada comunidad humana. \u00c9l, vino para quedarse los 365 d\u00edas del a\u00f1o. Navidad es el regalo que Dios nos hace cada a\u00f1o y con ella refresca nuestra memoria m\u00e1s profunda.<\/p>\n\n\n\n<p>En este n\u00famero tenemos una perla para descubrir, un hermano conocido como Luce Ardente, que viene de oriente, de una l\u00ednea espiritual del budismo y se encuentra con el carisma de la unidad, con Chiara Lubich, para quien todas las personas son hijas de un \u00fanico Padre, por lo tanto, lo reconoce por quien es y se interesa de su andar. <strong>As\u00ed nace en\u00a0Luce Ardente la convicci\u00f3n de haber encontrado el camino del Amor,<\/strong> el camino de la fraternidad universal.<\/p>\n\n\n\n<p>Este hecho evoca lo que Jes\u00fas dice en el Evangelio, que muchos vendr\u00e1n del oriente y del occidente, y se sentar\u00e1n con Abraham, Isaac y Jacob en el Reino de Dios ( Cfr. Mt 8,11; Lc. 13,29). La vida y coherencia de Luce Ardente nos muestra que<strong> la cercan\u00eda, la contemplaci\u00f3n y la comprensi\u00f3n sabia es para todos <\/strong>y que muchas veces son los que, aparentemente vienen de m\u00e1s lejos quienes saben captar las novedades de Dios.<\/p>\n\n\n\n<p>A todos les deseamos una fecunda y feliz Navidad. Que la esencia de este evento nos colme de felicidad, de amor por el pr\u00f3jimo y, digamos tambi\u00e9n, de la <strong>necesaria solidaridad ante la dificultad <\/strong>de tantos hermanos sufrientes, migrantes, necesitados de casa, de trabajo y del calor de una familia.<\/p>\n\n\n\n<p><em>Por Susana Nuin N\u00fa\u00f1ez<\/em><\/p>\n\n\n<div class=\"wp-block-image\">\n<figure class=\"aligncenter size-full is-resized\"><img fetchpriority=\"high\" decoding=\"async\" width=\"196\" height=\"258\" src=\"https:\/\/www.focolaresciudadnueva.com\/wp-content\/uploads\/2025\/12\/image-17.png\" alt=\"\" class=\"wp-image-20524\" style=\"aspect-ratio:0.7597002074835213;width:321px;height:auto\" srcset=\"https:\/\/www.focolaresciudadnueva.com\/wp-content\/uploads\/2025\/12\/image-17.png 196w, https:\/\/www.focolaresciudadnueva.com\/wp-content\/uploads\/2025\/12\/image-17-68x90.png 68w\" sizes=\"(max-width: 196px) 100vw, 196px\" \/><\/figure>\n<\/div>","protected":false},"excerpt":{"rendered":"<p>\u00c9l nos dice c\u00f3mo vivir la cercan\u00eda con cada pr\u00f3jimo, con cada comunidad humana. \u00c9l, vino para quedarse los 365 d\u00edas del a\u00f1o.  <a href=\"https:\/\/www.focolaresciudadnueva.com\/inicio\/llega-para-quedarse\/\" class=\"more-link\">Continue reading <span class=\"screen-reader-text\">Llega para quedarse<\/span><\/a><\/p>\n","protected":false},"author":4,"featured_media":20526,"comment_status":"closed","ping_status":"closed","sticky":false,"template":"","format":"standard","meta":{"footnotes":""},"categories":[75],"tags":[],"class_list":["post-20523","post","type-post","status-publish","format-standard","has-post-thumbnail","hentry","category-editorial"],"wpmagazine_modules_lite_featured_media_urls":{"thumbnail":["https:\/\/www.focolaresciudadnueva.com\/wp-content\/uploads\/2025\/12\/EDITORIAL-DICIEMBRE-25-150x150.png",150,150,true],"cvmm-medium":["https:\/\/www.focolaresciudadnueva.com\/wp-content\/uploads\/2025\/12\/EDITORIAL-DICIEMBRE-25-300x300.png",300,300,true],"cvmm-medium-plus":["https:\/\/www.focolaresciudadnueva.com\/wp-content\/uploads\/2025\/12\/EDITORIAL-DICIEMBRE-25-305x207.png",305,207,true],"cvmm-portrait":["https:\/\/www.focolaresciudadnueva.com\/wp-content\/uploads\/2025\/12\/EDITORIAL-DICIEMBRE-25-400x600.png",400,600,true],"cvmm-medium-square":["https:\/\/www.focolaresciudadnueva.com\/wp-content\/uploads\/2025\/12\/EDITORIAL-DICIEMBRE-25-600x600.png",600,600,true],"cvmm-large":["https:\/\/www.focolaresciudadnueva.com\/wp-content\/uploads\/2025\/12\/EDITORIAL-DICIEMBRE-25-1024x1000.png",1024,1000,true],"cvmm-small":["https:\/\/www.focolaresciudadnueva.com\/wp-content\/uploads\/2025\/12\/EDITORIAL-DICIEMBRE-25-130x95.png",130,95,true],"full":["https:\/\/www.focolaresciudadnueva.com\/wp-content\/uploads\/2025\/12\/EDITORIAL-DICIEMBRE-25.png",2000,1000,false]},"categories_names":{"75":{"name":"Editorial","link":"https:\/\/www.focolaresciudadnueva.com\/inicio\/category\/editorial\/"}},"tags_names":[],"comments_number":"0","_links":{"self":[{"href":"https:\/\/www.focolaresciudadnueva.com\/inicio\/wp-json\/wp\/v2\/posts\/20523","targetHints":{"allow":["GET"]}}],"collection":[{"href":"https:\/\/www.focolaresciudadnueva.com\/inicio\/wp-json\/wp\/v2\/posts"}],"about":[{"href":"https:\/\/www.focolaresciudadnueva.com\/inicio\/wp-json\/wp\/v2\/types\/post"}],"author":[{"embeddable":true,"href":"https:\/\/www.focolaresciudadnueva.com\/inicio\/wp-json\/wp\/v2\/users\/4"}],"replies":[{"embeddable":true,"href":"https:\/\/www.focolaresciudadnueva.com\/inicio\/wp-json\/wp\/v2\/comments?post=20523"}],"version-history":[{"count":3,"href":"https:\/\/www.focolaresciudadnueva.com\/inicio\/wp-json\/wp\/v2\/posts\/20523\/revisions"}],"predecessor-version":[{"id":20543,"href":"https:\/\/www.focolaresciudadnueva.com\/inicio\/wp-json\/wp\/v2\/posts\/20523\/revisions\/20543"}],"wp:featuredmedia":[{"embeddable":true,"href":"https:\/\/www.focolaresciudadnueva.com\/inicio\/wp-json\/wp\/v2\/media\/20526"}],"wp:attachment":[{"href":"https:\/\/www.focolaresciudadnueva.com\/inicio\/wp-json\/wp\/v2\/media?parent=20523"}],"wp:term":[{"taxonomy":"category","embeddable":true,"href":"https:\/\/www.focolaresciudadnueva.com\/inicio\/wp-json\/wp\/v2\/categories?post=20523"},{"taxonomy":"post_tag","embeddable":true,"href":"https:\/\/www.focolaresciudadnueva.com\/inicio\/wp-json\/wp\/v2\/tags?post=20523"}],"curies":[{"name":"wp","href":"https:\/\/api.w.org\/{rel}","templated":true}]}}