{"id":20517,"date":"2025-12-06T06:00:00","date_gmt":"2025-12-06T10:00:00","guid":{"rendered":"https:\/\/www.focolaresciudadnueva.com\/inicio\/?p=20517"},"modified":"2025-12-10T12:00:41","modified_gmt":"2025-12-10T16:00:41","slug":"hasta-siempre-querido-luce-ardente","status":"publish","type":"post","link":"https:\/\/www.focolaresciudadnueva.com\/inicio\/hasta-siempre-querido-luce-ardente\/","title":{"rendered":"\u00a1Hasta siempre querido Luce Ardente!"},"content":{"rendered":"\n<p>Estimados todos, miembros del Movimiento de los Focolares en el mundo:<\/p>\n\n\n\n<p>Les escribo para informarles de la dolorosa noticia de la partida al Cielo del monje budista tailand\u00e9s Phra Mahathongrattana Thavorn y, en nombre del Movimiento de los Focolares, expreso una inmensa gratitud a Dios por este hermano especial que muchos de nosotros conocemos como \u00abLuce Ardente\u00bb.<\/p>\n\n\n\n<p>Conoci\u00f3 a Chiara Lubich en mayo de 1995 y qued\u00f3 cautivado por el esp\u00edritu de unidad, convirti\u00e9ndose en testigo de \u00e9l y dedic\u00e1ndose con todo el coraz\u00f3n e incansablemente a darlo a conocer al mayor n\u00famero posible de personas.&nbsp;<\/p>\n\n\n\n<p><strong><em>Vivi\u00f3 plenamente el nombre que Chiara le hab\u00eda dado (Luz Ardiente), siendo en todas partes un instrumento de luz, consuelo y esperanza. Hasta el final, am\u00f3 y vivi\u00f3 para<\/em><\/strong> <strong><em>construir la fraternidad universal.<\/em><\/strong><\/p>\n\n\n\n<p>Durante su enfermedad, siempre quiso tranquilizar a los focolarinos, focolarinas y a los miembros del Movimiento en Tailandia que lo visitaban, dici\u00e9ndoles que estaba bien, que estaba en paz y con amor, esperando encontrarse con \u00abMamma Chiara\u00bb, sus primeros compa\u00f1eros, como Eli, Natalia, Peppuccio e incluso Maria Voce (Ema\u00fas). Con voz d\u00e9bil, repet\u00eda: \u00abUno siempre\u00bb. Cuando le preguntaban: \u00ab\u00bfC\u00f3mo est\u00e1s, Luz Ardiente?\u00bb, respond\u00eda: \u00abBien\u00bb. \u00abPero, \u00bfc\u00f3mo puedes decir bien&#8230;\u00bb? Y confirmaba de nuevo: \u00abBien&#8230;\u00bb. Su serenidad era sorprendente, su capacidad de \u00abpermanecer\u00bb en el momento presente, acogiendo y amando a quien llegara.<\/p>\n\n\n\n<p>A un pariente suyo, un monje muy importante del norte, le expres\u00f3 su deseo de ser enterrado \u00abjunto a mi mam\u00e1\u00bb. Cuando le preguntaron: \u00ab\u00bfTu madre es Jankeo?\u00bb, Luce Ardente respondi\u00f3: \u00abNo, junto a mi mam\u00e1 en Italia, en Loppiano: as\u00ed mis cenizas llegar\u00e1n al mundo entero\u00bb.<\/p>\n\n\n\n<p>En su \u00faltimo per\u00edodo, su habitaci\u00f3n se convirti\u00f3 en el&nbsp; destino de una procesi\u00f3n de monjes, sus amigos e incluso personas que no ve\u00eda desde hac\u00eda 28 a\u00f1os, quienes acudieron a saludarlo y a mostrarle su afecto. Aunque estaba inm\u00f3vil y casi incapaz de hablar, le respondi\u00f3 con la mirada y un suave apret\u00f3n de manos.<\/p>\n\n\n\n<p><strong><em>A lo largo de su vida, habl\u00f3 de Chiara Lubich y de la unidad de una manera \u00fanica, con sabidur\u00eda y pasi\u00f3n, a trav\u00e9s de libros, revistas, programas de radio y encuentros con<\/em><\/strong> <strong><em>monjes budistas y laicos, no sin afrontar dificultades. Un d\u00eda, un monje le pregunt\u00f3, perplejo: \u00abMaestro, \u00bfsigue usted a una mujer cristiana?\u00bb. \u00c9l respondi\u00f3: \u00abNo sigo a una mujer, sino su ideal de fraternidad universal. Ella no pertenece solo a los cristianos, sino tambi\u00e9n a nosotros\u00bb.<\/em><\/strong><\/p>\n\n\n\n<p>En su \u00faltimo mensaje, me escribi\u00f3: \u00abMargaret, sufro, pero resisto, resisto, resisto, porque mi sufrimiento no es nada comparado con el de Jes\u00fas en la cruz. Resisto porque soy hijo de mam\u00e1 Chiara. Recuerda: ya no nos veremos, pero un d\u00eda nos veremos. Pronto ir\u00e9 con ella\u00bb.<\/p>\n\n\n\n<p>Personalmente, atesoro cada palabra que me escribi\u00f3 y cada consejo que me dio. Me ense\u00f1\u00f3 lo que significa \u00abresistir por amor\u00bb, y su uni\u00f3n conmigo fue un regalo precioso que jam\u00e1s olvidar\u00e9.\u00a0<\/p>\n\n\n\n<p>Luce Ardente quiere que todos lo recordemos como \u00e9l se sent\u00eda: un hijo de mam\u00e1 Chiara y un hermano para cada uno de nosotros. Sab\u00eda que muchos en el Movimiento, en todo el mundo, rezaban por \u00e9l.<\/p>\n\n\n\n<p>Con profunda gratitud por su vida, los invito a rezar por \u00e9l. Damos gracias a Dios por este fruto especial, maduro y grandioso del Carisma de la Unidad, que el Cielo nos ha dado a nosotros y a los numerosos hermanos y hermanas que lo conocieron.<\/p>\n\n\n\n<p><strong><em>Continuemos juntos el camino que tanto am\u00f3, seguros de que \u00e9l nos acompa\u00f1ar\u00e1 y apoyar\u00e1 en nuestro compromiso con el di\u00e1logo entre las religiones y la fraternidad universal.<\/em><\/strong><\/p>\n\n\n\n<p>En unidad,<\/p>\n\n\n\n<p><em>Margaret Karram- presidente del Movimiento de los Focolares<\/em><\/p>\n\n\n\n<figure class=\"wp-block-image size-full is-resized\"><img fetchpriority=\"high\" decoding=\"async\" width=\"259\" height=\"194\" src=\"https:\/\/www.focolaresciudadnueva.com\/wp-content\/uploads\/2025\/12\/image-16.png\" alt=\"\" class=\"wp-image-20519\" style=\"width:509px;height:auto\" srcset=\"https:\/\/www.focolaresciudadnueva.com\/wp-content\/uploads\/2025\/12\/image-16.png 259w, https:\/\/www.focolaresciudadnueva.com\/wp-content\/uploads\/2025\/12\/image-16-120x90.png 120w\" sizes=\"(max-width: 259px) 100vw, 259px\" \/><\/figure>\n\n\n\n<p><\/p>\n","protected":false},"excerpt":{"rendered":"<p>Continuemos juntos el camino que tanto am\u00f3, seguros de que \u00e9l nos acompa\u00f1ar\u00e1 y apoyar\u00e1 en nuestro compromiso con el di\u00e1logo entre las religiones y la fraternidad universal. <a href=\"https:\/\/www.focolaresciudadnueva.com\/inicio\/hasta-siempre-querido-luce-ardente\/\" class=\"more-link\">Continue reading <span class=\"screen-reader-text\">\u00a1Hasta siempre querido Luce Ardente!<\/span><\/a><\/p>\n","protected":false},"author":4,"featured_media":20520,"comment_status":"open","ping_status":"closed","sticky":false,"template":"","format":"standard","meta":{"footnotes":""},"categories":[164,174],"tags":[],"class_list":["post-20517","post","type-post","status-publish","format-standard","has-post-thumbnail","hentry","category-destacadas-focolares","category-periodismo-en-profundidad"],"wpmagazine_modules_lite_featured_media_urls":{"thumbnail":["https:\/\/www.focolaresciudadnueva.com\/wp-content\/uploads\/2025\/12\/LUCE-ARDENTE-1-150x150.png",150,150,true],"cvmm-medium":["https:\/\/www.focolaresciudadnueva.com\/wp-content\/uploads\/2025\/12\/LUCE-ARDENTE-1-300x300.png",300,300,true],"cvmm-medium-plus":["https:\/\/www.focolaresciudadnueva.com\/wp-content\/uploads\/2025\/12\/LUCE-ARDENTE-1-305x207.png",305,207,true],"cvmm-portrait":["https:\/\/www.focolaresciudadnueva.com\/wp-content\/uploads\/2025\/12\/LUCE-ARDENTE-1-400x600.png",400,600,true],"cvmm-medium-square":["https:\/\/www.focolaresciudadnueva.com\/wp-content\/uploads\/2025\/12\/LUCE-ARDENTE-1-600x600.png",600,600,true],"cvmm-large":["https:\/\/www.focolaresciudadnueva.com\/wp-content\/uploads\/2025\/12\/LUCE-ARDENTE-1-1024x1000.png",1024,1000,true],"cvmm-small":["https:\/\/www.focolaresciudadnueva.com\/wp-content\/uploads\/2025\/12\/LUCE-ARDENTE-1-130x95.png",130,95,true],"full":["https:\/\/www.focolaresciudadnueva.com\/wp-content\/uploads\/2025\/12\/LUCE-ARDENTE-1.png",2000,1000,false]},"categories_names":{"164":{"name":"Destacadas Focolares","link":"https:\/\/www.focolaresciudadnueva.com\/inicio\/category\/destacadas-focolares\/"},"174":{"name":"Periodismo en profundidad","link":"https:\/\/www.focolaresciudadnueva.com\/inicio\/category\/periodismo-en-profundidad\/"}},"tags_names":[],"comments_number":"0","_links":{"self":[{"href":"https:\/\/www.focolaresciudadnueva.com\/inicio\/wp-json\/wp\/v2\/posts\/20517","targetHints":{"allow":["GET"]}}],"collection":[{"href":"https:\/\/www.focolaresciudadnueva.com\/inicio\/wp-json\/wp\/v2\/posts"}],"about":[{"href":"https:\/\/www.focolaresciudadnueva.com\/inicio\/wp-json\/wp\/v2\/types\/post"}],"author":[{"embeddable":true,"href":"https:\/\/www.focolaresciudadnueva.com\/inicio\/wp-json\/wp\/v2\/users\/4"}],"replies":[{"embeddable":true,"href":"https:\/\/www.focolaresciudadnueva.com\/inicio\/wp-json\/wp\/v2\/comments?post=20517"}],"version-history":[{"count":1,"href":"https:\/\/www.focolaresciudadnueva.com\/inicio\/wp-json\/wp\/v2\/posts\/20517\/revisions"}],"predecessor-version":[{"id":20521,"href":"https:\/\/www.focolaresciudadnueva.com\/inicio\/wp-json\/wp\/v2\/posts\/20517\/revisions\/20521"}],"wp:featuredmedia":[{"embeddable":true,"href":"https:\/\/www.focolaresciudadnueva.com\/inicio\/wp-json\/wp\/v2\/media\/20520"}],"wp:attachment":[{"href":"https:\/\/www.focolaresciudadnueva.com\/inicio\/wp-json\/wp\/v2\/media?parent=20517"}],"wp:term":[{"taxonomy":"category","embeddable":true,"href":"https:\/\/www.focolaresciudadnueva.com\/inicio\/wp-json\/wp\/v2\/categories?post=20517"},{"taxonomy":"post_tag","embeddable":true,"href":"https:\/\/www.focolaresciudadnueva.com\/inicio\/wp-json\/wp\/v2\/tags?post=20517"}],"curies":[{"name":"wp","href":"https:\/\/api.w.org\/{rel}","templated":true}]}}