{"id":20514,"date":"2025-12-05T16:13:21","date_gmt":"2025-12-05T20:13:21","guid":{"rendered":"https:\/\/www.focolaresciudadnueva.com\/inicio\/?p=20514"},"modified":"2025-12-22T11:03:52","modified_gmt":"2025-12-22T15:03:52","slug":"es-navidad","status":"publish","type":"post","link":"https:\/\/www.focolaresciudadnueva.com\/inicio\/es-navidad\/","title":{"rendered":"Es Navidad"},"content":{"rendered":"\n<p class=\"has-medium-font-size\">Los escaparates est\u00e1n decorados festivamente, esferas doradas, peque\u00f1os \u00e1rboles de Navidad, ofertas de regalo preciosos.\u00a0<\/p>\n\n\n\n<p class=\"has-medium-font-size\">Las calles por la noche brillan con estrellas fugaces o cometas; los \u00e1rboles que bordean las aceras con ramas llenas de luces rojas, azules o blancas crean avenidas con una atm\u00f3sfera surrealista&#8230;<\/p>\n\n\n\n<p class=\"has-medium-font-size\">Hay un aire de expectativa. Todos est\u00e1n implicados\u2026 La Navidad no es solo un recuerdo tradicional: el nacimiento de ese ni\u00f1o de hace a\u00f1os&#8230;<\/p>\n\n\n\n<p class=\"has-medium-font-size\">\u00a1La Navidad est\u00e1 viva!<\/p>\n\n\n\n<p class=\"has-medium-font-size\">Y no solo en las iglesias con los pesebres, sino entre la gente por el clima de alegr\u00eda, amistad, bondad que crea cada a\u00f1o.<\/p>\n\n\n\n<p class=\"has-medium-font-size\">Y, sin embargo, incluso hoy el mundo est\u00e1 afectado por problemas enormes: pobreza hasta el punto del hambre, [&#8230;.] decenas de guerras, terrorismo, odio entre grupos \u00e9tnicos, pero tambi\u00e9n entre grupos y entre personas&#8230;<\/p>\n\n\n\n<p class=\"has-medium-font-size\">Se necesita amor. Jes\u00fas necesita regresar con fuerza.<\/p>\n\n\n\n<p class=\"has-medium-font-size\">El Ni\u00f1o Jes\u00fas es siempre el inmenso regalo del Padre para la humanidad, aunque no todos lo quieran reconocer. Tambi\u00e9n debemos dar gracias al Padre por ellos. Nosotros tenemos que celebrar la Navidad y renovar nuestra fe en el peque\u00f1o Dios-ni\u00f1o que vino a salvarnos, a crear una nueva familia de hermanos unidos por el amor, extendidos por toda la Tierra.<\/p>\n\n\n\n<p class=\"has-medium-font-size\">Miremos a nuestro alrededor&#8230; Que este amor est\u00e9 dirigido a todos, pero en particular a quienes sufren, a los m\u00e1s necesitados, a los que est\u00e1n solos, a los pobres, a los peque\u00f1os y a los enfermos&#8230; Que la comuni\u00f3n de afecto y de bienes con ellos brille como una familia de verdaderos hermanos que celebran la Navidad juntos y van m\u00e1s all\u00e1.<\/p>\n\n\n\n<p class=\"has-medium-font-size\">\u00a1Qui\u00e9n podr\u00e1 resistir el poder del amor?<\/p>\n\n\n\n<p class=\"has-medium-font-size\">A la luz de la Navidad, hagamos gestos, inspiremos acciones concretas. Ser\u00e1n remedios que parecen peque\u00f1os, pero aplicados a gran escala, pueden ser luz y soluci\u00f3n para los graves males del mundo.<\/p>\n\n\n\n<p class=\"has-medium-font-size\">\u00a1Feliz Navidad!<\/p>\n\n\n\n<p class=\"has-medium-font-size\"><em>Chiara Lubich<\/em><\/p>\n\n\n\n<p class=\"has-medium-font-size\"><em>Pensamiento para la conexi\u00f3n mundial de diciembre 2005.<\/em><\/p>\n\n\n\n<figure class=\"wp-block-image size-full\"><img fetchpriority=\"high\" decoding=\"async\" width=\"1024\" height=\"665\" src=\"https:\/\/www.focolaresciudadnueva.com\/wp-content\/uploads\/2025\/12\/image-15.png\" alt=\"\" class=\"wp-image-20515\" srcset=\"https:\/\/www.focolaresciudadnueva.com\/wp-content\/uploads\/2025\/12\/image-15.png 1024w, https:\/\/www.focolaresciudadnueva.com\/wp-content\/uploads\/2025\/12\/image-15-300x195.png 300w, https:\/\/www.focolaresciudadnueva.com\/wp-content\/uploads\/2025\/12\/image-15-768x499.png 768w, https:\/\/www.focolaresciudadnueva.com\/wp-content\/uploads\/2025\/12\/image-15-139x90.png 139w, https:\/\/www.focolaresciudadnueva.com\/wp-content\/uploads\/2025\/12\/image-15-750x487.png 750w\" sizes=\"(max-width: 1024px) 100vw, 1024px\" \/><\/figure>\n","protected":false},"excerpt":{"rendered":"<p>\u00a1Qui\u00e9n podr\u00e1 resistir el poder del amor? <a href=\"https:\/\/www.focolaresciudadnueva.com\/inicio\/es-navidad\/\" class=\"more-link\">Continue reading <span class=\"screen-reader-text\">Es Navidad<\/span><\/a><\/p>\n","protected":false},"author":4,"featured_media":20515,"comment_status":"open","ping_status":"closed","sticky":false,"template":"","format":"standard","meta":{"footnotes":""},"categories":[77],"tags":[],"class_list":["post-20514","post","type-post","status-publish","format-standard","has-post-thumbnail","hentry","category-en-dialogo-con-chiara"],"wpmagazine_modules_lite_featured_media_urls":{"thumbnail":["https:\/\/www.focolaresciudadnueva.com\/wp-content\/uploads\/2025\/12\/image-15-150x150.png",150,150,true],"cvmm-medium":["https:\/\/www.focolaresciudadnueva.com\/wp-content\/uploads\/2025\/12\/image-15-300x300.png",300,300,true],"cvmm-medium-plus":["https:\/\/www.focolaresciudadnueva.com\/wp-content\/uploads\/2025\/12\/image-15-305x207.png",305,207,true],"cvmm-portrait":["https:\/\/www.focolaresciudadnueva.com\/wp-content\/uploads\/2025\/12\/image-15-400x600.png",400,600,true],"cvmm-medium-square":["https:\/\/www.focolaresciudadnueva.com\/wp-content\/uploads\/2025\/12\/image-15-600x600.png",600,600,true],"cvmm-large":["https:\/\/www.focolaresciudadnueva.com\/wp-content\/uploads\/2025\/12\/image-15.png",1024,665,false],"cvmm-small":["https:\/\/www.focolaresciudadnueva.com\/wp-content\/uploads\/2025\/12\/image-15-130x95.png",130,95,true],"full":["https:\/\/www.focolaresciudadnueva.com\/wp-content\/uploads\/2025\/12\/image-15.png",1024,665,false]},"categories_names":{"77":{"name":"En di\u00e1logo con Chiara","link":"https:\/\/www.focolaresciudadnueva.com\/inicio\/category\/en-dialogo-con-chiara\/"}},"tags_names":[],"comments_number":"0","_links":{"self":[{"href":"https:\/\/www.focolaresciudadnueva.com\/inicio\/wp-json\/wp\/v2\/posts\/20514","targetHints":{"allow":["GET"]}}],"collection":[{"href":"https:\/\/www.focolaresciudadnueva.com\/inicio\/wp-json\/wp\/v2\/posts"}],"about":[{"href":"https:\/\/www.focolaresciudadnueva.com\/inicio\/wp-json\/wp\/v2\/types\/post"}],"author":[{"embeddable":true,"href":"https:\/\/www.focolaresciudadnueva.com\/inicio\/wp-json\/wp\/v2\/users\/4"}],"replies":[{"embeddable":true,"href":"https:\/\/www.focolaresciudadnueva.com\/inicio\/wp-json\/wp\/v2\/comments?post=20514"}],"version-history":[{"count":1,"href":"https:\/\/www.focolaresciudadnueva.com\/inicio\/wp-json\/wp\/v2\/posts\/20514\/revisions"}],"predecessor-version":[{"id":20516,"href":"https:\/\/www.focolaresciudadnueva.com\/inicio\/wp-json\/wp\/v2\/posts\/20514\/revisions\/20516"}],"wp:featuredmedia":[{"embeddable":true,"href":"https:\/\/www.focolaresciudadnueva.com\/inicio\/wp-json\/wp\/v2\/media\/20515"}],"wp:attachment":[{"href":"https:\/\/www.focolaresciudadnueva.com\/inicio\/wp-json\/wp\/v2\/media?parent=20514"}],"wp:term":[{"taxonomy":"category","embeddable":true,"href":"https:\/\/www.focolaresciudadnueva.com\/inicio\/wp-json\/wp\/v2\/categories?post=20514"},{"taxonomy":"post_tag","embeddable":true,"href":"https:\/\/www.focolaresciudadnueva.com\/inicio\/wp-json\/wp\/v2\/tags?post=20514"}],"curies":[{"name":"wp","href":"https:\/\/api.w.org\/{rel}","templated":true}]}}