{"id":20486,"date":"2025-12-02T08:41:29","date_gmt":"2025-12-02T12:41:29","guid":{"rendered":"https:\/\/www.focolaresciudadnueva.com\/inicio\/?p=20486"},"modified":"2025-12-02T08:41:30","modified_gmt":"2025-12-02T12:41:30","slug":"leon-xiv-de-regreso-a-roma-concluyo-su-primer-viaje-apostolico","status":"publish","type":"post","link":"https:\/\/www.focolaresciudadnueva.com\/inicio\/leon-xiv-de-regreso-a-roma-concluyo-su-primer-viaje-apostolico\/","title":{"rendered":"Le\u00f3n XIV de regreso a Roma, concluy\u00f3 su primer Viaje Apost\u00f3lico"},"content":{"rendered":"\n<p class=\"has-medium-font-size\"><strong><em>El avi\u00f3n que transporta al Papa despeg\u00f3 del Aeropuerto Internacional de Beirut a las 13:48 hora local. Antes de partir, pronunci\u00f3 un discurso de despedida, saludando al Pa\u00eds de los Cedros. El viaje, que comenz\u00f3 el 27 de noviembre, inici\u00f3 con escalas en Turqu\u00eda y L\u00edbano.<\/em><\/strong><\/p>\n\n\n\n<p><strong>Vatican News<\/strong><\/p>\n\n\n\n<p class=\"has-medium-font-size\">El primer viaje apost\u00f3lico del Papa Le\u00f3n XIV ha concluido. El Airbus A320neo de ITA Airways, en el que el Papa embarc\u00f3 a las 13:34, despeg\u00f3 del Aeropuerto Internacional de Beirut a las 13:48 hora local y llegar\u00e1 a Roma en aproximadamente cuatro horas.<\/p>\n\n\n\n<figure class=\"wp-block-image size-large\"><img fetchpriority=\"high\" decoding=\"async\" width=\"1024\" height=\"576\" src=\"https:\/\/www.focolaresciudadnueva.com\/wp-content\/uploads\/2025\/12\/image-14-1024x576.png\" alt=\"\" class=\"wp-image-20487\" srcset=\"https:\/\/www.focolaresciudadnueva.com\/wp-content\/uploads\/2025\/12\/image-14-1024x576.png 1024w, https:\/\/www.focolaresciudadnueva.com\/wp-content\/uploads\/2025\/12\/image-14-300x169.png 300w, https:\/\/www.focolaresciudadnueva.com\/wp-content\/uploads\/2025\/12\/image-14-768x432.png 768w, https:\/\/www.focolaresciudadnueva.com\/wp-content\/uploads\/2025\/12\/image-14-160x90.png 160w, https:\/\/www.focolaresciudadnueva.com\/wp-content\/uploads\/2025\/12\/image-14-750x422.png 750w, https:\/\/www.focolaresciudadnueva.com\/wp-content\/uploads\/2025\/12\/image-14-1140x641.png 1140w, https:\/\/www.focolaresciudadnueva.com\/wp-content\/uploads\/2025\/12\/image-14.png 1280w\" sizes=\"(max-width: 1024px) 100vw, 1024px\" \/><\/figure>\n\n\n\n<p class=\"has-medium-font-size\">El despegue tuvo lugar tras la ceremonia de despedida, durante la cual, en un breve discurso, el Papa repas\u00f3 algunos de los momentos m\u00e1s destacados de su estancia en el L\u00edbano y expres\u00f3 su deseo de paz, haciendo un llamamiento al fin de las hostilidades en Oriente Medio.<\/p>\n\n\n\n<figure class=\"wp-block-image\"><img decoding=\"async\" src=\"https:\/\/www.vaticannews.va\/content\/dam\/vaticannews\/agenzie\/images\/ansa\/2025\/12\/02\/13\/1764677823513.jpg\/_jcr_content\/renditions\/cq5dam.thumbnail.cropped.750.422.jpeg\" alt=\"El Papa es recibido por el Presidente del L\u00edbano en el aeropuerto internacional de Beirut\" title=\"El Papa es recibido por el Presidente del L\u00edbano en el aeropuerto internacional de Beirut\"\/><figcaption class=\"wp-element-caption\">El Papa es recibido por el Presidente del L\u00edbano en el aeropuerto internacional de Beirut \u00a0 (ANSA)<\/figcaption><\/figure>\n\n\n\n<p><\/p>\n\n\n\n<p class=\"has-medium-font-size\">Le\u00f3n XIV lleg\u00f3 al Pa\u00eds de los Cedros el pasado domingo 30 de noviembre, tras viajar a Turqu\u00eda el 27 de noviembre, con motivo del 1700 aniversario del Primer Concilio de Nicea. Entre los acontecimientos m\u00e1s significativos que vivi\u00f3 se encuentran la visita el lunes a la tumba de San Charbel Makl\u016bf en el Monasterio de San Mar\u00f3n en Annaya, un encuentro ecum\u00e9nico e interreligioso en Beirut y un encuentro con j\u00f3venes en Bkerk\u00e9. Hoy visit\u00f3 el Hospital de la Croix en Jal ed Dib, dirigido por la Congregaci\u00f3n de las Hermanas Franciscanas de la Cruz. A continuaci\u00f3n, celebr\u00f3 una oraci\u00f3n en silencio en el puerto de la capital, escenario de las dos explosiones del 4 de agosto de 2020, que mataron a m\u00e1s de 200 personas y dejaron a 300.000 sin hogar. Tambi\u00e9n celebr\u00f3 una Misa en el paseo mar\u00edtimo de Beirut, una zona costera entre el puerto deportivo y el centro de la ciudad.<\/p>\n\n\n\n<figure class=\"wp-block-image\"><img decoding=\"async\" src=\"https:\/\/www.vaticannews.va\/content\/dam\/vaticannews\/agenzie\/images\/afp\/2025\/12\/02\/13\/1764676905273.jpg\/_jcr_content\/renditions\/cq5dam.thumbnail.cropped.750.422.jpeg\" alt=\"El Papa se despide del L\u00edbano\" title=\"El Papa se despide del L\u00edbano\"\/><figcaption class=\"wp-element-caption\">El Papa se despide del L\u00edbano \u00a0 (AFP or Licensors)<\/figcaption><\/figure>\n\n\n\n<p><\/p>\n","protected":false},"excerpt":{"rendered":"<p>Le\u00f3n XIV lleg\u00f3 al Pa\u00eds de los Cedros el pasado domingo 30 de noviembre, tras viajar a Turqu\u00eda el 27 de noviembre, con motivo del 1700 aniversario del Primer Concilio de Nicea. <a href=\"https:\/\/www.focolaresciudadnueva.com\/inicio\/leon-xiv-de-regreso-a-roma-concluyo-su-primer-viaje-apostolico\/\" class=\"more-link\">Continue reading <span class=\"screen-reader-text\">Le\u00f3n XIV de regreso a Roma, concluy\u00f3 su primer Viaje Apost\u00f3lico<\/span><\/a><\/p>\n","protected":false},"author":4,"featured_media":20487,"comment_status":"open","ping_status":"closed","sticky":false,"template":"","format":"standard","meta":{"footnotes":""},"categories":[63,70],"tags":[],"class_list":["post-20486","post","type-post","status-publish","format-standard","has-post-thumbnail","hentry","category-iglesia","category-internacional"],"wpmagazine_modules_lite_featured_media_urls":{"thumbnail":["https:\/\/www.focolaresciudadnueva.com\/wp-content\/uploads\/2025\/12\/image-14-150x150.png",150,150,true],"cvmm-medium":["https:\/\/www.focolaresciudadnueva.com\/wp-content\/uploads\/2025\/12\/image-14-300x300.png",300,300,true],"cvmm-medium-plus":["https:\/\/www.focolaresciudadnueva.com\/wp-content\/uploads\/2025\/12\/image-14-305x207.png",305,207,true],"cvmm-portrait":["https:\/\/www.focolaresciudadnueva.com\/wp-content\/uploads\/2025\/12\/image-14-400x600.png",400,600,true],"cvmm-medium-square":["https:\/\/www.focolaresciudadnueva.com\/wp-content\/uploads\/2025\/12\/image-14-600x600.png",600,600,true],"cvmm-large":["https:\/\/www.focolaresciudadnueva.com\/wp-content\/uploads\/2025\/12\/image-14-1024x720.png",1024,720,true],"cvmm-small":["https:\/\/www.focolaresciudadnueva.com\/wp-content\/uploads\/2025\/12\/image-14-130x95.png",130,95,true],"full":["https:\/\/www.focolaresciudadnueva.com\/wp-content\/uploads\/2025\/12\/image-14.png",1280,720,false]},"categories_names":{"63":{"name":"Iglesia","link":"https:\/\/www.focolaresciudadnueva.com\/inicio\/category\/iglesia\/"},"70":{"name":"Internacional","link":"https:\/\/www.focolaresciudadnueva.com\/inicio\/category\/internacional\/"}},"tags_names":[],"comments_number":"0","_links":{"self":[{"href":"https:\/\/www.focolaresciudadnueva.com\/inicio\/wp-json\/wp\/v2\/posts\/20486","targetHints":{"allow":["GET"]}}],"collection":[{"href":"https:\/\/www.focolaresciudadnueva.com\/inicio\/wp-json\/wp\/v2\/posts"}],"about":[{"href":"https:\/\/www.focolaresciudadnueva.com\/inicio\/wp-json\/wp\/v2\/types\/post"}],"author":[{"embeddable":true,"href":"https:\/\/www.focolaresciudadnueva.com\/inicio\/wp-json\/wp\/v2\/users\/4"}],"replies":[{"embeddable":true,"href":"https:\/\/www.focolaresciudadnueva.com\/inicio\/wp-json\/wp\/v2\/comments?post=20486"}],"version-history":[{"count":1,"href":"https:\/\/www.focolaresciudadnueva.com\/inicio\/wp-json\/wp\/v2\/posts\/20486\/revisions"}],"predecessor-version":[{"id":20488,"href":"https:\/\/www.focolaresciudadnueva.com\/inicio\/wp-json\/wp\/v2\/posts\/20486\/revisions\/20488"}],"wp:featuredmedia":[{"embeddable":true,"href":"https:\/\/www.focolaresciudadnueva.com\/inicio\/wp-json\/wp\/v2\/media\/20487"}],"wp:attachment":[{"href":"https:\/\/www.focolaresciudadnueva.com\/inicio\/wp-json\/wp\/v2\/media?parent=20486"}],"wp:term":[{"taxonomy":"category","embeddable":true,"href":"https:\/\/www.focolaresciudadnueva.com\/inicio\/wp-json\/wp\/v2\/categories?post=20486"},{"taxonomy":"post_tag","embeddable":true,"href":"https:\/\/www.focolaresciudadnueva.com\/inicio\/wp-json\/wp\/v2\/tags?post=20486"}],"curies":[{"name":"wp","href":"https:\/\/api.w.org\/{rel}","templated":true}]}}