{"id":20474,"date":"2025-12-05T06:00:00","date_gmt":"2025-12-05T10:00:00","guid":{"rendered":"https:\/\/www.focolaresciudadnueva.com\/inicio\/?p=20474"},"modified":"2025-12-09T10:28:41","modified_gmt":"2025-12-09T14:28:41","slug":"el-dado-del-amor-llega-a-huanuco-peru","status":"publish","type":"post","link":"https:\/\/www.focolaresciudadnueva.com\/inicio\/el-dado-del-amor-llega-a-huanuco-peru\/","title":{"rendered":"El dado del Amor llega a Hu\u00e1nuco (Per\u00fa)"},"content":{"rendered":"\n<p class=\"has-medium-font-size\"><strong><em>El Colegio V\u00edctor Ra\u00fal Haya de la Torre, del departamento de Hu\u00e1nuco, en la zona centro del Per\u00fa, nos abri\u00f3 las puertas para participar en la jornada escolar, distrital y parroquial de San Rafael. A la misma asistieron m\u00e1s de 100 alumnos de primer y segundo a\u00f1o de secundaria, adem\u00e1s de varios alumnos de algunos pueblos del distrito de San Rafael.<\/em><\/strong><\/p>\n\n\n\n<p class=\"has-medium-font-size\">En esta actividad contamos con la presencia de la coordinadora de la Unidad de Gesti\u00f3n Educativa Local (UGEL), el coordinador acad\u00e9mico de Ambo, provincia de Hu\u00e1nuco y la coordinadora de la Oficina Nacional de Educaci\u00f3n Cat\u00f3lica de Ambo; as\u00ed como todos los profesores de religi\u00f3n del distrito de San Rafael y sus pueblos.<\/p>\n\n\n<div class=\"wp-block-image\">\n<figure class=\"aligncenter size-full is-resized\"><img decoding=\"async\" width=\"285\" height=\"163\" src=\"https:\/\/www.focolaresciudadnueva.com\/wp-content\/uploads\/2025\/12\/image-12.png\" alt=\"\" class=\"wp-image-20480\" style=\"width:783px;height:auto\" srcset=\"https:\/\/www.focolaresciudadnueva.com\/wp-content\/uploads\/2025\/12\/image-12.png 285w, https:\/\/www.focolaresciudadnueva.com\/wp-content\/uploads\/2025\/12\/image-12-157x90.png 157w\" sizes=\"(max-width: 285px) 100vw, 285px\" \/><\/figure>\n<\/div>\n\n\n<p class=\"has-medium-font-size\"><\/p>\n\n\n\n<p class=\"has-medium-font-size\">Estuvo tambi\u00e9n el Padre Ricardo- responsable del distrito de San Rafael- acompa\u00f1ado de un sacerdote Franciscano Capuchino y dos j\u00f3venes carism\u00e1ticos que amenizaron con canciones y juegos.&nbsp;<\/p>\n\n\n\n<p class=\"has-medium-font-size\">El Sacerdote Capuchino habl\u00f3 sobre la Vida de Fray Alfonso Sardinas, segundo obispo de Hu\u00e1nuco, ejemplo de vida para los j\u00f3venes.&nbsp;<\/p>\n\n\n<div class=\"wp-block-image\">\n<figure class=\"aligncenter size-full is-resized\"><img fetchpriority=\"high\" decoding=\"async\" width=\"371\" height=\"163\" src=\"https:\/\/www.focolaresciudadnueva.com\/wp-content\/uploads\/2025\/12\/image-10.png\" alt=\"\" class=\"wp-image-20476\" style=\"width:835px;height:auto\" srcset=\"https:\/\/www.focolaresciudadnueva.com\/wp-content\/uploads\/2025\/12\/image-10.png 371w, https:\/\/www.focolaresciudadnueva.com\/wp-content\/uploads\/2025\/12\/image-10-300x132.png 300w, https:\/\/www.focolaresciudadnueva.com\/wp-content\/uploads\/2025\/12\/image-10-205x90.png 205w\" sizes=\"(max-width: 371px) 100vw, 371px\" \/><\/figure>\n<\/div>\n\n\n<p><\/p>\n\n\n\n<p class=\"has-medium-font-size\">El arte de Amar fue el tema central de la jornada, introducido y desarrollado a trav\u00e9s de talleres que permiti\u00f3 a los participantes una profundizaci\u00f3n vivencial de cada punto. Desplegado, despu\u00e9s, mediante la creatividad de cada grupo en: pintura, teatro, oraciones.<\/p>\n\n\n\n<p class=\"has-medium-font-size\">Uno de los profesores dec\u00eda que se iba contento porque hab\u00eda profundizado el amor de Dios vivencialmente.<\/p>\n\n\n<div class=\"wp-block-image\">\n<figure class=\"aligncenter size-full\"><img decoding=\"async\" width=\"217\" height=\"360\" src=\"https:\/\/www.focolaresciudadnueva.com\/wp-content\/uploads\/2025\/12\/image-9.png\" alt=\"\" class=\"wp-image-20475\" srcset=\"https:\/\/www.focolaresciudadnueva.com\/wp-content\/uploads\/2025\/12\/image-9.png 217w, https:\/\/www.focolaresciudadnueva.com\/wp-content\/uploads\/2025\/12\/image-9-181x300.png 181w, https:\/\/www.focolaresciudadnueva.com\/wp-content\/uploads\/2025\/12\/image-9-54x90.png 54w\" sizes=\"(max-width: 217px) 100vw, 217px\" \/><\/figure>\n<\/div>\n\n\n<p class=\"has-medium-font-size\"><\/p>\n\n\n\n<p class=\"has-medium-font-size\">\u201cPara m\u00ed, personalmente, fue una experiencia bella encontrarme con la pureza de un pueblo, de los chicos. Cuando preparaba el taller, pensaba hacerlo utilizando herramientas, que me parec\u00edan m\u00e1s did\u00e1cticas, como audiovisuales, por ejemplo, pero no fue posible y, sin embargo, frente a los chicos nada de estas herramientas fueron necesarias, encontr\u00e9 una capacidad de escucha que me impresionaron. La participaci\u00f3n de ellos en los talleres, me conmovi\u00f3. Constato que m\u00e1s que darles algo he recibido mucho m\u00e1s de los chicos\u201d. ( Edith, focolarina)<\/p>\n\n\n\n<p class=\"has-medium-font-size\">\u201cEsta experiencia marca en mi vida un antes y ahora un despu\u00e9s. Soy una voluntaria de Dios, oriunda de estas tierras. Cuando lleg\u00f3 el Movimiento a Per\u00fa, por muchos a\u00f1os contribu\u00ed concretamente a llevar el Carisma de la Unidad en Lima y ahora siento mucha alegr\u00eda de poder compartir este tesoro tambi\u00e9n aqu\u00ed, en tierras Huanuque\u00f1as, como una manera de dar esta vida de Dios a mi propia gente\u201d. (Yesica, voluntaria). Sentimos que esta experiencia es solo un inicio.<\/p>\n\n\n\n<p class=\"has-medium-font-size\"><em>Por Edith Ch\u00e1vez y Yesica Bl\u00e1cido Trujillo &#8211; Per\u00fa<\/em><\/p>\n","protected":false},"excerpt":{"rendered":"<p>El Colegio V\u00edctor Ra\u00fal Haya de la Torre, del departamento de Hu\u00e1nuco, en la zona centro del Per\u00fa, nos abri\u00f3 las puertas para participar en la jornada escolar, distrital y parroquial de San Rafael. <a href=\"https:\/\/www.focolaresciudadnueva.com\/inicio\/el-dado-del-amor-llega-a-huanuco-peru\/\" class=\"more-link\">Continue reading <span class=\"screen-reader-text\">El dado del Amor llega a Hu\u00e1nuco (Per\u00fa)<\/span><\/a><\/p>\n","protected":false},"author":4,"featured_media":20478,"comment_status":"open","ping_status":"closed","sticky":false,"template":"","format":"standard","meta":{"footnotes":""},"categories":[162,60,57,107],"tags":[],"class_list":["post-20474","post","type-post","status-publish","format-standard","has-post-thumbnail","hentry","category-comunidades","category-dialogos-en-la-cultura","category-jovenes","category-peru"],"wpmagazine_modules_lite_featured_media_urls":{"thumbnail":["https:\/\/www.focolaresciudadnueva.com\/wp-content\/uploads\/2025\/12\/image-11-150x150.png",150,150,true],"cvmm-medium":["https:\/\/www.focolaresciudadnueva.com\/wp-content\/uploads\/2025\/12\/image-11-300x300.png",300,300,true],"cvmm-medium-plus":["https:\/\/www.focolaresciudadnueva.com\/wp-content\/uploads\/2025\/12\/image-11-305x207.png",305,207,true],"cvmm-portrait":["https:\/\/www.focolaresciudadnueva.com\/wp-content\/uploads\/2025\/12\/image-11-400x493.png",400,493,true],"cvmm-medium-square":["https:\/\/www.focolaresciudadnueva.com\/wp-content\/uploads\/2025\/12\/image-11.png",504,493,false],"cvmm-large":["https:\/\/www.focolaresciudadnueva.com\/wp-content\/uploads\/2025\/12\/image-11.png",504,493,false],"cvmm-small":["https:\/\/www.focolaresciudadnueva.com\/wp-content\/uploads\/2025\/12\/image-11-130x95.png",130,95,true],"full":["https:\/\/www.focolaresciudadnueva.com\/wp-content\/uploads\/2025\/12\/image-11.png",504,493,false]},"categories_names":{"162":{"name":"Comunidades","link":"https:\/\/www.focolaresciudadnueva.com\/inicio\/category\/comunidades\/"},"60":{"name":"Di\u00e1logos en la Cultura","link":"https:\/\/www.focolaresciudadnueva.com\/inicio\/category\/dialogos-en-la-cultura\/"},"57":{"name":"J\u00f3venes","link":"https:\/\/www.focolaresciudadnueva.com\/inicio\/category\/jovenes\/"},"107":{"name":"Per\u00fa","link":"https:\/\/www.focolaresciudadnueva.com\/inicio\/category\/peru\/"}},"tags_names":[],"comments_number":"0","_links":{"self":[{"href":"https:\/\/www.focolaresciudadnueva.com\/inicio\/wp-json\/wp\/v2\/posts\/20474","targetHints":{"allow":["GET"]}}],"collection":[{"href":"https:\/\/www.focolaresciudadnueva.com\/inicio\/wp-json\/wp\/v2\/posts"}],"about":[{"href":"https:\/\/www.focolaresciudadnueva.com\/inicio\/wp-json\/wp\/v2\/types\/post"}],"author":[{"embeddable":true,"href":"https:\/\/www.focolaresciudadnueva.com\/inicio\/wp-json\/wp\/v2\/users\/4"}],"replies":[{"embeddable":true,"href":"https:\/\/www.focolaresciudadnueva.com\/inicio\/wp-json\/wp\/v2\/comments?post=20474"}],"version-history":[{"count":8,"href":"https:\/\/www.focolaresciudadnueva.com\/inicio\/wp-json\/wp\/v2\/posts\/20474\/revisions"}],"predecessor-version":[{"id":20513,"href":"https:\/\/www.focolaresciudadnueva.com\/inicio\/wp-json\/wp\/v2\/posts\/20474\/revisions\/20513"}],"wp:featuredmedia":[{"embeddable":true,"href":"https:\/\/www.focolaresciudadnueva.com\/inicio\/wp-json\/wp\/v2\/media\/20478"}],"wp:attachment":[{"href":"https:\/\/www.focolaresciudadnueva.com\/inicio\/wp-json\/wp\/v2\/media?parent=20474"}],"wp:term":[{"taxonomy":"category","embeddable":true,"href":"https:\/\/www.focolaresciudadnueva.com\/inicio\/wp-json\/wp\/v2\/categories?post=20474"},{"taxonomy":"post_tag","embeddable":true,"href":"https:\/\/www.focolaresciudadnueva.com\/inicio\/wp-json\/wp\/v2\/tags?post=20474"}],"curies":[{"name":"wp","href":"https:\/\/api.w.org\/{rel}","templated":true}]}}