{"id":20468,"date":"2025-12-03T06:00:00","date_gmt":"2025-12-03T10:00:00","guid":{"rendered":"https:\/\/www.focolaresciudadnueva.com\/inicio\/?p=20468"},"modified":"2025-12-09T10:30:43","modified_gmt":"2025-12-09T14:30:43","slug":"un-hogar-lejos-del-hogar-2","status":"publish","type":"post","link":"https:\/\/www.focolaresciudadnueva.com\/inicio\/un-hogar-lejos-del-hogar-2\/","title":{"rendered":"Un hogar lejos del hogar"},"content":{"rendered":"\n<p class=\"has-medium-font-size\"><strong><em>En la ciudad de Encarnaci\u00f3n, en el sur del Paraguay, una familia construye una residencia universitaria y decide \u201chacerse familia\u201d con j\u00f3venes que se encuentran lejos de su casa, teniendo que vivir solos a causa de los estudios.<\/em><\/strong><\/p>\n\n\n\n<p class=\"has-medium-font-size\">Las hermanas Liz Marlene y Mar\u00eda Fernanda viv\u00edan con sus padres, Mario Santacruz y Victoria Alvarenga, en la ciudad de Santa Rita, a 340 km. de Asunci\u00f3n. A los 14 a\u00f1os, se van a vivir en Encarnaci\u00f3n (a 360 km de Asunci\u00f3n y a 200 km de Santa Rita), para cursar los bachilleratos t\u00e9cnicos que deseaban. Tienen que buscar donde vivir, pero \u201cnos tocaron lugares muy feos, desagradables en cuesti\u00f3n de ambiente\u201d, recuerda Victoria. Paredes rasgadas, mucha humedad, calor excesivo, ba\u00f1os muy peque\u00f1os, habitaci\u00f3n compartida con lavadero y cocina.<\/p>\n\n\n\n<p class=\"has-medium-font-size\">\u201cSent\u00edamos pena de ver a los chicos as\u00ed\u201d, comenta. \u201cY entonces dijimos: bueno, dejemos el alquiler, busquemos un terreno cerca de la universidad, y emprendamos una construcci\u00f3n para dar mayor calidad de residencia a los j\u00f3venes\u201d. Era el a\u00f1o 2013.<\/p>\n\n\n\n<p class=\"has-medium-font-size\">Encuentran el terreno a solo cuatro cuadras de la universidad y empiezan a construir el primer departamento, donde van a vivir sus hijas. Enseguida, Mario, que es t\u00e9cnico superior electro-t\u00e9cnica, se jubila, y con los aportes jubilatorios pueden invertir en su \u201cresidencia universitaria\u201d, como la llaman.<\/p>\n\n\n\n<p class=\"has-medium-font-size\">Cada a\u00f1o construyen un departamento, hasta llegar a los diez actuales. M\u00e1s en el que viven, pues ellos tambi\u00e9n se mudaron a Encarnaci\u00f3n hace unos a\u00f1os. (\u2026) No fue, sin embargo, una decisi\u00f3n f\u00e1cil. \u201cYo tuve dos a\u00f1os dudando comprar este lote\u201d, cuenta Mario. Pero, al final, reconoce que era el paso que deb\u00edan dar. Y no se arrepiente.<\/p>\n\n\n\n<p class=\"has-medium-font-size\"><strong>Vida en familia<\/strong><\/p>\n\n\n\n<p class=\"has-medium-font-size\">Tras la dura experiencia vivida por sus hijas, Mario y Victoria decidieron dar a j\u00f3venes que se van a estudiar a Encarnaci\u00f3n una perspectiva diferente: un esp\u00edritu de familia.<\/p>\n\n\n\n<p class=\"has-medium-font-size\">Mario est\u00e1 m\u00e1s presente durante la semana, porque Victoria es directora de un colegio en Santa Rita y debe viajar semanalmente para all\u00e1. \u00c9l ense\u00f1a a los j\u00f3venes \u2013que actualmente son siete\u2013 a clasificar la basura para el reciclaje, charla con los j\u00f3venes, comparte experiencias de sus tiempos de estudiante universitario y les da consejos. Victoria, los domingos, prepara la sopa paraguaya o el chip\u00e1 guaz\u00fa1. Y siempre los comparte con aquellos inquilinos que permanecen el fin de semana.<\/p>\n\n\n\n<p class=\"has-medium-font-size\">Son muchos los episodios cotidianos en los que Mario y Victoria se permiten \u201cser familia\u201d con estos j\u00f3venes. \u201cA veces les salvamos en algunas situaciones econ\u00f3micas porque los padres est\u00e1n lejos\u201d, cuenta Victoria, agregando tambi\u00e9n, por ejemplo, cuando se quedan sin sus llaveros \u201cy saben que nosotros estamos, y les socorremos haci\u00e9ndoles copias de las llaves para que puedan ingresar\u201d.<\/p>\n\n\n\n<p class=\"has-medium-font-size\">Compartir almuerzos y cumplea\u00f1os, celebrar el ingreso a la universidad y otros momentos de fiesta son escenas comunes en esa residencia universitaria. \u201cEs una forma de interesarnos por sus vidas, guiarlos, porque nosotros tambi\u00e9n hemos pasado por eso\u201d, comenta Mario, enfatizando que ellos \u201cson para nosotros parte de nuestra familia\u201d. \u201cY ellos se sienten como en casa\u201d, completa Victoria.<\/p>\n\n\n\n<p class=\"has-medium-font-size\">Eso se refleja en los j\u00f3venes que buscan un lugar hacia ellos luego de haber vivido en lugares que, seg\u00fan cuentan Mario y Victoria, se asemejan a aquel lugar en que vivieron sus hijas antes de que su emprendimiento empezara. Cuentan que \u201cparece que prefieren este lugar, porque sienten algo distinto\u201d. De hecho, dicen que nunca tuvieron episodios lamentables con los j\u00f3venes, sino que hay siempre un respeto al ambiente com\u00fan y hacia los dem\u00e1s.<\/p>\n\n\n\n<p class=\"has-medium-font-size\">\u201cLos que entran no se van enseguida\u201d, cuenta Mario. \u201cPor casos especiales es que se sale de la casa. Creo que tuvimos uno o dos estudiantes que salieron de ac\u00e1\u201d, normalmente para compartir los gastos con un amigo o un hermano en otro lado de la ciudad.<\/p>\n\n\n\n<p class=\"has-medium-font-size\">Esta es una experiencia que empieza a ir m\u00e1s all\u00e1 de sus muros, haci\u00e9ndose presente en el contexto en que est\u00e1n insertos. Por un lado, Mario y Victoria cuentan que recientemente trabajaron en su parroquia la realidad de las familias de su barrio, y destacaron el hecho de que hay muchos j\u00f3venes que migran hacia Encarnaci\u00f3n para seguir los estudios universitarios, y que hay que acompa\u00f1arlos.<\/p>\n\n\n\n<p class=\"has-medium-font-size\">Una propuesta que, cuentan, se hizo llegar tambi\u00e9n a la di\u00f3cesis. Otro acercamiento a la comunidad que se inicia es con la Fazenda de la Esperanza2 \u201cRosa M\u00edstica\u201d, en los alrededores de Encarnaci\u00f3n. Para una beca ofrecida por la Municipalidad de Encarnaci\u00f3n, los j\u00f3venes estudiantes deben hacer una actividad de extensi\u00f3n universitaria de car\u00e1cter social. \u201cEntonces los llevamos a visitar la Fazenda y ver qu\u00e9 tarea podr\u00edan darles all\u00e1\u201d, cuenta Victoria.<\/p>\n\n\n\n<p class=\"has-medium-font-size\"><strong>Con las familias<\/strong><\/p>\n\n\n\n<p class=\"has-medium-font-size\">La relaci\u00f3n de Mario y Victoria con los j\u00f3venes que acogen en su residencia universitaria va m\u00e1s all\u00e1, y alcanza tambi\u00e9n a toda la familia. Por un lado, los estudiantes se sienten abiertos a hacerse conocer hablando tambi\u00e9n acerca de sus familias. Por otro lado, sus padres se encuentran tranquilos sabiendo que hay alguien que cuida a sus hijos cuando ellos est\u00e1n lejos.<\/p>\n\n\n\n<p class=\"has-medium-font-size\">La presencia de la familia viviendo en uno de los departamentos de la residencia universitaria es un punto positivo y que da a las familias de los j\u00f3venes estudiantes tranquilidad y seguridad, comenta Victoria.<\/p>\n\n\n\n<p class=\"has-medium-font-size\">\u201cLos padres cuando vienen son muy agradecidos porque ven en nosotros un apoyo hacia sus hijos\u201d, contin\u00faa Victoria. Y agrega: \u201cNo los tomamos como un cliente nom\u00e1s. Somos tambi\u00e9n muy flexibles con ellos a veces con los pagos. Hay dificultades, nos comentan. Y procuramos facilitarles lo que ellos est\u00e9n necesitando. Porque nosotros tambi\u00e9n hemos vivido con nuestras hijas esta distancia que hay con la familia\u201d.<\/p>\n\n\n\n<p class=\"has-medium-font-size\"><em>Por Lucas Oliveira &#8211; Paraguay<\/em><\/p>\n\n\n\n<p class=\"has-medium-font-size\">Fuente https:\/\/revistaciudadnueva.online\/<\/p>\n\n\n\n<figure class=\"wp-block-image size-full\"><img fetchpriority=\"high\" decoding=\"async\" width=\"828\" height=\"550\" src=\"https:\/\/www.focolaresciudadnueva.com\/wp-content\/uploads\/2025\/12\/image-7.png\" alt=\"\" class=\"wp-image-20469\" srcset=\"https:\/\/www.focolaresciudadnueva.com\/wp-content\/uploads\/2025\/12\/image-7.png 828w, https:\/\/www.focolaresciudadnueva.com\/wp-content\/uploads\/2025\/12\/image-7-300x199.png 300w, https:\/\/www.focolaresciudadnueva.com\/wp-content\/uploads\/2025\/12\/image-7-768x510.png 768w, https:\/\/www.focolaresciudadnueva.com\/wp-content\/uploads\/2025\/12\/image-7-135x90.png 135w, https:\/\/www.focolaresciudadnueva.com\/wp-content\/uploads\/2025\/12\/image-7-750x498.png 750w\" sizes=\"(max-width: 828px) 100vw, 828px\" \/><\/figure>\n","protected":false},"excerpt":{"rendered":"<p>Tras la dura experiencia vivida por sus hijas, Mario y Victoria decidieron dar a j\u00f3venes que se van a estudiar a Encarnaci\u00f3n una perspectiva diferente: un esp\u00edritu de familia. <a href=\"https:\/\/www.focolaresciudadnueva.com\/inicio\/un-hogar-lejos-del-hogar-2\/\" class=\"more-link\">Continue reading <span class=\"screen-reader-text\">Un hogar lejos del hogar<\/span><\/a><\/p>\n","protected":false},"author":4,"featured_media":20469,"comment_status":"open","ping_status":"closed","sticky":false,"template":"","format":"standard","meta":{"footnotes":""},"categories":[62],"tags":[],"class_list":["post-20468","post","type-post","status-publish","format-standard","has-post-thumbnail","hentry","category-familia"],"wpmagazine_modules_lite_featured_media_urls":{"thumbnail":["https:\/\/www.focolaresciudadnueva.com\/wp-content\/uploads\/2025\/12\/image-7-150x150.png",150,150,true],"cvmm-medium":["https:\/\/www.focolaresciudadnueva.com\/wp-content\/uploads\/2025\/12\/image-7-300x300.png",300,300,true],"cvmm-medium-plus":["https:\/\/www.focolaresciudadnueva.com\/wp-content\/uploads\/2025\/12\/image-7-305x207.png",305,207,true],"cvmm-portrait":["https:\/\/www.focolaresciudadnueva.com\/wp-content\/uploads\/2025\/12\/image-7-400x550.png",400,550,true],"cvmm-medium-square":["https:\/\/www.focolaresciudadnueva.com\/wp-content\/uploads\/2025\/12\/image-7-600x550.png",600,550,true],"cvmm-large":["https:\/\/www.focolaresciudadnueva.com\/wp-content\/uploads\/2025\/12\/image-7.png",828,550,false],"cvmm-small":["https:\/\/www.focolaresciudadnueva.com\/wp-content\/uploads\/2025\/12\/image-7-130x95.png",130,95,true],"full":["https:\/\/www.focolaresciudadnueva.com\/wp-content\/uploads\/2025\/12\/image-7.png",828,550,false]},"categories_names":{"62":{"name":"Familia","link":"https:\/\/www.focolaresciudadnueva.com\/inicio\/category\/familia\/"}},"tags_names":[],"comments_number":"0","_links":{"self":[{"href":"https:\/\/www.focolaresciudadnueva.com\/inicio\/wp-json\/wp\/v2\/posts\/20468","targetHints":{"allow":["GET"]}}],"collection":[{"href":"https:\/\/www.focolaresciudadnueva.com\/inicio\/wp-json\/wp\/v2\/posts"}],"about":[{"href":"https:\/\/www.focolaresciudadnueva.com\/inicio\/wp-json\/wp\/v2\/types\/post"}],"author":[{"embeddable":true,"href":"https:\/\/www.focolaresciudadnueva.com\/inicio\/wp-json\/wp\/v2\/users\/4"}],"replies":[{"embeddable":true,"href":"https:\/\/www.focolaresciudadnueva.com\/inicio\/wp-json\/wp\/v2\/comments?post=20468"}],"version-history":[{"count":1,"href":"https:\/\/www.focolaresciudadnueva.com\/inicio\/wp-json\/wp\/v2\/posts\/20468\/revisions"}],"predecessor-version":[{"id":20470,"href":"https:\/\/www.focolaresciudadnueva.com\/inicio\/wp-json\/wp\/v2\/posts\/20468\/revisions\/20470"}],"wp:featuredmedia":[{"embeddable":true,"href":"https:\/\/www.focolaresciudadnueva.com\/inicio\/wp-json\/wp\/v2\/media\/20469"}],"wp:attachment":[{"href":"https:\/\/www.focolaresciudadnueva.com\/inicio\/wp-json\/wp\/v2\/media?parent=20468"}],"wp:term":[{"taxonomy":"category","embeddable":true,"href":"https:\/\/www.focolaresciudadnueva.com\/inicio\/wp-json\/wp\/v2\/categories?post=20468"},{"taxonomy":"post_tag","embeddable":true,"href":"https:\/\/www.focolaresciudadnueva.com\/inicio\/wp-json\/wp\/v2\/tags?post=20468"}],"curies":[{"name":"wp","href":"https:\/\/api.w.org\/{rel}","templated":true}]}}