{"id":20459,"date":"2025-12-02T08:03:02","date_gmt":"2025-12-02T12:03:02","guid":{"rendered":"https:\/\/www.focolaresciudadnueva.com\/inicio\/?p=20459"},"modified":"2025-12-05T12:20:49","modified_gmt":"2025-12-05T16:20:49","slug":"el-papa-a-los-jovenes-tienen-el-don-del-tiempo-usenlo-para-sonar-y-construir-la-paz","status":"publish","type":"post","link":"https:\/\/www.focolaresciudadnueva.com\/inicio\/el-papa-a-los-jovenes-tienen-el-don-del-tiempo-usenlo-para-sonar-y-construir-la-paz\/","title":{"rendered":"El Papa en El L\u00edbano a los j\u00f3venes: Tienen el don del tiempo, \u00fasenlo para so\u00f1ar y construir la paz"},"content":{"rendered":"\n<p class=\"has-medium-font-size\"><strong><em>En su encuentro con j\u00f3venes libaneses reunidos en la plaza frente al Patriarcado Maronita de Antioqu\u00eda, Le\u00f3n XIV los invita a buscar relaciones con ra\u00edces s\u00f3lidas, como los cedros que simbolizan el pa\u00eds, en un mundo que parece poner plazos incluso al amor. Tras escuchar sus testimonios y responder a sus preguntas, les hace una \u00abpromesa\u00bb de un futuro sin conflictos, un \u00abamanecer brillante\u00bb capaz de iluminar la \u00abnoche oscura\u00bb del mundo.<\/em><\/strong><\/p>\n\n\n\n<p><a href=\"https:\/\/www.vaticannews.va\/es\/papa\/news\/2025-12\/papa-leon-xiv-viaje-apostolico-libano-encuentro-jovenes-beirut.html\">Edoardo Giribaldi \u2013 Ciudad del Vaticano<\/a><\/p>\n\n\n\n<figure class=\"wp-block-embed is-type-video is-provider-youtube wp-block-embed-youtube wp-embed-aspect-16-9 wp-has-aspect-ratio\"><div class=\"wp-block-embed__wrapper\">\n<iframe title=\"Bkerk\u00e9, L\u00edbano, Encuentro con los j\u00f3venes, 1 de diciembre de 2025, Papa Le\u00f3n XIV\" width=\"720\" height=\"405\" src=\"https:\/\/www.youtube.com\/embed\/Y6TlYmKhKcM?feature=oembed\" frameborder=\"0\" allow=\"accelerometer; autoplay; clipboard-write; encrypted-media; gyroscope; picture-in-picture; web-share\" referrerpolicy=\"strict-origin-when-cross-origin\" allowfullscreen><\/iframe>\n<\/div><\/figure>\n\n\n\n<p class=\"has-medium-font-size\">En un mundo que lucha por reconocerse en el espejo por lo \u00abdesfigurado\u00bb que est\u00e1, donde nada parece echar ra\u00edces, poniendo plazos incluso al amor, los j\u00f3venes conservan un don tan fugaz como poderoso: el tiempo. Hay \u00abun tiempo para todo\u00bb, nos recuerda el Libro de Qohelet, y en la juventud se abren espacios para so\u00f1ar, organizar y crear una paz que el paso del tiempo no pueda arrebatar. Que arraigue, s\u00ed, porque sus ra\u00edces son tan profundas como sus ramas. Como un cedro del L\u00edbano. Es este paralelismo \u2014un \u00e1rbol milenario que inspira a las nuevas generaciones reunidas, como en una JMJ en miniatura, en las alturas de Bkerk\u00e9 con vistas a la bah\u00eda de Jounieh\u2014 el que sirve de tel\u00f3n de fondo a las palabras del Papa Le\u00f3n XIV. Desde el escenario instalado en la plaza frente al Patriarcado Maronita de Antioqu\u00eda, el Pont\u00edfice se dirige a los j\u00f3venes, envueltos en las banderas de su patria mientras ondean las blancas y amarillas de la Ciudad del Vaticano: los escucha, responde a sus preguntas y, junto con ellos, les hace una \u00abpromesa de paz\u00bb, que se asemeja al \u00abresplandor del amanecer\u00bb que se vislumbra en la \u00abnoche oscura\u00bb que vive la humanidad.<\/p>\n\n\n\n<h2 class=\"wp-block-heading\">\u00ab\u00a1Ustedes tienen tiempo!\u00bb<\/h2>\n\n\n\n<p class=\"has-medium-font-size\"><em>\u00a1Assalamu lakum!<\/em><\/p>\n\n\n\n<p class=\"has-medium-font-size\">\u201c\u00a1La paz est\u00e9 con ustedes!\u201d El Papa saluda en \u00e1rabe a los j\u00f3venes presentes, provenientes no solo del L\u00edbano, sino tambi\u00e9n de Siria e Irak. Durante el encuentro, algunos compartieron sus historias, hablando de \u201cvalent\u00eda en el sufrimiento\u201d, \u201cesperanza en la decepci\u00f3n\u201d y \u201cpaz interior\u201d en tiempos de guerra. Son experiencias con las que todos pueden identificarse, pero en el caso del L\u00edbano, cuentan la historia de un pa\u00eds afligido por profundas heridas, \u201cque luchan por sanar\u201d, porque trascienden las fronteras nacionales y se entrelazan con complejas din\u00e1micas sociales y pol\u00edticas.<\/p>\n\n\n\n<p class=\"has-medium-font-size\"><em>\u201cQueridos j\u00f3venes, quiz\u00e1 lamenten haber heredado un mundo desgarrado por guerras y desfigurado por injusticias sociales. Y, sin embargo, en ustedes reside una esperanza, un don, que a nosotros adultos parece escap\u00e1rsenos. Ustedes tienen tiempo. Tienen m\u00e1s tiempo para so\u00f1ar, organizar y realizar el bien. \u00a1Ustedes son el presente y en sus manos ya se est\u00e1 construyendo el futuro! Y tienen el entusiasmo para cambiar el curso de la historia. La verdadera resistencia al mal no es el mal, sino el amor, capaz de curar las propias heridas mientras sana las de los dem\u00e1s\u201d.<\/em><\/p>\n\n\n\n<figure class=\"wp-block-image size-full\"><img fetchpriority=\"high\" decoding=\"async\" width=\"750\" height=\"422\" src=\"https:\/\/www.focolaresciudadnueva.com\/wp-content\/uploads\/2025\/12\/image-2.jpeg\" alt=\"\" class=\"wp-image-20462\" title=\"Ingreso del Papa a la plaza frente al Patriarcado de Antioqu\u00eda de los Maronitas, Bkerk\u00e9\" srcset=\"https:\/\/www.focolaresciudadnueva.com\/wp-content\/uploads\/2025\/12\/image-2.jpeg 750w, https:\/\/www.focolaresciudadnueva.com\/wp-content\/uploads\/2025\/12\/image-2-300x169.jpeg 300w, https:\/\/www.focolaresciudadnueva.com\/wp-content\/uploads\/2025\/12\/image-2-160x90.jpeg 160w\" sizes=\"(max-width: 750px) 100vw, 750px\" \/><figcaption class=\"wp-element-caption\">Ingreso del Papa a la plaza frente al Patriarcado de Antioqu\u00eda de los Maronitas, Bkerk\u00e9<\/figcaption><\/figure>\n\n\n\n<p><\/p>\n\n\n\n<h2 class=\"wp-block-heading\">\u00ab\u00a1Sean la savia de la esperanza que el pa\u00eds espera!\u00bb<\/h2>\n\n\n\n<p class=\"has-medium-font-size\">El L\u00edbano se asocia a menudo con sus cedros, s\u00edmbolos de unidad y fecundidad. El Papa recuerda su forma singular:<\/p>\n\n\n\n<p class=\"has-medium-font-size\"><em>\u201cSabemos bien que la fuerza del cedro est\u00e1 en las ra\u00edces, que normalmente tienen la misma extensi\u00f3n que las ramas. El n\u00famero y la fuerza de las ramas corresponde al n\u00famero y la fuerza de las ra\u00edces\u201d.<\/em><\/p>\n\n\n\n<p class=\"has-medium-font-size\">Un detalle que evoca el \u00abbien\u00bb presente en la sociedad libanesa, fruto del humilde compromiso de numerosos pacificadores: \u00abbuenas ra\u00edces\u00bb que aspiran no a que crezca solo una rama, sino el cedro \u00aben toda su belleza\u00bb.<\/p>\n\n\n\n<p class=\"has-medium-font-size\"><em>\u201cRecurran a las ra\u00edces buenas del compromiso de quienes sirven a la sociedad y no se sirven de ella para inter\u00e9s propio. Con un compromiso generoso por la justicia, proyecten juntos un futuro de paz y desarrollo. \u00a1Sean la savia de esperanza que el pa\u00eds espera!<\/em><\/p>\n\n\n\n<h2 class=\"wp-block-heading\">La paz no es aut\u00e9ntica si es solo fruto de intereses partidistas<\/h2>\n\n\n\n<p class=\"has-medium-font-size\">Le\u00f3n XIV contin\u00faa respondiendo a la primera pregunta de los j\u00f3venes: c\u00f3mo mantenerse firmes en la esperanza en el contexto de un pa\u00eds carente de estabilidad social y econ\u00f3mica, asfixiado por el miedo a un conflicto que podr\u00eda estallar en cualquier momento.<\/p>\n\n\n\n<p class=\"has-medium-font-size\"><em>\u201cQueridos amigos, ese punto firme no puede ser una idea, un contrato o un principio moral. El verdadero principio de vida nueva es la esperanza que viene de lo alto: \u00a1es Cristo! \u00c9l muri\u00f3 y resucit\u00f3 para la salvaci\u00f3n de todos. \u00c9l, el que vive, es el fundamento de nuestra confianza; \u00c9l es el testigo de la misericordia que redime al mundo de todo mal\u201d.<\/em><\/p>\n\n\n\n<p class=\"has-medium-font-size\">El mal de la guerra se erradica mediante una reconciliaci\u00f3n que no surge de intereses partidistas, sino del principio de no hacer a los dem\u00e1s lo que no queremos que nos hagan a nosotros mismos. Le\u00f3n XIV se hace eco de las palabras de san Juan Pablo II: \u00abNo hay paz sin justicia, no hay justicia sin perd\u00f3n\u00bb, reiterando que la reconciliaci\u00f3n es la base de la ausencia de conflicto.<\/p>\n\n\n\n<figure class=\"wp-block-image size-full\"><img decoding=\"async\" width=\"750\" height=\"422\" src=\"https:\/\/www.focolaresciudadnueva.com\/wp-content\/uploads\/2025\/12\/image-5.jpeg\" alt=\"\" class=\"wp-image-20460\" title=\"Representaci\u00f3n art\u00edstica de los j\u00f3venes\" srcset=\"https:\/\/www.focolaresciudadnueva.com\/wp-content\/uploads\/2025\/12\/image-5.jpeg 750w, https:\/\/www.focolaresciudadnueva.com\/wp-content\/uploads\/2025\/12\/image-5-300x169.jpeg 300w, https:\/\/www.focolaresciudadnueva.com\/wp-content\/uploads\/2025\/12\/image-5-160x90.jpeg 160w\" sizes=\"(max-width: 750px) 100vw, 750px\" \/><figcaption class=\"wp-element-caption\">Representaci\u00f3n art\u00edstica de los j\u00f3venes<\/figcaption><\/figure>\n\n\n\n<p><\/p>\n\n\n\n<h2 class=\"wp-block-heading\">No se ama verdaderamente si se ama por un tiempo limitado<\/h2>\n\n\n\n<p class=\"has-medium-font-size\">La segunda pregunta se refiere a las relaciones, que evolucionan cada vez m\u00e1s r\u00e1pidamente: \u00abdel encuentro a la separaci\u00f3n, del compromiso al abandono\u00bb. Para cultivar relaciones sinceras y aut\u00e9nticas, el Papa advierte contra el individualismo. Las relaciones, observa, parecen cada vez m\u00e1s ef\u00edmeras y se \u00abconsumen\u00bb como objetos. La confianza en los dem\u00e1s a menudo se sustituye por la b\u00fasqueda del propio beneficio, vaciando los conceptos de amistad y afecto, a veces confundidos con \u00abuna sensaci\u00f3n de satisfacci\u00f3n ego\u00edsta\u00bb.<\/p>\n\n\n\n<p class=\"has-medium-font-size\"><em>\u201cSi en el centro de una relaci\u00f3n de amistad o de amor est\u00e1 nuestro yo, esa relaci\u00f3n no puede ser fecunda. Del mismo modo, no se ama de verdad si se ama con fecha de caducidad, mientras dura un sentimiento. Un amor con vencimiento es un amor mediocre. Al contrario, la amistad es verdadera cuando dice \u201ct\u00fa\u201d antes que \u201cyo\u201d. Esta mirada respetuosa y acogedora hacia el otro nos permite construir un \u201cnosotros\u201d m\u00e1s grande, abierto a toda la sociedad, a toda la humanidad\u201d.<\/em><\/p>\n\n\n\n<p class=\"has-medium-font-size\">El amor aut\u00e9ntico y duradero refleja el esplendor de Dios, \u00abque es amor\u00bb, y se funda en la confianza mutua y en el \u00abpara siempre\u00bb que acompa\u00f1a la vocaci\u00f3n de la familia y la vida consagrada.<\/p>\n\n\n\n<h2 class=\"wp-block-heading\">\u00ab\u00a1Construyan un mundo mejor que el que encontraron!\u00bb<\/h2>\n\n\n\n<p class=\"has-medium-font-size\">El amor y la caridad, afirma el Papa, dan testimonio de la \u00abpresencia de Dios en el mundo\u00bb. Lo hacen hablando un lenguaje universal, dirigido a los corazones, no a trav\u00e9s de ideales abstractos, sino a trav\u00e9s de las historias de Jes\u00fas y los santos. El Papa invita a estos \u00faltimos, especialmente a los m\u00e1s j\u00f3venes, a mirar, a trazar nuevos caminos sin desanimarse por las injusticias ni los \u00abcontratestimonios\u00bb.<\/p>\n\n\n\n<p class=\"has-medium-font-size\"><em>\u201cCon la fuerza que reciben de Cristo, \u00a1construyan un mundo que sea mejor que el que han encontrado! Ustedes, j\u00f3venes, son m\u00e1s directos en tejer relaciones con los dem\u00e1s, incluso diferentes por su entorno cultural o religioso. La verdadera renovaci\u00f3n, que un coraz\u00f3n joven desea, comienza con gestos cotidianos: recibiendo al que est\u00e1 cerca y al que viene de lejos, tendiendo la mano al amigo y al refugiado, a trav\u00e9s del dif\u00edcil pero necesario perd\u00f3n al enemigo\u201d.<\/em><\/p>\n\n\n\n<p class=\"has-medium-font-size\">Le\u00f3n XIV recuerda figuras como los santos Pier Giorgio Frassati y Carlo Acutis, canonizados en el presente A\u00f1o Jubilar, as\u00ed como a los libaneses: Santa Rafqua, con su resistencia al dolor, y el beato Yakub El-Haddad, cercano a los m\u00e1s necesitados.<\/p>\n\n\n\n<figure class=\"wp-block-image size-full\"><img decoding=\"async\" width=\"750\" height=\"422\" src=\"https:\/\/www.focolaresciudadnueva.com\/wp-content\/uploads\/2025\/12\/image-3.jpeg\" alt=\"\" class=\"wp-image-20461\" title=\"El Papa con los j\u00f3venes libaneses\" srcset=\"https:\/\/www.focolaresciudadnueva.com\/wp-content\/uploads\/2025\/12\/image-3.jpeg 750w, https:\/\/www.focolaresciudadnueva.com\/wp-content\/uploads\/2025\/12\/image-3-300x169.jpeg 300w, https:\/\/www.focolaresciudadnueva.com\/wp-content\/uploads\/2025\/12\/image-3-160x90.jpeg 160w\" sizes=\"(max-width: 750px) 100vw, 750px\" \/><figcaption class=\"wp-element-caption\">El Papa con los j\u00f3venes libaneses \u00a0 (AFP or Licensors)<\/figcaption><\/figure>\n\n\n\n<p><\/p>\n\n\n\n<h2 class=\"wp-block-heading\">\u00abTengan tiempo para cerrar los ojos\u00bb<\/h2>\n\n\n\n<p class=\"has-medium-font-size\">Destaca el ejemplo brillante, a\u00fan m\u00e1s resplandeciente en la \u00abluz tenue en la que eligi\u00f3 refugiarse\u00bb, de San Charbel, considerado el santo patr\u00f3n del pa\u00eds. Su representaci\u00f3n con los ojos cerrados, \u00abcomo para contener un misterio infinitamente mayor\u00bb, inspir\u00f3 un himno que Le\u00f3n XIV cita:<\/p>\n\n\n\n<p class=\"has-medium-font-size\"><em>\u201cOh, t\u00fa que duermes y tus ojos son luz para los nuestros, sobre tus p\u00e1rpados ha florecido un grano de incienso\u201d.<\/em><\/p>\n\n\n\n<p class=\"has-medium-font-size\">En un mundo dominado por \u00abdistracciones y vanidad\u00bb, el Papa invita a los j\u00f3venes a reservar tiempo para \u00abcerrar los ojos\u00bb y contemplar a Dios, que \u00aba veces parece silencioso o ausente\u00bb, pero se revela a quienes lo buscan en silencio. Siguiendo el ejemplo de San Charbel y haci\u00e9ndose eco de la invitaci\u00f3n de Benedicto XVI a los cristianos de Oriente, Le\u00f3n XIV nos anima a \u00abcultivar continuamente la verdadera amistad con Jes\u00fas a trav\u00e9s de la oraci\u00f3n\u00bb.<\/p>\n\n\n\n<h2 class=\"wp-block-heading\">\u201cLa esperanza es una virtud pobre\u201d<\/h2>\n\n\n\n<p class=\"has-medium-font-size\">De la mirada de san Charbel, el discurso se traslada a la de Mar\u00eda, cuyo rosario tantos j\u00f3venes llevan siempre consigo, \u201cen el bolsillo, en la mu\u00f1eca o alrededor del cuello\u201d. Y llega hasta san Francisco, a su oraci\u00f3n \u201csencilla y hermosa\u201d que el Papa ofrece a las nuevas generaciones:<\/p>\n\n\n\n<p class=\"has-medium-font-size\"><em>\u201cOh, Se\u00f1or, hazme un instrumento de tu paz. Donde haya odio, que lleve yo el amor. Donde haya ofensa, que lleve yo el perd\u00f3n. Donde haya discordia, que lleve yo la uni\u00f3n. Donde haya duda, que lleve yo la fe. Donde haya error, que lleve yo la verdad. Donde haya desesperaci\u00f3n, que lleve yo la alegr\u00eda. Donde haya tinieblas, que lleve yo la luz\u201d.<\/em><\/p>\n\n\n\n<p class=\"has-medium-font-size\">Una invitaci\u00f3n al entusiasmo en su sentido cristiano, es decir, a \u201ctener a Dios en el alma\u201d, y tambi\u00e9n a la esperanza: una virtud \u201cpobre\u201d porque se presenta con las manos vac\u00edas, pero libre \u201cpara abrir las puertas que parecen cerradas por el cansancio, el dolor y la decepci\u00f3n\u201d.<\/p>\n\n\n\n<h2 class=\"wp-block-heading\">\u00abCrezcan con vigor\u00bb<\/h2>\n\n\n\n<p class=\"has-medium-font-size\">Le\u00f3n XIV concluy\u00f3 su discurso asegurando a los j\u00f3venes la presencia constante de Dios y su apoyo ante los desaf\u00edos de la vida y la historia.<\/p>\n\n\n\n<p class=\"has-medium-font-size\"><em>\u201cJ\u00f3venes libaneses, \u00a1crezcan vigorosos como los cedros y hagan florecer al mundo con esperanza!\u201d.<\/em><\/p>\n\n\n\n<figure class=\"wp-block-image size-full\"><img loading=\"lazy\" decoding=\"async\" width=\"750\" height=\"422\" src=\"https:\/\/www.focolaresciudadnueva.com\/wp-content\/uploads\/2025\/12\/image-4.jpeg\" alt=\"\" class=\"wp-image-20463\" title=\"El Papa y el Patriarca de Antioqu\u00eda\" srcset=\"https:\/\/www.focolaresciudadnueva.com\/wp-content\/uploads\/2025\/12\/image-4.jpeg 750w, https:\/\/www.focolaresciudadnueva.com\/wp-content\/uploads\/2025\/12\/image-4-300x169.jpeg 300w, https:\/\/www.focolaresciudadnueva.com\/wp-content\/uploads\/2025\/12\/image-4-160x90.jpeg 160w\" sizes=\"(max-width: 750px) 100vw, 750px\" \/><figcaption class=\"wp-element-caption\">El Papa y el Patriarca de Antioqu\u00eda<\/figcaption><\/figure>\n\n\n\n<p><\/p>\n\n\n\n<h2 class=\"wp-block-heading\">Saludo del Patriarca<\/h2>\n\n\n\n<p class=\"has-medium-font-size\">El Patriarca cardenal B\u00e9chara Boutros Ra\u00ef recibi\u00f3 al Papa en Bkerk\u00e9, sede del Patriarcado Maronita de Antioqu\u00eda desde 1830. La Iglesia Maronita, llamada as\u00ed por su fundador, el asceta San Mar\u00f3n, siempre ha estado en plena comuni\u00f3n con la Sede Apost\u00f3lica. Este v\u00ednculo se renov\u00f3 en el abrazo entre ambos, seguido de un breve paseo en carrito de golf de Le\u00f3n XIV entre los j\u00f3venes presentes.<\/p>\n\n\n\n<p class=\"has-medium-font-size\">El Pont\u00edfice y el Patriarca se dirigieron entonces al escenario instalado en la plaza frente al Patriarcado, donde el encuentro comenz\u00f3 con la oraci\u00f3n inicial, seguida del saludo de bienvenida del cardenal: \u00abBienaventurados los que trabajan por la paz\u00bb. Esta expresi\u00f3n evang\u00e9lica resuena en una tierra, el L\u00edbano, donde Oriente y Occidente se entrelazan en un di\u00e1logo de culturas, credos y civilizaciones. El pa\u00eds los acoge a todos, y por lo tanto acoge al Papa: a trav\u00e9s de la ternura de sus heridas, en lugar del esplendor de sus palacios, ofreciendo como regalo que las l\u00e1grimas se conviertan en perlas de esperanza y sus monta\u00f1as se transformen en altares de s\u00faplica, especialmente dirigidos por los j\u00f3venes, para que el pluralismo se convierta en fuente de riqueza.<\/p>\n\n\n\n<h2 class=\"wp-block-heading\">Voluntarios en medio de la devastaci\u00f3n de Beirut<\/h2>\n\n\n\n<p class=\"has-medium-font-size\">Tras la lectura del Evangelio y una presentaci\u00f3n en 5D, dos voluntarios suben al escenario para compartir su testimonio tras la explosi\u00f3n en el puerto de Beirut el 4 de agosto de 2020, que caus\u00f3 218 muertos y m\u00e1s de 7.000 heridos. Anthony y Mar\u00eda relatan una destrucci\u00f3n que golpe\u00f3 no solo las piedras, sino tambi\u00e9n los corazones. Sin embargo, entre los escombros, muchos j\u00f3venes ofrecieron ayuda sin preguntar sobre la identidad ni el origen de quienes recib\u00edan ayuda: \u00ab\u00c9ramos simplemente seres humanos ayudando a otros seres humanos\u00bb.<\/p>\n\n\n\n<h2 class=\"wp-block-heading\">Quienes eligieron quedarse<\/h2>\n\n\n\n<p class=\"has-medium-font-size\">\u00abVe, emigra, s\u00e1lvate\u00bb. Estas fueron las palabras que resonaron en \u00c9lie, un joven liban\u00e9s. En un pa\u00eds donde no hay un solo d\u00eda en el que se sepa qu\u00e9 traer\u00e1 el ma\u00f1ana, las perspectivas son limitadas. El colapso econ\u00f3mico hab\u00eda destruido sus ahorros y los sue\u00f1os que hab\u00eda forjado sobre ellos. A pesar de la posibilidad de mudarse a Francia, \u00c9lie decidi\u00f3 quedarse: \u00abLas dificultades no son motivo para huir, sino una invitaci\u00f3n a reflexionar m\u00e1s, a amar m\u00e1s y a actuar para cambiar algo\u00bb, aunque a cambio se viera obligado a renunciar a parte de su propio bienestar. \u00ab\u00bfC\u00f3mo podr\u00eda irme mientras mi pa\u00eds sufre? \u00bfC\u00f3mo podr\u00eda irme mientras veo que Dios sigue actuando en esta tierra?\u00bb, se pregunt\u00f3. Encontr\u00f3 la respuesta en la confianza: el L\u00edbano no puede sobrevivir \u00absin una juventud que crea en \u00e9l\u00bb. Y por eso \u00e9l, como tantos otros, decidi\u00f3 quedarse: \u00abPorque, a pesar de todo, el L\u00edbano todav\u00eda merece ser so\u00f1ado\u00bb.<\/p>\n\n\n\n<h2 class=\"wp-block-heading\">Dos amigas y una familia acogedora<\/h2>\n\n\n\n<p class=\"has-medium-font-size\">Tras una canci\u00f3n, le toca el turno a Joelle, tambi\u00e9n libanesa. Su historia comienza en el verano de 2024, cuando pasa dos meses en Francia con la comunidad de Taiz\u00e9. All\u00ed conoce a Asil, un joven compatriota musulm\u00e1n con quien mantiene el contacto incluso despu\u00e9s de regresar a casa. Cuando la guerra se intensifica, suena el tel\u00e9fono de Joelle una ma\u00f1ana: es Asil, quien mientras tanto se ha quedado en Francia, pero teme por su familia. \u00abLos bombardeos son violentos&#8230; no saben ad\u00f3nde ir\u00bb. Sin dudarlo, Joelle responde: \u00abQue vengan a mi casa\u00bb. Su madre, al salir a comprar una cama supletoria, se cruza accidentalmente con la familia de Asil, \u00abcomo si Dios mismo hubiera guiado sus pasos\u00bb. A partir de ese momento, las distancias desaparecen: las diferencias religiosas dejan de ser un obst\u00e1culo. \u00abComprend\u00ed una verdad esencial: Dios no solo habita en iglesias o mezquitas. Dios se manifiesta cuando corazones diferentes se encuentran y se aman como hermanos\u00bb, dice Joelle. Roukaya, la madre de Asil, sube al escenario con ella y relata las risas y las l\u00e1grimas compartidas como una sola familia. \u00abComprend\u00ed que la religi\u00f3n no se habla: se vive, en un amor que trasciende todas las fronteras\u00bb.<\/p>\n\n\n\n<h2 class=\"wp-block-heading\">La promesa de paz y acci\u00f3n<\/h2>\n\n\n\n<p class=\"has-medium-font-size\">Las preguntas de los j\u00f3venes dan inicio al discurso del Papa, seguido del ritual de la \u00abpromesa de paz y acci\u00f3n\u00bb. Le\u00f3n XIV comienza:<\/p>\n\n\n\n<p class=\"has-medium-font-size\"><em>\u201cQueridos j\u00f3venes del L\u00edbano, vengo a ustedes con la paz de Cristo y he encontrado en ustedes corazones ardientes de fe. \u00bfEst\u00e1n listos para ser art\u00edfices de paz en un mundo que sufre?\u201d.<\/em><\/p>\n\n\n\n<p class=\"has-medium-font-size\">Los j\u00f3venes responden:<\/p>\n\n\n\n<p class=\"has-medium-font-size\"><em>\u201cOh Se\u00f1or, prometemos ser j\u00f3venes art\u00edfices de paz, portadores de reconciliaci\u00f3n en nuestros corazones, sembrando esperanza en nuestro pa\u00eds, viviendo como hijos de la luz y dando testimonio de tu amor en todas partes. Ay\u00fadanos a ser fermento de unidad, voz de justicia y art\u00edfices de paz, en la Iglesia y en la naci\u00f3n. Am\u00e9n\u201d.<\/em><\/p>\n\n\n\n<p class=\"has-medium-font-size\">El intercambio del signo de la paz sella el encuentro, que concluye con una oraci\u00f3n de acci\u00f3n de gracias, una bendici\u00f3n y un regalo de los j\u00f3venes al Pont\u00edfice.<\/p>\n","protected":false},"excerpt":{"rendered":"<p>En un mundo que lucha por reconocerse en el espejo por lo \u00abdesfigurado\u00bb que est\u00e1, donde nada parece echar ra\u00edces, poniendo plazos incluso al amor, los j\u00f3venes conservan un don tan fugaz como poderoso: el tiempo. Hay \u00abun tiempo para todo\u00bb <a href=\"https:\/\/www.focolaresciudadnueva.com\/inicio\/el-papa-a-los-jovenes-tienen-el-don-del-tiempo-usenlo-para-sonar-y-construir-la-paz\/\" class=\"more-link\">Continue reading <span class=\"screen-reader-text\">El Papa en El L\u00edbano a los j\u00f3venes: Tienen el don del tiempo, \u00fasenlo para so\u00f1ar y construir la paz<\/span><\/a><\/p>\n","protected":false},"author":4,"featured_media":20460,"comment_status":"open","ping_status":"closed","sticky":false,"template":"","format":"standard","meta":{"footnotes":""},"categories":[63,70],"tags":[],"class_list":["post-20459","post","type-post","status-publish","format-standard","has-post-thumbnail","hentry","category-iglesia","category-internacional"],"wpmagazine_modules_lite_featured_media_urls":{"thumbnail":["https:\/\/www.focolaresciudadnueva.com\/wp-content\/uploads\/2025\/12\/image-5-150x150.jpeg",150,150,true],"cvmm-medium":["https:\/\/www.focolaresciudadnueva.com\/wp-content\/uploads\/2025\/12\/image-5-300x300.jpeg",300,300,true],"cvmm-medium-plus":["https:\/\/www.focolaresciudadnueva.com\/wp-content\/uploads\/2025\/12\/image-5-305x207.jpeg",305,207,true],"cvmm-portrait":["https:\/\/www.focolaresciudadnueva.com\/wp-content\/uploads\/2025\/12\/image-5-400x422.jpeg",400,422,true],"cvmm-medium-square":["https:\/\/www.focolaresciudadnueva.com\/wp-content\/uploads\/2025\/12\/image-5-600x422.jpeg",600,422,true],"cvmm-large":["https:\/\/www.focolaresciudadnueva.com\/wp-content\/uploads\/2025\/12\/image-5.jpeg",750,422,false],"cvmm-small":["https:\/\/www.focolaresciudadnueva.com\/wp-content\/uploads\/2025\/12\/image-5-130x95.jpeg",130,95,true],"full":["https:\/\/www.focolaresciudadnueva.com\/wp-content\/uploads\/2025\/12\/image-5.jpeg",750,422,false]},"categories_names":{"63":{"name":"Iglesia","link":"https:\/\/www.focolaresciudadnueva.com\/inicio\/category\/iglesia\/"},"70":{"name":"Internacional","link":"https:\/\/www.focolaresciudadnueva.com\/inicio\/category\/internacional\/"}},"tags_names":[],"comments_number":"0","_links":{"self":[{"href":"https:\/\/www.focolaresciudadnueva.com\/inicio\/wp-json\/wp\/v2\/posts\/20459","targetHints":{"allow":["GET"]}}],"collection":[{"href":"https:\/\/www.focolaresciudadnueva.com\/inicio\/wp-json\/wp\/v2\/posts"}],"about":[{"href":"https:\/\/www.focolaresciudadnueva.com\/inicio\/wp-json\/wp\/v2\/types\/post"}],"author":[{"embeddable":true,"href":"https:\/\/www.focolaresciudadnueva.com\/inicio\/wp-json\/wp\/v2\/users\/4"}],"replies":[{"embeddable":true,"href":"https:\/\/www.focolaresciudadnueva.com\/inicio\/wp-json\/wp\/v2\/comments?post=20459"}],"version-history":[{"count":2,"href":"https:\/\/www.focolaresciudadnueva.com\/inicio\/wp-json\/wp\/v2\/posts\/20459\/revisions"}],"predecessor-version":[{"id":20466,"href":"https:\/\/www.focolaresciudadnueva.com\/inicio\/wp-json\/wp\/v2\/posts\/20459\/revisions\/20466"}],"wp:featuredmedia":[{"embeddable":true,"href":"https:\/\/www.focolaresciudadnueva.com\/inicio\/wp-json\/wp\/v2\/media\/20460"}],"wp:attachment":[{"href":"https:\/\/www.focolaresciudadnueva.com\/inicio\/wp-json\/wp\/v2\/media?parent=20459"}],"wp:term":[{"taxonomy":"category","embeddable":true,"href":"https:\/\/www.focolaresciudadnueva.com\/inicio\/wp-json\/wp\/v2\/categories?post=20459"},{"taxonomy":"post_tag","embeddable":true,"href":"https:\/\/www.focolaresciudadnueva.com\/inicio\/wp-json\/wp\/v2\/tags?post=20459"}],"curies":[{"name":"wp","href":"https:\/\/api.w.org\/{rel}","templated":true}]}}