{"id":20445,"date":"2025-12-01T11:49:53","date_gmt":"2025-12-01T15:49:53","guid":{"rendered":"https:\/\/www.focolaresciudadnueva.com\/inicio\/?p=20445"},"modified":"2025-12-02T08:09:17","modified_gmt":"2025-12-02T12:09:17","slug":"el-papa-a-los-jovenes-que-la-economia-no-sea-solo-una-maquina-que-produce","status":"publish","type":"post","link":"https:\/\/www.focolaresciudadnueva.com\/inicio\/el-papa-a-los-jovenes-que-la-economia-no-sea-solo-una-maquina-que-produce\/","title":{"rendered":"Econom\u00eda de Francisco: Que la econom\u00eda no sea solo una \u00abm\u00e1quina que produce\u00bb"},"content":{"rendered":"\n<p class=\"has-medium-font-size\"><strong><em>En un mensaje, firmado en el Vaticano el pasado 26 de noviembre y dirigido a los participantes del encuentro global de \u201cThe Economy of Francesco\u201d, Le\u00f3n XIV exhorta a las nuevas generaciones a decir \u201cno\u201d a la resignaci\u00f3n, anim\u00e1ndoles a salir del \u201ccerco\u201d de la indiferencia y de los objetivos personales. Los alienta adem\u00e1s a desvelar las \u201cincapacidades\u201d de los sistemas que aumentan las desigualdades, al no hacerse cargo de los d\u00e9biles.<\/em><\/strong><\/p>\n\n\n\n<p>Sebasti\u00e1n Sans\u00f3n Ferrari &#8211; Ciudad del Vaticano<\/p>\n\n\n\n<p class=\"has-medium-font-size\"><em>El Centro Mari\u00e1polis de Castel Gandolfo<\/em> acoge, del jueves 28 al domingo 30 de noviembre de 2025, el encuentro global de j\u00f3venes economistas y empresarios de <a href=\"https:\/\/francescoeconomy.org\/\"><em>\u201cThe Economy of Francesco\u201d<\/em><\/a> (EoF), el movimiento convocado por el Papa Francisco. En esta significativa asamblea, marcada por el lema <em>\u201cRestarting the Economy\u201d,<\/em> el Santo Padre Le\u00f3n XIV <a href=\"https:\/\/press.vatican.va\/content\/salastampa\/it\/bollettino\/pubblico\/2025\/11\/28\/0923\/01681.html\">ha dirigido un potente mensaje<\/a> a los participantes, urgi\u00e9ndolos a ser protagonistas del cambio que el mundo necesita, enraizados en la herencia de San Francisco de As\u00eds y del legado de Jorge Mario Bergoglio. El Pont\u00edfice argentino hab\u00eda convocado y participado <a href=\"https:\/\/www.vatican.va\/content\/francesco\/es\/speeches\/2022\/september\/documents\/20220924-visita-assisi.html\">en el primer encuentro<\/a> de EoF que tuvo lugar en septiembre de 2022 en la ciudad italiana de As\u00eds, originalmente previsto para marzo de 2020 y postergado debido a la pandemia de COVID-19.<\/p>\n\n\n\n<p class=\"has-medium-font-size\">Le\u00f3n XIV comenz\u00f3 su misiva destacando la posici\u00f3n privilegiada de los j\u00f3venes frente a las \u201ccosas nuevas\u201d que definen el futuro de la humanidad. El encuentro, que tiene lugar \u201c<em>in gremio Ecclesiae<\/em>\u201d, es decir, en el seno de la Iglesia, resalta su naturaleza generadora: \u201cno solo en el coraz\u00f3n, sino en el grembo de una Iglesia que, con la gracia de Dios, genera en la fe y en el amor\u201d.<\/p>\n\n\n\n<p class=\"has-medium-font-size\">El Obispo de Roma reafirm\u00f3 que EoF es la expresi\u00f3n de un camino que \u201cfecunda el pensamiento y la iniciativa econ\u00f3mica con la semilla del Evangelio\u201d, el cual \u201ctransfigura el trabajo humano y produce en nosotros cambios con los que la vida en abundancia entra en el mundo\u201d. Record\u00f3 el coraje y la capacidad de los j\u00f3venes para hacer \u201cflorecer incluso el desierto\u201d a trav\u00e9s de proyectos inspirados evang\u00e9licamente.<\/p>\n\n\n\n<p class=\"has-medium-font-size\">Con especial afecto, el Pont\u00edfice se refiri\u00f3 al Papa Francisco, cuya partida se dio \u201cen el d\u00eda y con el aroma de la Pascua\u201d. Esta coincidencia, afirm\u00f3, compromete a los j\u00f3venes a \u201ccustodiar creativamente su herencia\u201d y a \u201corganizar la esperanza\u201d que este movimiento ha encendido.<\/p>\n\n\n\n<p class=\"has-medium-font-size\">Prevost hizo suyo el deseo de su Predecesor, quien alent\u00f3 a los j\u00f3venes a que, en medio de ellos, naciera \u201cun nuevo modo de estar juntos y de hacer econom\u00eda que no produzca desechos sino bienestar material y espiritual\u201d. El llamado es claro: \u00ab\u00a1Coraje, queridos amigos! \u00a1Coraje! Si son fieles a su vocaci\u00f3n, su vida florecer\u00e1\u00bb.<\/p>\n\n\n\n<p class=\"has-medium-font-size\">Del 28 al 30 de noviembre, m\u00e1s de mil j\u00f3venes, economistas, emprendedores y promotores de cambios de m\u00e1s de sesenta pa\u00edses evaluar\u00e1n los objetivos alcanzados y trazar\u00e1n nuevos &#8230;<\/p>\n\n\n\n<p class=\"has-medium-font-size\">La red de amistad y trabajo que representa EoF es, seg\u00fan el Santo Padre, un \u201cno\u201d a la resignaci\u00f3n. Inst\u00f3 a los j\u00f3venes a salir de la indiferencia y de los objetivos puramente personales para acoger el bien com\u00fan. La renovaci\u00f3n pasa por \u201creavivar los sue\u00f1os, de valorar la oraci\u00f3n, el estudio y el trabajo, el pensar juntos, como verdaderas y propias energ\u00edas de renovaci\u00f3n\u201d.<\/p>\n\n\n\n<p class=\"has-medium-font-size\">Sobre el t\u00edtulo del encuentro, \u201cRestarting the Economy\u201d, el Papa subray\u00f3 su significado vital: una econom\u00eda que reinicia no es solo producci\u00f3n, sino una actividad que \u201cdevuelve vida a las personas, a las comunidades, a nuestra casa com\u00fan\u201d. Esto implica \u201cliberar de las cadenas de la injusticia, restaurar lo que ha sido herido y crear espacios donde cada hombre y mujer puedan respirar dignidad y esperanza\u201d.<\/p>\n\n\n\n<p class=\"has-medium-font-size\">Le\u00f3n XIV, al igual que hiciera en su reciente encuentro con los Movimientos Populares, invit\u00f3 a mirar las \u201ccosas nuevas\u201d no desde una \u00abmirada desde el centro\u00bb, que se enfoca en la inteligencia artificial y la rob\u00f3tica, sino \u201cpartiendo de la periferia\u201d.<\/p>\n\n\n\n<p class=\"has-medium-font-size\">Le\u00f3n XIV recibe a los movimientos populares reunidos en Roma para el Quinto Encuentro Internacional y la Peregrinaci\u00f3n Jubilar. Recordando a su predecesor Francisco, reitera que &#8230;<\/p>\n\n\n\n<p class=\"has-medium-font-size\">\u00abSolo se puede considerar \u2018de Francisco\u2019 una econom\u00eda que se despoja del privilegio y abraza la realidad, comenzando por el leproso, es decir, por quien es descartado, expulsado y removido\u00bb.<\/p>\n\n\n\n<p class=\"has-medium-font-size\">El Pont\u00edfice cit\u00f3 al benedictino franc\u00e9s Ghislain Lafont y su \u00abprincipio de peque\u00f1ez\u00bb: \u201cEl motor de la historia no es la potencia, sino la pobreza\u201d. Este principio, que ve el cambio real impulsado por los elementos d\u00e9biles, anima a los j\u00f3venes a mostrar \u201clas incapacidades de un sistema que aumenta las desigualdades y no logra cuidar de los peque\u00f1os y los d\u00e9biles\u201d.<\/p>\n\n\n\n<p class=\"has-medium-font-size\">Finalmente, Le\u00f3n XIV inst\u00f3 a los participantes a nutrir el esp\u00edritu y \u201cvolver al coraz\u00f3n\u201d, recordando que \u201clos Evangelios y los otros libros de la Biblia son el paisaje en el que Dios todav\u00eda hace o\u00edr su voz\u201d. La clave para ser buenos empresarios y economistas reside en conocer la econom\u00eda divina.<\/p>\n\n\n\n<p class=\"has-medium-font-size\">El mensaje concluy\u00f3 con una firme exhortaci\u00f3n: \u00abQueridos j\u00f3venes, sigan adelante. \u00a1Es m\u00e1s, sigamos adelante juntos! Que mi Bendici\u00f3n les alcance y les acompa\u00f1e\u00bb.<\/p>\n\n\n\n<p class=\"has-medium-font-size\">El evento incluye talleres tem\u00e1ticos, la gran exposici\u00f3n \u00abFeria EoF\u00bb con proyectos desarrollados dentro del movimiento, momentos espirituales y art\u00edsticos como el \u00abMural global de la gratitud, y actividades en <em>Borgo Laudato Si&#8217;, <\/em>un espacio permanente dedicado a la ecolog\u00eda integral. Dos sesiones estar\u00e1n dedicadas a \u00abLas voces prof\u00e9ticas para una nueva econom\u00eda\u00bb con testimonios de j\u00f3venes de diversos pa\u00edses, mientras que \u00abIdeas extraordinarias para la Econom\u00eda de Francisco\u201d ofrecer\u00e1 breves presentaciones de iniciativas empresariales, proyectos sociales e investigaci\u00f3n innovadora.&nbsp;<\/p>\n\n\n\n<figure class=\"wp-block-image size-large\"><img fetchpriority=\"high\" decoding=\"async\" width=\"1024\" height=\"675\" src=\"https:\/\/www.focolaresciudadnueva.com\/wp-content\/uploads\/2025\/12\/image-4-1024x675.png\" alt=\"\" class=\"wp-image-20448\" srcset=\"https:\/\/www.focolaresciudadnueva.com\/wp-content\/uploads\/2025\/12\/image-4-1024x675.png 1024w, https:\/\/www.focolaresciudadnueva.com\/wp-content\/uploads\/2025\/12\/image-4-300x198.png 300w, https:\/\/www.focolaresciudadnueva.com\/wp-content\/uploads\/2025\/12\/image-4-768x506.png 768w, https:\/\/www.focolaresciudadnueva.com\/wp-content\/uploads\/2025\/12\/image-4-136x90.png 136w, https:\/\/www.focolaresciudadnueva.com\/wp-content\/uploads\/2025\/12\/image-4-750x495.png 750w, https:\/\/www.focolaresciudadnueva.com\/wp-content\/uploads\/2025\/12\/image-4-1140x752.png 1140w, https:\/\/www.focolaresciudadnueva.com\/wp-content\/uploads\/2025\/12\/image-4.png 1280w\" sizes=\"(max-width: 1024px) 100vw, 1024px\" \/><\/figure>\n\n\n\n<p><\/p>\n","protected":false},"excerpt":{"rendered":"<p>\u00abQueridos j\u00f3venes, sigan adelante. \u00a1Es m\u00e1s, sigamos adelante juntos! Que mi Bendici\u00f3n les alcance y les acompa\u00f1e\u00bb. <a href=\"https:\/\/www.focolaresciudadnueva.com\/inicio\/el-papa-a-los-jovenes-que-la-economia-no-sea-solo-una-maquina-que-produce\/\" class=\"more-link\">Continue reading <span class=\"screen-reader-text\">Econom\u00eda de Francisco: Que la econom\u00eda no sea solo una \u00abm\u00e1quina que produce\u00bb<\/span><\/a><\/p>\n","protected":false},"author":4,"featured_media":20448,"comment_status":"open","ping_status":"closed","sticky":false,"template":"","format":"standard","meta":{"footnotes":""},"categories":[60,76,135,57],"tags":[],"class_list":["post-20445","post","type-post","status-publish","format-standard","has-post-thumbnail","hentry","category-dialogos-en-la-cultura","category-economia","category-edc-economia-de-comunion","category-jovenes"],"wpmagazine_modules_lite_featured_media_urls":{"thumbnail":["https:\/\/www.focolaresciudadnueva.com\/wp-content\/uploads\/2025\/12\/image-4-150x150.png",150,150,true],"cvmm-medium":["https:\/\/www.focolaresciudadnueva.com\/wp-content\/uploads\/2025\/12\/image-4-300x300.png",300,300,true],"cvmm-medium-plus":["https:\/\/www.focolaresciudadnueva.com\/wp-content\/uploads\/2025\/12\/image-4-305x207.png",305,207,true],"cvmm-portrait":["https:\/\/www.focolaresciudadnueva.com\/wp-content\/uploads\/2025\/12\/image-4-400x600.png",400,600,true],"cvmm-medium-square":["https:\/\/www.focolaresciudadnueva.com\/wp-content\/uploads\/2025\/12\/image-4-600x600.png",600,600,true],"cvmm-large":["https:\/\/www.focolaresciudadnueva.com\/wp-content\/uploads\/2025\/12\/image-4-1024x844.png",1024,844,true],"cvmm-small":["https:\/\/www.focolaresciudadnueva.com\/wp-content\/uploads\/2025\/12\/image-4-130x95.png",130,95,true],"full":["https:\/\/www.focolaresciudadnueva.com\/wp-content\/uploads\/2025\/12\/image-4.png",1280,844,false]},"categories_names":{"60":{"name":"Di\u00e1logos en la Cultura","link":"https:\/\/www.focolaresciudadnueva.com\/inicio\/category\/dialogos-en-la-cultura\/"},"76":{"name":"Econom\u00eda","link":"https:\/\/www.focolaresciudadnueva.com\/inicio\/category\/economia\/"},"135":{"name":"EDC - Econom\u00eda de Comuni\u00f3n","link":"https:\/\/www.focolaresciudadnueva.com\/inicio\/category\/dialogos-en-la-cultura\/edc-economia-de-comunion\/"},"57":{"name":"J\u00f3venes","link":"https:\/\/www.focolaresciudadnueva.com\/inicio\/category\/jovenes\/"}},"tags_names":[],"comments_number":"0","_links":{"self":[{"href":"https:\/\/www.focolaresciudadnueva.com\/inicio\/wp-json\/wp\/v2\/posts\/20445","targetHints":{"allow":["GET"]}}],"collection":[{"href":"https:\/\/www.focolaresciudadnueva.com\/inicio\/wp-json\/wp\/v2\/posts"}],"about":[{"href":"https:\/\/www.focolaresciudadnueva.com\/inicio\/wp-json\/wp\/v2\/types\/post"}],"author":[{"embeddable":true,"href":"https:\/\/www.focolaresciudadnueva.com\/inicio\/wp-json\/wp\/v2\/users\/4"}],"replies":[{"embeddable":true,"href":"https:\/\/www.focolaresciudadnueva.com\/inicio\/wp-json\/wp\/v2\/comments?post=20445"}],"version-history":[{"count":2,"href":"https:\/\/www.focolaresciudadnueva.com\/inicio\/wp-json\/wp\/v2\/posts\/20445\/revisions"}],"predecessor-version":[{"id":20467,"href":"https:\/\/www.focolaresciudadnueva.com\/inicio\/wp-json\/wp\/v2\/posts\/20445\/revisions\/20467"}],"wp:featuredmedia":[{"embeddable":true,"href":"https:\/\/www.focolaresciudadnueva.com\/inicio\/wp-json\/wp\/v2\/media\/20448"}],"wp:attachment":[{"href":"https:\/\/www.focolaresciudadnueva.com\/inicio\/wp-json\/wp\/v2\/media?parent=20445"}],"wp:term":[{"taxonomy":"category","embeddable":true,"href":"https:\/\/www.focolaresciudadnueva.com\/inicio\/wp-json\/wp\/v2\/categories?post=20445"},{"taxonomy":"post_tag","embeddable":true,"href":"https:\/\/www.focolaresciudadnueva.com\/inicio\/wp-json\/wp\/v2\/tags?post=20445"}],"curies":[{"name":"wp","href":"https:\/\/api.w.org\/{rel}","templated":true}]}}