{"id":20443,"date":"2025-12-01T11:40:53","date_gmt":"2025-12-01T15:40:53","guid":{"rendered":"https:\/\/www.focolaresciudadnueva.com\/inicio\/?p=20443"},"modified":"2025-12-05T12:21:43","modified_gmt":"2025-12-05T16:21:43","slug":"reiniciar-la-economia-de-lo-pequeno-a-lo-grande","status":"publish","type":"post","link":"https:\/\/www.focolaresciudadnueva.com\/inicio\/reiniciar-la-economia-de-lo-pequeno-a-lo-grande\/","title":{"rendered":"Reiniciar la econom\u00eda: de lo peque\u00f1o a lo grande"},"content":{"rendered":"\n<p class=\"has-medium-font-size\"><strong>Video sobre el mensaje enviado por el Papa Le\u00f3n XIV a los participantes de la reuni\u00f3n mundial de 2025 de la iniciativa \u00abLa Econom\u00eda de Francisco\u00bb, cuyo enfoque principal es repensar los fundamentos de la actividad econ\u00f3mica global. El Papa alienta a los j\u00f3venes a dar continuidad al legado del difunto Papa Francisco\u2014quien inspir\u00f3 el movimiento\u2014mediante la organizaci\u00f3n creativa de la esperanza y el arraigo de las finanzas y los negocios en el esp\u00edritu del Evangelio y San Francisco de As\u00eds. <\/strong><\/p>\n\n\n<div class=\"wp-block-image\">\n<figure class=\"aligncenter size-full\"><img fetchpriority=\"high\" decoding=\"async\" width=\"224\" height=\"224\" src=\"https:\/\/www.focolaresciudadnueva.com\/wp-content\/uploads\/2025\/12\/image-6.png\" alt=\"\" class=\"wp-image-20457\" srcset=\"https:\/\/www.focolaresciudadnueva.com\/wp-content\/uploads\/2025\/12\/image-6.png 224w, https:\/\/www.focolaresciudadnueva.com\/wp-content\/uploads\/2025\/12\/image-6-150x150.png 150w, https:\/\/www.focolaresciudadnueva.com\/wp-content\/uploads\/2025\/12\/image-6-90x90.png 90w\" sizes=\"(max-width: 224px) 100vw, 224px\" \/><\/figure>\n<\/div>\n\n\n<p class=\"has-medium-font-size\">Bajo el t\u00edtulo \u00abReiniciando la Econom\u00eda,\u00bb el pont\u00edfice subraya la necesidad de liberarse de las cadenas de la injusticia y crear un sistema que genere bienestar material y espiritual para todos. Adem\u00e1s, insiste en que la verdadera renovaci\u00f3n requiere adoptar una perspectiva de la periferia, priorizando a los marginados y aplicando el principio de peque\u00f1ez para corregir las deficiencias que aumentan la desigualdad. Finalmente, les pide nutrir su esp\u00edritu y su estudio con las Escrituras para que su trabajo est\u00e9 guiado por la econom\u00eda divina.<\/p>\n\n\n\n<figure class=\"wp-block-embed is-type-video is-provider-youtube wp-block-embed-youtube wp-embed-aspect-16-9 wp-has-aspect-ratio\"><div class=\"wp-block-embed__wrapper\">\n<iframe title=\"Video sobre MENSAJE PAPA LEON XIV A REUNI\u00d3N MUNDIAL DE &quot;LA ECONOM\u00cdA DE FRANCISCO&quot;. 28 nov 2025\" width=\"720\" height=\"405\" src=\"https:\/\/www.youtube.com\/embed\/m-5N9Qyas78?feature=oembed\" frameborder=\"0\" allow=\"accelerometer; autoplay; clipboard-write; encrypted-media; gyroscope; picture-in-picture; web-share\" referrerpolicy=\"strict-origin-when-cross-origin\" allowfullscreen><\/iframe>\n<\/div><\/figure>\n\n\n\n<p><em>Fuente: Laicos en la Vida P\u00fablica<\/em><\/p>\n","protected":false},"excerpt":{"rendered":"<p> la verdadera renovaci\u00f3n requiere adoptar una perspectiva de la periferia, priorizando a los marginados y aplicando el principio de peque\u00f1ez para corregir las deficiencias que aumentan la desigualdad. <a href=\"https:\/\/www.focolaresciudadnueva.com\/inicio\/reiniciar-la-economia-de-lo-pequeno-a-lo-grande\/\" class=\"more-link\">Continue reading <span class=\"screen-reader-text\">Reiniciar la econom\u00eda: de lo peque\u00f1o a lo grande<\/span><\/a><\/p>\n","protected":false},"author":4,"featured_media":20457,"comment_status":"open","ping_status":"closed","sticky":false,"template":"","format":"standard","meta":{"footnotes":""},"categories":[60,76],"tags":[],"class_list":["post-20443","post","type-post","status-publish","format-standard","has-post-thumbnail","hentry","category-dialogos-en-la-cultura","category-economia"],"wpmagazine_modules_lite_featured_media_urls":{"thumbnail":["https:\/\/www.focolaresciudadnueva.com\/wp-content\/uploads\/2025\/12\/image-6-150x150.png",150,150,true],"cvmm-medium":["https:\/\/www.focolaresciudadnueva.com\/wp-content\/uploads\/2025\/12\/image-6.png",224,224,false],"cvmm-medium-plus":["https:\/\/www.focolaresciudadnueva.com\/wp-content\/uploads\/2025\/12\/image-6-224x207.png",224,207,true],"cvmm-portrait":["https:\/\/www.focolaresciudadnueva.com\/wp-content\/uploads\/2025\/12\/image-6.png",224,224,false],"cvmm-medium-square":["https:\/\/www.focolaresciudadnueva.com\/wp-content\/uploads\/2025\/12\/image-6.png",224,224,false],"cvmm-large":["https:\/\/www.focolaresciudadnueva.com\/wp-content\/uploads\/2025\/12\/image-6.png",224,224,false],"cvmm-small":["https:\/\/www.focolaresciudadnueva.com\/wp-content\/uploads\/2025\/12\/image-6-130x95.png",130,95,true],"full":["https:\/\/www.focolaresciudadnueva.com\/wp-content\/uploads\/2025\/12\/image-6.png",224,224,false]},"categories_names":{"60":{"name":"Di\u00e1logos en la Cultura","link":"https:\/\/www.focolaresciudadnueva.com\/inicio\/category\/dialogos-en-la-cultura\/"},"76":{"name":"Econom\u00eda","link":"https:\/\/www.focolaresciudadnueva.com\/inicio\/category\/economia\/"}},"tags_names":[],"comments_number":"1","_links":{"self":[{"href":"https:\/\/www.focolaresciudadnueva.com\/inicio\/wp-json\/wp\/v2\/posts\/20443","targetHints":{"allow":["GET"]}}],"collection":[{"href":"https:\/\/www.focolaresciudadnueva.com\/inicio\/wp-json\/wp\/v2\/posts"}],"about":[{"href":"https:\/\/www.focolaresciudadnueva.com\/inicio\/wp-json\/wp\/v2\/types\/post"}],"author":[{"embeddable":true,"href":"https:\/\/www.focolaresciudadnueva.com\/inicio\/wp-json\/wp\/v2\/users\/4"}],"replies":[{"embeddable":true,"href":"https:\/\/www.focolaresciudadnueva.com\/inicio\/wp-json\/wp\/v2\/comments?post=20443"}],"version-history":[{"count":3,"href":"https:\/\/www.focolaresciudadnueva.com\/inicio\/wp-json\/wp\/v2\/posts\/20443\/revisions"}],"predecessor-version":[{"id":20458,"href":"https:\/\/www.focolaresciudadnueva.com\/inicio\/wp-json\/wp\/v2\/posts\/20443\/revisions\/20458"}],"wp:featuredmedia":[{"embeddable":true,"href":"https:\/\/www.focolaresciudadnueva.com\/inicio\/wp-json\/wp\/v2\/media\/20457"}],"wp:attachment":[{"href":"https:\/\/www.focolaresciudadnueva.com\/inicio\/wp-json\/wp\/v2\/media?parent=20443"}],"wp:term":[{"taxonomy":"category","embeddable":true,"href":"https:\/\/www.focolaresciudadnueva.com\/inicio\/wp-json\/wp\/v2\/categories?post=20443"},{"taxonomy":"post_tag","embeddable":true,"href":"https:\/\/www.focolaresciudadnueva.com\/inicio\/wp-json\/wp\/v2\/tags?post=20443"}],"curies":[{"name":"wp","href":"https:\/\/api.w.org\/{rel}","templated":true}]}}