{"id":20424,"date":"2025-11-30T12:25:46","date_gmt":"2025-11-30T16:25:46","guid":{"rendered":"https:\/\/www.focolaresciudadnueva.com\/inicio\/?p=20424"},"modified":"2025-12-09T09:55:34","modified_gmt":"2025-12-09T13:55:34","slug":"the-economy-of-francesco-jovenes-en-busca-de-una-nueva-economia","status":"publish","type":"post","link":"https:\/\/www.focolaresciudadnueva.com\/inicio\/the-economy-of-francesco-jovenes-en-busca-de-una-nueva-economia\/","title":{"rendered":"\u201cThe Economy of Francesco\u201d: J\u00f3venes en busca de una nueva econom\u00eda"},"content":{"rendered":"\n<p class=\"has-medium-font-size\"><strong><em>En el evento \u201cRestarting the Economy\u201d, patrocinado por la Fundaci\u00f3n creada por iniciativa del Papa Francisco, m\u00e1s de 600 j\u00f3venes debaten c\u00f3mo cambiar las reglas de una econom\u00eda que a menudo genera desigualdad. Entre los participantes se encuentran ponentes como el padre Paolo Benanti, el \u00fanico miembro italiano del Comit\u00e9 de Inteligencia Artificial de las Naciones Unidas, y Helen Alford, economista y presidenta de la Academia Pontificia de Ciencias Sociales.<\/em><\/strong><\/p>\n\n\n\n<p><a href=\"https:\/\/www.vaticannews.va\/es\/iglesia\/news\/2025-11\/the-economy-of-francesco-jovenes-en-busca-de-una-nueva-economia.html\">Federico Piana &#8211; Ciudad del Vaticano<\/a><\/p>\n\n\n\n<p class=\"has-medium-font-size\">M\u00e1s de 600 j\u00f3venes, en su mayor\u00eda mujeres, de 66 pa\u00edses se reunieron en Castel Gandolfo, a las afueras de Roma, con un objetivo: repensar el sistema econ\u00f3mico global a la luz de las caracter\u00edsticas del Jubileo b\u00edblico, como la liberaci\u00f3n de los esclavos, la restituci\u00f3n de tierras y la condonaci\u00f3n de las deudas. El evento internacional <em>\u201cRestarting the Economy\u201d,<\/em> organizado por la Fundaci\u00f3n \u201cThe Economy of Francesco\u201d, \u2014que comenz\u00f3 el 28 de noviembre y concluir\u00e1 ma\u00f1ana con una ceremonia dedicada a la esperanza que nunca decepciona\u2014 invita a economistas, emprendedores y creadores de cambios concretos a un di\u00e1logo cercano con te\u00f3logos, acad\u00e9micos, activistas, artistas y responsables de pol\u00edticas p\u00fablicas para encontrar maneras de cambiar las reglas de una econom\u00eda que a menudo genera desigualdad.<\/p>\n\n\n\n<h2 class=\"wp-block-heading\">Revoluci\u00f3n profunda<\/h2>\n\n\n\n<p>Ponentes como el te\u00f3logo padre Paolo Benanti, \u00fanico italiano miembro del Comit\u00e9 de Inteligencia Artificial de las Naciones Unidas; la hermana Helen Alford, economista y presidenta de la Pontificia Academia de Ciencias Sociales; y Massimo Mercati, un empresario que busca fusionar la \u00e9tica y la pr\u00e1ctica empresarial, por nombrar s\u00f3lo algunos, se alternan en una serie de mesas redondas, talleres y sesiones plenarias, algunas de las cuales tambi\u00e9n tienen lugar en Borgo Laudato S\u00ec.<\/p>\n\n\n\n<h2 class=\"wp-block-heading\">Proceso largo<\/h2>\n\n\n\n<p>\u00abNuestro objetivo es transformar profundamente la econom\u00eda\u00bb, explic\u00f3 Jean-Marc Santolin, vicepresidente de la asamblea de la Fundaci\u00f3n, a los medios vaticanos. Pero esta transformaci\u00f3n trascendental, a\u00f1adi\u00f3, \u00abno se puede lograr en poco tiempo. Es un proceso muy largo que requiere la participaci\u00f3n continua de los j\u00f3venes en proyectos concretos. Y adem\u00e1s, debe haber colaboraci\u00f3n intergeneracional. Por lo tanto, podemos definir nuestro encuentro como el ox\u00edgeno que impulsa el camino que estamos emprendiendo\u00bb.&nbsp;<\/p>\n\n\n\n<h2 class=\"wp-block-heading\">Colaboraci\u00f3n generacional<\/h2>\n\n\n\n<p>El esp\u00edritu de <em>\u201cRestarting the Economy\u201d,<\/em> es, sobre todo, el de compartir: \u00abDe todo el mundo se comparten proyectos e iniciativas, impulsados \u200b\u200bpor individuos o grupos, que abarcan desde la pobreza hasta la Inteligencia Artificial, desde la reforestaci\u00f3n hasta la creaci\u00f3n de pozos de agua\u00bb. Este evento tambi\u00e9n re\u00fane a dos generaciones de j\u00f3venes. La primera, que en 2019 dio lugar a la creaci\u00f3n de la Fundaci\u00f3n \u201cThe Economy of Francesco\u201d, y la actual, que la apoya y pretende tomar las riendas en el futuro. \u00abEs maravilloso\u00bb, a\u00f1ade Santolin, \u00absaber que existen estas personas a las que podemos apoyar con nuestra experiencia y que tienen la energ\u00eda joven para decir: sigamos cambiando las cosas, sin hacernos demasiadas preguntas\u00bb.<\/p>\n\n\n\n<figure class=\"wp-block-image size-large\"><img fetchpriority=\"high\" decoding=\"async\" width=\"1024\" height=\"576\" src=\"https:\/\/www.focolaresciudadnueva.com\/wp-content\/uploads\/2025\/11\/image-51-1024x576.png\" alt=\"\" class=\"wp-image-20425\" srcset=\"https:\/\/www.focolaresciudadnueva.com\/wp-content\/uploads\/2025\/11\/image-51-1024x576.png 1024w, https:\/\/www.focolaresciudadnueva.com\/wp-content\/uploads\/2025\/11\/image-51-300x169.png 300w, https:\/\/www.focolaresciudadnueva.com\/wp-content\/uploads\/2025\/11\/image-51-768x432.png 768w, https:\/\/www.focolaresciudadnueva.com\/wp-content\/uploads\/2025\/11\/image-51-160x90.png 160w, https:\/\/www.focolaresciudadnueva.com\/wp-content\/uploads\/2025\/11\/image-51-750x422.png 750w, https:\/\/www.focolaresciudadnueva.com\/wp-content\/uploads\/2025\/11\/image-51-1140x641.png 1140w, https:\/\/www.focolaresciudadnueva.com\/wp-content\/uploads\/2025\/11\/image-51.png 1280w\" sizes=\"(max-width: 1024px) 100vw, 1024px\" \/><\/figure>\n","protected":false},"excerpt":{"rendered":"<p>En el evento \u201cRestarting the Economy\u201d, patrocinado por la Fundaci\u00f3n creada por iniciativa del Papa Francisco, m\u00e1s de 600 j\u00f3venes debaten c\u00f3mo cambiar las reglas de una econom\u00eda que a menudo genera desigualdad. <a href=\"https:\/\/www.focolaresciudadnueva.com\/inicio\/the-economy-of-francesco-jovenes-en-busca-de-una-nueva-economia\/\" class=\"more-link\">Continue reading <span class=\"screen-reader-text\">\u201cThe Economy of Francesco\u201d: J\u00f3venes en busca de una nueva econom\u00eda<\/span><\/a><\/p>\n","protected":false},"author":4,"featured_media":20425,"comment_status":"open","ping_status":"closed","sticky":false,"template":"","format":"standard","meta":{"footnotes":""},"categories":[60,76,135],"tags":[],"class_list":["post-20424","post","type-post","status-publish","format-standard","has-post-thumbnail","hentry","category-dialogos-en-la-cultura","category-economia","category-edc-economia-de-comunion"],"wpmagazine_modules_lite_featured_media_urls":{"thumbnail":["https:\/\/www.focolaresciudadnueva.com\/wp-content\/uploads\/2025\/11\/image-51-150x150.png",150,150,true],"cvmm-medium":["https:\/\/www.focolaresciudadnueva.com\/wp-content\/uploads\/2025\/11\/image-51-300x300.png",300,300,true],"cvmm-medium-plus":["https:\/\/www.focolaresciudadnueva.com\/wp-content\/uploads\/2025\/11\/image-51-305x207.png",305,207,true],"cvmm-portrait":["https:\/\/www.focolaresciudadnueva.com\/wp-content\/uploads\/2025\/11\/image-51-400x600.png",400,600,true],"cvmm-medium-square":["https:\/\/www.focolaresciudadnueva.com\/wp-content\/uploads\/2025\/11\/image-51-600x600.png",600,600,true],"cvmm-large":["https:\/\/www.focolaresciudadnueva.com\/wp-content\/uploads\/2025\/11\/image-51-1024x720.png",1024,720,true],"cvmm-small":["https:\/\/www.focolaresciudadnueva.com\/wp-content\/uploads\/2025\/11\/image-51-130x95.png",130,95,true],"full":["https:\/\/www.focolaresciudadnueva.com\/wp-content\/uploads\/2025\/11\/image-51.png",1280,720,false]},"categories_names":{"60":{"name":"Di\u00e1logos en la Cultura","link":"https:\/\/www.focolaresciudadnueva.com\/inicio\/category\/dialogos-en-la-cultura\/"},"76":{"name":"Econom\u00eda","link":"https:\/\/www.focolaresciudadnueva.com\/inicio\/category\/economia\/"},"135":{"name":"EDC - Econom\u00eda de Comuni\u00f3n","link":"https:\/\/www.focolaresciudadnueva.com\/inicio\/category\/dialogos-en-la-cultura\/edc-economia-de-comunion\/"}},"tags_names":[],"comments_number":"0","_links":{"self":[{"href":"https:\/\/www.focolaresciudadnueva.com\/inicio\/wp-json\/wp\/v2\/posts\/20424","targetHints":{"allow":["GET"]}}],"collection":[{"href":"https:\/\/www.focolaresciudadnueva.com\/inicio\/wp-json\/wp\/v2\/posts"}],"about":[{"href":"https:\/\/www.focolaresciudadnueva.com\/inicio\/wp-json\/wp\/v2\/types\/post"}],"author":[{"embeddable":true,"href":"https:\/\/www.focolaresciudadnueva.com\/inicio\/wp-json\/wp\/v2\/users\/4"}],"replies":[{"embeddable":true,"href":"https:\/\/www.focolaresciudadnueva.com\/inicio\/wp-json\/wp\/v2\/comments?post=20424"}],"version-history":[{"count":2,"href":"https:\/\/www.focolaresciudadnueva.com\/inicio\/wp-json\/wp\/v2\/posts\/20424\/revisions"}],"predecessor-version":[{"id":20427,"href":"https:\/\/www.focolaresciudadnueva.com\/inicio\/wp-json\/wp\/v2\/posts\/20424\/revisions\/20427"}],"wp:featuredmedia":[{"embeddable":true,"href":"https:\/\/www.focolaresciudadnueva.com\/inicio\/wp-json\/wp\/v2\/media\/20425"}],"wp:attachment":[{"href":"https:\/\/www.focolaresciudadnueva.com\/inicio\/wp-json\/wp\/v2\/media?parent=20424"}],"wp:term":[{"taxonomy":"category","embeddable":true,"href":"https:\/\/www.focolaresciudadnueva.com\/inicio\/wp-json\/wp\/v2\/categories?post=20424"},{"taxonomy":"post_tag","embeddable":true,"href":"https:\/\/www.focolaresciudadnueva.com\/inicio\/wp-json\/wp\/v2\/tags?post=20424"}],"curies":[{"name":"wp","href":"https:\/\/api.w.org\/{rel}","templated":true}]}}