{"id":20416,"date":"2025-11-30T11:48:35","date_gmt":"2025-11-30T15:48:35","guid":{"rendered":"https:\/\/www.focolaresciudadnueva.com\/inicio\/?p=20416"},"modified":"2025-12-01T11:50:28","modified_gmt":"2025-12-01T15:50:28","slug":"el-avion-de-leon-xiv-aterrizo-en-libano-segunda-etapa-de-su-viaje","status":"publish","type":"post","link":"https:\/\/www.focolaresciudadnueva.com\/inicio\/el-avion-de-leon-xiv-aterrizo-en-libano-segunda-etapa-de-su-viaje\/","title":{"rendered":"El avi\u00f3n de Le\u00f3n XIV aterriz\u00f3 en L\u00edbano, segunda etapa de su viaje"},"content":{"rendered":"\n<p><strong>A las 15:34 (hora local), el Airbus A320neo de ITA Airways que transportaba al Papa aterriz\u00f3 en el Aeropuerto Internacional de Beirut-Hariri tras partir de Estambul y Turqu\u00eda. En la capital del Pa\u00eds de los Cedros, segunda etapa de su primer viaje apost\u00f3lico, el Pont\u00edfice dedicar\u00e1 esta tarde a reuniones institucionales, incluyendo un discurso ante las autoridades. La peregrinaci\u00f3n concluir\u00e1 el martes 2 de diciembre.<\/strong><\/p>\n\n\n\n<p><a href=\"https:\/\/www.vaticannews.va\/es\/papa\/news\/2025-11\/avion-de-leon-xiv-aterrizo-en-libano-la-segunda-etapa-del-viaje.html\">Vatican News<\/a><\/p>\n\n\n\n<p>Las sirenas de los barcos en el puerto de Beirut saludaron la llegada del Airbus A320neo de ITA Airways en el que viajaba el Papa Le\u00f3n XIV de Turqu\u00eda al L\u00edbano que aterriz\u00f3 a las 15:34 (hora local) en el Aeropuerto Internacional de Beirut-Hariri, que lleva el nombre del ex primer ministro Rafiq Hariri, quien muri\u00f3 junto con su equipo de seguridad en un atentado el 14 de febrero de 2005. Los primeros en darle la bienvenida, a\u00fan a bordo del avi\u00f3n, fueron el Nuncio Apost\u00f3lico, el arzobispo Paolo Borgia y el Jefe de Protocolo del L\u00edbano. Al pie de la escalerilla del avi\u00f3n, Le\u00f3n XIV fue recibido por el presidente liban\u00e9s Joseph Aoun, el presidente de la Asamblea Nacional Nabih Berri, el primer ministro Nawaf Salam y sus esposas, y el cardenal B\u00e9chara Boutros Ra\u00ef, patriarca de Antioqu\u00eda de los Maronitas. Dos ni\u00f1os con trajes tradicionales ofrecieron al Pont\u00edfice flores, pan y agua.<\/p>\n\n\n\n<h2 class=\"wp-block-heading\">La ceremonia de bienvenida<\/h2>\n\n\n\n<p>La ceremonia de bienvenida, tras la interpretaci\u00f3n de los himnos del L\u00edbano y del Estado de la Ciudad del Vaticano, incluy\u00f3 el izamiento de las banderas, una salva de 21 ca\u00f1onazos, la presentaci\u00f3n de las delegaciones oficiales y un vuelo honorario. Al concluir, el Papa Le\u00f3n XIV fue acompa\u00f1ado por el Presidente de la Rep\u00fablica, el Presidente de la Asamblea Nacional y el Primer Ministro al Sal\u00f3n Presidencial para una breve reuni\u00f3n privada.<\/p>\n\n\n\n<figure class=\"wp-block-image size-large\"><img fetchpriority=\"high\" decoding=\"async\" width=\"1024\" height=\"583\" src=\"https:\/\/www.focolaresciudadnueva.com\/wp-content\/uploads\/2025\/11\/image-50-1024x583.png\" alt=\"\" class=\"wp-image-20422\" srcset=\"https:\/\/www.focolaresciudadnueva.com\/wp-content\/uploads\/2025\/11\/image-50-1024x583.png 1024w, https:\/\/www.focolaresciudadnueva.com\/wp-content\/uploads\/2025\/11\/image-50-300x171.png 300w, https:\/\/www.focolaresciudadnueva.com\/wp-content\/uploads\/2025\/11\/image-50-768x437.png 768w, https:\/\/www.focolaresciudadnueva.com\/wp-content\/uploads\/2025\/11\/image-50-158x90.png 158w, https:\/\/www.focolaresciudadnueva.com\/wp-content\/uploads\/2025\/11\/image-50-750x427.png 750w, https:\/\/www.focolaresciudadnueva.com\/wp-content\/uploads\/2025\/11\/image-50-1140x649.png 1140w, https:\/\/www.focolaresciudadnueva.com\/wp-content\/uploads\/2025\/11\/image-50.png 1190w\" sizes=\"(max-width: 1024px) 100vw, 1024px\" \/><\/figure>\n\n\n\n<h2 class=\"wp-block-heading\">El primer d\u00eda en Beirut<\/h2>\n\n\n\n<p>El programa del d\u00eda incluye varias reuniones institucionales en el Palacio Presidencial de Baabda, en una colina con vistas a Beirut, comenzando con una visita de cortes\u00eda al presidente Aoun, quien ha gobernado el L\u00edbano desde enero pasado. A continuaci\u00f3n, se reunir\u00e1n con el presidente de la Asamblea Nacional, Nabih Berri, y con el primer ministro Nawaf Salam, a quien el Papa recibi\u00f3 en audiencia en el Vaticano el 25 de octubre. Posteriormente, el presidente Aoun y Le\u00f3n XIV plantar\u00e1n un \u00abCedro de la Amistad\u00bb en el jard\u00edn del Palacio Presidencial, a la que tambi\u00e9n asistir\u00e1n el secretario de Estado, cardenal Pietro Parolin, y el patriarca B\u00e9chara Boutros Ra\u00ef. Tras la ceremonia, el Papa firmar\u00e1 en el Libro de Honor en el sal\u00f3n principal del Palacio. A las 18:00, el Pont\u00edfice se reunir\u00e1 con autoridades, la sociedad civil y el cuerpo diplom\u00e1tico y pronunciar\u00e1 un discurso. Esta reuni\u00f3n pondr\u00e1 fin a la primera jornada de su viaje al Pa\u00eds de los Cedros.<\/p>\n\n\n\n<h2 class=\"wp-block-heading\">La Tierra de los Cedros da la bienvenida al Papa Le\u00f3n<\/h2>\n\n\n\n<p>La \u00faltima visita papal al L\u00edbano fue en septiembre de 2012, con Benedicto XVI. Mientras tanto, las crisis pol\u00edticas y sociales, el agravamiento de la pobreza, la explosi\u00f3n del puerto de Beirut en agosto de 2020, la tragedia de la migraci\u00f3n masiva, especialmente entre los j\u00f3venes, la persistente dificultad para acoger a los refugiados, especialmente sirios, y la guerra contra los recientes bombardeos israel\u00edes contra barrios de Hezbol\u00e1, han cobrado gran importancia. El Papa Le\u00f3n XIII ha estado esperando al L\u00edbano durante cuarenta y ocho horas, incluyendo reuniones institucionales, comenzando hoy con el presidente Joseph Aoun, quien ha liderado el pa\u00eds durante once meses, en el Palacio Presidencial. A continuaci\u00f3n, se celebrar\u00e1n encuentros religiosos, interreligiosos y pastorales, que culminar\u00e1n en uno de los momentos m\u00e1s esperados: una oraci\u00f3n silenciosa ante el monumento de acero en el puerto de Beirut, al este de la bah\u00eda de San Jorge, donde est\u00e1n grabados, uno a uno, los nombres de los fallecidos en la tr\u00e1gica explosi\u00f3n de 2020. Tambi\u00e9n estar\u00e1n presentes algunos supervivientes y familiares de las v\u00edctimas.<\/p>\n\n\n\n<h2 class=\"wp-block-heading\">Los Papas en el L\u00edbano<\/h2>\n\n\n\n<p>En el L\u00edbano, tierra rica en milenios de historia y un mosaico cultural y religioso \u00fanico en el Mediterr\u00e1neo, Pablo VI hizo escala en el aeropuerto de Beirut el 12 de diciembre de 1964, camino a la India, para presidir el Congreso Eucar\u00edstico Internacional. El Papa Juan Pablo II visit\u00f3 la Tierra de los Cedros los d\u00edas 10 y 11 de mayo de 1997, en su 77.\u00ba viaje apost\u00f3lico, para la publicaci\u00f3n de la Exhortaci\u00f3n Apost\u00f3lica Postsinodal \u00abUna Nueva Esperanza para el L\u00edbano\u00bb. Benedicto XVI, durante su 24.\u00aa peregrinaci\u00f3n, del 14 al 16 de septiembre de 2012, pronunci\u00f3 la Exhortaci\u00f3n Apost\u00f3lica Postsinodal \u00abEcclesia in Medio Oriente\u00bb de la Asamblea Especial para Oriente Medio del S\u00ednodo de los Obispos. El documento insta a un renovado testimonio cristiano, al di\u00e1logo interreligioso y al compromiso con la paz en una regi\u00f3n marcada por complejos desaf\u00edos sociales y pol\u00edticos, destacando el papel fundamental del L\u00edbano como puente entre Oriente y Occidente.<\/p>\n\n\n\n<h2 class=\"wp-block-heading\">Los 4 d\u00edas del Papa en Turqu\u00eda<\/h2>\n\n\n\n<p>La visita del Papa Le\u00f3n XIV a Turqu\u00eda (T\u00fcrkiye) concluy\u00f3 tras cuatro intensos d\u00edas con su salida del aeropuerto de Estambul. Entre los momentos m\u00e1s destacados se encuentra la conmemoraci\u00f3n, junto con el Patriarca Bartolom\u00e9 y los l\u00edderes y representantes de las Iglesias cristianas del mundo, del 1700 aniversario del primer Concilio Ecum\u00e9nico de la historia, celebrado en Nicea, hoy Iznik. Una celebraci\u00f3n sobria y solemne, celebrada sobre las ruinas de la antigua Bas\u00edlica de San Ne\u00f3fito, durante la cual Le\u00f3n XIV nos inst\u00f3 a superar el esc\u00e1ndalo de las divisiones fomentando la unidad.<\/p>\n\n\n\n<figure class=\"wp-block-image size-full\"><img decoding=\"async\" width=\"1000\" height=\"563\" src=\"https:\/\/www.focolaresciudadnueva.com\/wp-content\/uploads\/2025\/11\/image-49.png\" alt=\"\" class=\"wp-image-20421\" srcset=\"https:\/\/www.focolaresciudadnueva.com\/wp-content\/uploads\/2025\/11\/image-49.png 1000w, https:\/\/www.focolaresciudadnueva.com\/wp-content\/uploads\/2025\/11\/image-49-300x169.png 300w, https:\/\/www.focolaresciudadnueva.com\/wp-content\/uploads\/2025\/11\/image-49-768x432.png 768w, https:\/\/www.focolaresciudadnueva.com\/wp-content\/uploads\/2025\/11\/image-49-160x90.png 160w, https:\/\/www.focolaresciudadnueva.com\/wp-content\/uploads\/2025\/11\/image-49-750x422.png 750w\" sizes=\"(max-width: 1000px) 100vw, 1000px\" \/><\/figure>\n","protected":false},"excerpt":{"rendered":"<p>En la capital del Pa\u00eds de los Cedros, segunda etapa de su primer viaje apost\u00f3lico, el Pont\u00edfice dedicar\u00e1 esta tarde a reuniones institucionales, incluyendo un discurso ante las autoridades. La peregrinaci\u00f3n concluir\u00e1 el martes 2 de diciembre. <a href=\"https:\/\/www.focolaresciudadnueva.com\/inicio\/el-avion-de-leon-xiv-aterrizo-en-libano-segunda-etapa-de-su-viaje\/\" class=\"more-link\">Continue reading <span class=\"screen-reader-text\">El avi\u00f3n de Le\u00f3n XIV aterriz\u00f3 en L\u00edbano, segunda etapa de su viaje<\/span><\/a><\/p>\n","protected":false},"author":4,"featured_media":20421,"comment_status":"open","ping_status":"closed","sticky":false,"template":"","format":"standard","meta":{"footnotes":""},"categories":[63],"tags":[],"class_list":["post-20416","post","type-post","status-publish","format-standard","has-post-thumbnail","hentry","category-iglesia"],"wpmagazine_modules_lite_featured_media_urls":{"thumbnail":["https:\/\/www.focolaresciudadnueva.com\/wp-content\/uploads\/2025\/11\/image-49-150x150.png",150,150,true],"cvmm-medium":["https:\/\/www.focolaresciudadnueva.com\/wp-content\/uploads\/2025\/11\/image-49-300x300.png",300,300,true],"cvmm-medium-plus":["https:\/\/www.focolaresciudadnueva.com\/wp-content\/uploads\/2025\/11\/image-49-305x207.png",305,207,true],"cvmm-portrait":["https:\/\/www.focolaresciudadnueva.com\/wp-content\/uploads\/2025\/11\/image-49-400x563.png",400,563,true],"cvmm-medium-square":["https:\/\/www.focolaresciudadnueva.com\/wp-content\/uploads\/2025\/11\/image-49-600x563.png",600,563,true],"cvmm-large":["https:\/\/www.focolaresciudadnueva.com\/wp-content\/uploads\/2025\/11\/image-49.png",1000,563,false],"cvmm-small":["https:\/\/www.focolaresciudadnueva.com\/wp-content\/uploads\/2025\/11\/image-49-130x95.png",130,95,true],"full":["https:\/\/www.focolaresciudadnueva.com\/wp-content\/uploads\/2025\/11\/image-49.png",1000,563,false]},"categories_names":{"63":{"name":"Iglesia","link":"https:\/\/www.focolaresciudadnueva.com\/inicio\/category\/iglesia\/"}},"tags_names":[],"comments_number":"0","_links":{"self":[{"href":"https:\/\/www.focolaresciudadnueva.com\/inicio\/wp-json\/wp\/v2\/posts\/20416","targetHints":{"allow":["GET"]}}],"collection":[{"href":"https:\/\/www.focolaresciudadnueva.com\/inicio\/wp-json\/wp\/v2\/posts"}],"about":[{"href":"https:\/\/www.focolaresciudadnueva.com\/inicio\/wp-json\/wp\/v2\/types\/post"}],"author":[{"embeddable":true,"href":"https:\/\/www.focolaresciudadnueva.com\/inicio\/wp-json\/wp\/v2\/users\/4"}],"replies":[{"embeddable":true,"href":"https:\/\/www.focolaresciudadnueva.com\/inicio\/wp-json\/wp\/v2\/comments?post=20416"}],"version-history":[{"count":1,"href":"https:\/\/www.focolaresciudadnueva.com\/inicio\/wp-json\/wp\/v2\/posts\/20416\/revisions"}],"predecessor-version":[{"id":20423,"href":"https:\/\/www.focolaresciudadnueva.com\/inicio\/wp-json\/wp\/v2\/posts\/20416\/revisions\/20423"}],"wp:featuredmedia":[{"embeddable":true,"href":"https:\/\/www.focolaresciudadnueva.com\/inicio\/wp-json\/wp\/v2\/media\/20421"}],"wp:attachment":[{"href":"https:\/\/www.focolaresciudadnueva.com\/inicio\/wp-json\/wp\/v2\/media?parent=20416"}],"wp:term":[{"taxonomy":"category","embeddable":true,"href":"https:\/\/www.focolaresciudadnueva.com\/inicio\/wp-json\/wp\/v2\/categories?post=20416"},{"taxonomy":"post_tag","embeddable":true,"href":"https:\/\/www.focolaresciudadnueva.com\/inicio\/wp-json\/wp\/v2\/tags?post=20416"}],"curies":[{"name":"wp","href":"https:\/\/api.w.org\/{rel}","templated":true}]}}