{"id":20061,"date":"2025-10-16T09:40:47","date_gmt":"2025-10-16T13:40:47","guid":{"rendered":"https:\/\/www.focolaresciudadnueva.com\/inicio\/?p=20061"},"modified":"2025-10-20T18:26:21","modified_gmt":"2025-10-20T22:26:21","slug":"estamos-devastados-profundamente-heridos","status":"publish","type":"post","link":"https:\/\/www.focolaresciudadnueva.com\/inicio\/estamos-devastados-profundamente-heridos\/","title":{"rendered":"Estamos devastados, profundamente heridos"},"content":{"rendered":"\n<p class=\"has-medium-font-size\"><strong><em>\u00abEstamos devastados, profundamente heridos por lo que estamos viviendo, por la atm\u00f3sfera de odio que ha creado esta violencia, y esta violencia a su vez engendra otro tipo de odio en este c\u00edrculo vicioso que no podemos romper\u00bb. Fueron las palabras del cardenal Pierbattista Pizzaballa, en un video mensaje enviado a los participantes en la vigilia de oraci\u00f3n por la paz en Gaza y Tierra Santa, organizada por la Comunidad de San Egidio junto con numerosos movimientos cat\u00f3licos en Italia.<\/em><\/strong><\/p>\n\n\n\n<p class=\"has-medium-font-size\">La vigilia, fue organizada en respuesta al llamamiento urgente del papa Le\u00f3n XIV, quien en los \u00faltimos d\u00edas hab\u00eda pedido un alto el fuego inmediato, la liberaci\u00f3n de los rehenes y el estricto cumplimiento del derecho internacional humanitario.<\/p>\n\n\n\n<p class=\"has-medium-font-size\">Marco Impagliazzo, presidente de la Comunidad de San Egidio, inaugur\u00f3 la vigilia con contundentes palabras: \u00abNo podemos permanecer en silencio ante la injusticia. No debemos resignarnos al lenguaje de las armas. La paz es posible, y la oraci\u00f3n es ya una opci\u00f3n por la paz\u00bb. La dif\u00edcil situaci\u00f3n de la poblaci\u00f3n de Gaza es un desaf\u00edo para todos los creyentes a ser \u00abartistas de la fraternidad\u00bb. \u00abEsta vigilia no es solo un momento espiritual, sino un acto de responsabilidad colectiva. Queremos ser un pueblo de paz en tiempos de guerra\u00bb, expres\u00f3.<\/p>\n\n\n\n<p class=\"has-medium-font-size\">El cardenal Pizzaballa, desde Jerusal\u00e9n, manifest\u00f3: \u00abLa responsabilidad de esto, tambi\u00e9n recae en quienes han cedido el terreno a los extremistas\u00bb. Sin embargo, hay esperanza: \u00abVeo a muchas personas humildes que aman la justicia y la defienden, incluso pagando un alto precio: israel\u00edes, palestinos, jud\u00edos, cristianos, musulmanes. No se trata de pertenencia, sino de humanidad\u00bb.<\/p>\n\n\n\n<p class=\"has-medium-font-size\">Tras 35 a\u00f1os en Tierra Santa, el patriarca habl\u00f3 de la crisis m\u00e1s grave que jam\u00e1s hab\u00eda vivido: \u00abPero debemos tener esperanza, aferrarnos a la justicia y decir la verdad con amor\u00bb.<\/p>\n\n\n\n<figure class=\"wp-block-image size-full\"><img fetchpriority=\"high\" decoding=\"async\" width=\"914\" height=\"514\" src=\"https:\/\/www.focolaresciudadnueva.com\/wp-content\/uploads\/2025\/10\/image-33.png\" alt=\"\" class=\"wp-image-20062\" srcset=\"https:\/\/www.focolaresciudadnueva.com\/wp-content\/uploads\/2025\/10\/image-33.png 914w, https:\/\/www.focolaresciudadnueva.com\/wp-content\/uploads\/2025\/10\/image-33-300x169.png 300w, https:\/\/www.focolaresciudadnueva.com\/wp-content\/uploads\/2025\/10\/image-33-768x432.png 768w, https:\/\/www.focolaresciudadnueva.com\/wp-content\/uploads\/2025\/10\/image-33-160x90.png 160w, https:\/\/www.focolaresciudadnueva.com\/wp-content\/uploads\/2025\/10\/image-33-750x422.png 750w\" sizes=\"(max-width: 914px) 100vw, 914px\" \/><\/figure>\n\n\n\n<p class=\"has-medium-font-size\"><strong>Sus palabras finales combinaron aliento y compromiso: \u00abLlegar\u00e1 el momento -cuando el lenguaje del poder y la violencia fracase- en que debamos reconstruir con amor, con dulzura y testimonio, la tierra que Dios nos ha dado\u00bb.<\/strong><\/p>\n\n\n\n<p class=\"has-medium-font-size\">\u00abEstamos devastados, profundamente heridos por lo que estamos viviendo, por la atm\u00f3sfera de odio que ha creado esta violencia, y esta violencia a su vez engendra otro tipo de odio en este c\u00edrculo vicioso que no podemos romper\u00bb. Fueron las palabras del cardenal Pierbattista Pizzaballa, en un video mensaje enviado a los participantes en la vigilia de oraci\u00f3n por la paz en Gaza y Tierra Santa, organizada por la Comunidad de San Egidio junto con numerosos movimientos cat\u00f3licos en Italia.<\/p>\n\n\n\n<p class=\"has-medium-font-size\"><strong>El largo camino hacia la soluci\u00f3n de dos Estados<\/strong><\/p>\n\n\n\n<p class=\"has-medium-font-size\">Mientras tanto, el padre Ibrahim Faltas OFM, de la Custodia Franciscana de Tierra Santa, habl\u00f3 con medios cat\u00f3licos en tono pol\u00edtico. Record\u00f3 que \u00abhace diez a\u00f1os, el Vaticano reconoci\u00f3 a Palestina como Estado y, por lo tanto, sobre todo, el derecho de un pueblo\u00bb.<\/p>\n\n\n\n<p class=\"has-medium-font-size\">En una conferencia de alto nivel sobre la soluci\u00f3n de dos Estados celebrada en Nueva York, el padre Faltas se\u00f1al\u00f3 que numerosos pa\u00edses, entre ellos Francia, Gran Breta\u00f1a, Australia, Canad\u00e1, Portugal, B\u00e9lgica y Luxemburgo, reconocieron a Palestina desde entonces. Alemania e Italia se mostraron reticentes hasta la fecha, a pesar de apoyar la soluci\u00f3n de dos Estados.<\/p>\n\n\n\n<p class=\"has-medium-font-size\"><strong><em>\u00abReconocer a Palestina es un paso importante en el camino hacia la paz\u00bb, declar\u00f3 el padre Faltas a la agencia SIR. \u00abQuienes reconocen a Palestina creen en la paz y trabajan con valent\u00eda para garantizar que ambos pueblos puedan vivir seguros en su propia patria\u00bb.<\/em><\/strong><\/p>\n\n\n\n<p class=\"has-medium-font-size\">La vigilia de oraci\u00f3n en Roma fue presidida por el cardenal Gualtiero Bassetti, presidente em\u00e9rito de la Conferencia Episcopal Italiana. En su homil\u00eda, el cardenal Bassetti advirti\u00f3 que no podemos permanecer como espectadores ante el sufrimiento: \u00abUstedes, los aqu\u00ed reunidos, representan la diversidad del catolicismo italiano. Esta es una se\u00f1al que nadie debe subestimar\u00bb. Refiri\u00e9ndose a la escalada en Medio Oriente, a\u00f1adi\u00f3: \u00abNo debemos traicionar nuestra humanidad. Toda persona tiene una dignidad inviolable que debe ser respetada y preservada. No hay futuro basado en la violencia, el desplazamiento ni la venganza. Quienes aman de verdad trabajan por la paz\u00bb.<\/p>\n\n\n\n<p class=\"has-medium-font-size\">Su referencia a las Bienaventuranzas fue particularmente conmovedora: \u00ab\u00a1Bienaventurados los que trabajan por la paz! Bienaventurados los que sufren: los m\u00e9dicos, periodistas y cooperantes que perseveran en Gaza; las madres, padres y ni\u00f1os que soportan esta prueba con silenciosa dignidad\u00bb.<\/p>\n\n\n\n<p class=\"has-medium-font-size\"><strong><em>La seguridad, argument\u00f3 Bassetti, no est\u00e1 garantizada por las guerras ni el rearme: \u00abNo vence el vencedor de la guerra, sino solo quien construye la paz, preserva un bien fr\u00e1gil, sostenido por la justicia, la solidaridad y -los cristianos debemos proclamarlo a viva voz- por el perd\u00f3n\u00bb.<\/em><\/strong><\/p>\n\n\n\n<p class=\"has-medium-font-size\">Muchas organizaciones, entre ellas la Acci\u00f3n Cat\u00f3lica Italiana, Comuni\u00f3n y Liberaci\u00f3n, la Comunidad del Papa Juan XXIII, el Movimiento de los Focolares, la OFS-Asociaci\u00f3n Religiosa Franciscana Seglar y Renovaci\u00f3n en el Esp\u00edritu Santo, se unieron a la vigilia, pidiendo una tregua, la liberaci\u00f3n de los rehenes, negociaciones diplom\u00e1ticas y el pleno cumplimiento del derecho internacional humanitario.<br><\/p>\n\n\n\n<p class=\"has-medium-font-size\"><em>Fuente <\/em><a href=\"https:\/\/aica.org\"><em>https:\/\/aica.org<\/em><\/a><\/p>\n\n\n\n<figure class=\"wp-block-image size-full\"><img decoding=\"async\" width=\"675\" height=\"362\" src=\"https:\/\/www.focolaresciudadnueva.com\/wp-content\/uploads\/2025\/10\/image-34.png\" alt=\"\" class=\"wp-image-20063\" srcset=\"https:\/\/www.focolaresciudadnueva.com\/wp-content\/uploads\/2025\/10\/image-34.png 675w, https:\/\/www.focolaresciudadnueva.com\/wp-content\/uploads\/2025\/10\/image-34-300x161.png 300w, https:\/\/www.focolaresciudadnueva.com\/wp-content\/uploads\/2025\/10\/image-34-168x90.png 168w\" sizes=\"(max-width: 675px) 100vw, 675px\" \/><\/figure>\n","protected":false},"excerpt":{"rendered":"<p>La vigilia, fue organizada en respuesta al llamamiento urgente del papa Le\u00f3n XIV, quien en los \u00faltimos d\u00edas hab\u00eda pedido un alto el fuego inmediato, la liberaci\u00f3n de los rehenes y el estricto cumplimiento del derecho internacional humanitario. <a href=\"https:\/\/www.focolaresciudadnueva.com\/inicio\/estamos-devastados-profundamente-heridos\/\" class=\"more-link\">Continue reading <span class=\"screen-reader-text\">Estamos devastados, profundamente heridos<\/span><\/a><\/p>\n","protected":false},"author":4,"featured_media":20063,"comment_status":"open","ping_status":"closed","sticky":false,"template":"","format":"standard","meta":{"footnotes":""},"categories":[70,120],"tags":[],"class_list":["post-20061","post","type-post","status-publish","format-standard","has-post-thumbnail","hentry","category-internacional","category-paz"],"wpmagazine_modules_lite_featured_media_urls":{"thumbnail":["https:\/\/www.focolaresciudadnueva.com\/wp-content\/uploads\/2025\/10\/image-34-150x150.png",150,150,true],"cvmm-medium":["https:\/\/www.focolaresciudadnueva.com\/wp-content\/uploads\/2025\/10\/image-34-300x300.png",300,300,true],"cvmm-medium-plus":["https:\/\/www.focolaresciudadnueva.com\/wp-content\/uploads\/2025\/10\/image-34-305x207.png",305,207,true],"cvmm-portrait":["https:\/\/www.focolaresciudadnueva.com\/wp-content\/uploads\/2025\/10\/image-34-400x362.png",400,362,true],"cvmm-medium-square":["https:\/\/www.focolaresciudadnueva.com\/wp-content\/uploads\/2025\/10\/image-34-600x362.png",600,362,true],"cvmm-large":["https:\/\/www.focolaresciudadnueva.com\/wp-content\/uploads\/2025\/10\/image-34.png",675,362,false],"cvmm-small":["https:\/\/www.focolaresciudadnueva.com\/wp-content\/uploads\/2025\/10\/image-34-130x95.png",130,95,true],"full":["https:\/\/www.focolaresciudadnueva.com\/wp-content\/uploads\/2025\/10\/image-34.png",675,362,false]},"categories_names":{"70":{"name":"Internacional","link":"https:\/\/www.focolaresciudadnueva.com\/inicio\/category\/internacional\/"},"120":{"name":"Paz","link":"https:\/\/www.focolaresciudadnueva.com\/inicio\/category\/paz\/"}},"tags_names":[],"comments_number":"0","_links":{"self":[{"href":"https:\/\/www.focolaresciudadnueva.com\/inicio\/wp-json\/wp\/v2\/posts\/20061","targetHints":{"allow":["GET"]}}],"collection":[{"href":"https:\/\/www.focolaresciudadnueva.com\/inicio\/wp-json\/wp\/v2\/posts"}],"about":[{"href":"https:\/\/www.focolaresciudadnueva.com\/inicio\/wp-json\/wp\/v2\/types\/post"}],"author":[{"embeddable":true,"href":"https:\/\/www.focolaresciudadnueva.com\/inicio\/wp-json\/wp\/v2\/users\/4"}],"replies":[{"embeddable":true,"href":"https:\/\/www.focolaresciudadnueva.com\/inicio\/wp-json\/wp\/v2\/comments?post=20061"}],"version-history":[{"count":2,"href":"https:\/\/www.focolaresciudadnueva.com\/inicio\/wp-json\/wp\/v2\/posts\/20061\/revisions"}],"predecessor-version":[{"id":20065,"href":"https:\/\/www.focolaresciudadnueva.com\/inicio\/wp-json\/wp\/v2\/posts\/20061\/revisions\/20065"}],"wp:featuredmedia":[{"embeddable":true,"href":"https:\/\/www.focolaresciudadnueva.com\/inicio\/wp-json\/wp\/v2\/media\/20063"}],"wp:attachment":[{"href":"https:\/\/www.focolaresciudadnueva.com\/inicio\/wp-json\/wp\/v2\/media?parent=20061"}],"wp:term":[{"taxonomy":"category","embeddable":true,"href":"https:\/\/www.focolaresciudadnueva.com\/inicio\/wp-json\/wp\/v2\/categories?post=20061"},{"taxonomy":"post_tag","embeddable":true,"href":"https:\/\/www.focolaresciudadnueva.com\/inicio\/wp-json\/wp\/v2\/tags?post=20061"}],"curies":[{"name":"wp","href":"https:\/\/api.w.org\/{rel}","templated":true}]}}