{"id":20047,"date":"2025-10-15T11:39:21","date_gmt":"2025-10-15T15:39:21","guid":{"rendered":"https:\/\/www.focolaresciudadnueva.com\/inicio\/?p=20047"},"modified":"2025-10-17T12:54:38","modified_gmt":"2025-10-17T16:54:38","slug":"rimarishun-internacionai-el-dialogo-verdadero-nace-del-reconocimiento-del-otro","status":"publish","type":"post","link":"https:\/\/www.focolaresciudadnueva.com\/inicio\/rimarishun-internacionai-el-dialogo-verdadero-nace-del-reconocimiento-del-otro\/","title":{"rendered":"Rimarishun InternacionaI: \u201cEl di\u00e1logo verdadero nace del reconocimiento del otro\u201d"},"content":{"rendered":"\n<p class=\"has-medium-font-size\"><strong><em>Por la fraternidad, el di\u00e1logo y la defensa de la vida ante la crisis de los derechos humanos en Ecuador.<\/em><\/strong><\/p>\n\n\n\n<p class=\"has-medium-font-size\"><strong>El Contexto y el Dolor de la Protesta<\/strong><\/p>\n\n\n\n<p class=\"has-medium-font-size\">El Paro Nacional convocado por la Conaie cumple 24 d\u00edas, con la continuidad de bloqueos y la exigencia de econom\u00eda como la reducci\u00f3n del IVA y la restituci\u00f3n del subsidio al di\u00e9sel. Este periodo de protestas se ha visto marcado por el dolor, tras reportarse el sensible fallecimiento de Rosa Elena Paqui, comunera del pueblo Kichwa de Saraguro, presuntamente a causa de inhalaci\u00f3n de gases lacrim\u00f3genos. Este hecho, junto a un balance de 310 presuntas violaciones a derechos humanos y 144 heridos, subraya la gravedad de la situaci\u00f3n y la necesidad urgente de soluciones pac\u00edficas y respetuosas.<\/p>\n\n\n\n<p class=\"has-medium-font-size\"><strong>La Esperanza del Di\u00e1logo y la B\u00fasqueda de la Unidad<\/strong><\/p>\n\n\n\n<p class=\"has-medium-font-size\">Frente a la tensi\u00f3n, la v\u00eda del di\u00e1logo emerge como el camino principal hacia la unidad. En Otavalo, se han retomado las mesas de conversaci\u00f3n entre el Gobierno y l\u00edderes ind\u00edgenas, logrando los primeros acuerdos para avanzar en la normalizaci\u00f3n de actividades. Mientras las protestas se concentran en varias provincias, tanto la Conaie con su convocatoria a un convoy humanitario, como el Gobierno con el desplazamiento de equipos de salud, muestran gestos de apertura. El pa\u00eds se encuentra en un momento crucial, donde la paz social depende de la capacidad de las partes para escuchar, respetar la diversidad y construir consensos en pro del bienestar colectivo.<\/p>\n\n\n\n<p><strong>MANIFIESTO DE RIMARISHUN INTERNACIONAL<\/strong><\/p>\n\n\n\n<figure class=\"wp-block-image size-full\"><img fetchpriority=\"high\" decoding=\"async\" width=\"612\" height=\"792\" src=\"https:\/\/www.focolaresciudadnueva.com\/wp-content\/uploads\/2025\/10\/image-28.png\" alt=\"\" class=\"wp-image-20049\" srcset=\"https:\/\/www.focolaresciudadnueva.com\/wp-content\/uploads\/2025\/10\/image-28.png 612w, https:\/\/www.focolaresciudadnueva.com\/wp-content\/uploads\/2025\/10\/image-28-232x300.png 232w, https:\/\/www.focolaresciudadnueva.com\/wp-content\/uploads\/2025\/10\/image-28-70x90.png 70w\" sizes=\"(max-width: 612px) 100vw, 612px\" \/><\/figure>\n\n\n\n<figure class=\"wp-block-image size-full\"><img decoding=\"async\" width=\"612\" height=\"792\" src=\"https:\/\/www.focolaresciudadnueva.com\/wp-content\/uploads\/2025\/10\/image-29.png\" alt=\"\" class=\"wp-image-20050\" srcset=\"https:\/\/www.focolaresciudadnueva.com\/wp-content\/uploads\/2025\/10\/image-29.png 612w, https:\/\/www.focolaresciudadnueva.com\/wp-content\/uploads\/2025\/10\/image-29-232x300.png 232w, https:\/\/www.focolaresciudadnueva.com\/wp-content\/uploads\/2025\/10\/image-29-70x90.png 70w\" sizes=\"(max-width: 612px) 100vw, 612px\" \/><\/figure>\n\n\n\n<figure class=\"wp-block-image size-large\"><img decoding=\"async\" width=\"1024\" height=\"682\" src=\"https:\/\/www.focolaresciudadnueva.com\/wp-content\/uploads\/2025\/10\/image-30-1024x682.png\" alt=\"\" class=\"wp-image-20052\" srcset=\"https:\/\/www.focolaresciudadnueva.com\/wp-content\/uploads\/2025\/10\/image-30-1024x682.png 1024w, https:\/\/www.focolaresciudadnueva.com\/wp-content\/uploads\/2025\/10\/image-30-300x200.png 300w, https:\/\/www.focolaresciudadnueva.com\/wp-content\/uploads\/2025\/10\/image-30-768x512.png 768w, https:\/\/www.focolaresciudadnueva.com\/wp-content\/uploads\/2025\/10\/image-30-135x90.png 135w, https:\/\/www.focolaresciudadnueva.com\/wp-content\/uploads\/2025\/10\/image-30-750x500.png 750w, https:\/\/www.focolaresciudadnueva.com\/wp-content\/uploads\/2025\/10\/image-30-1140x760.png 1140w, https:\/\/www.focolaresciudadnueva.com\/wp-content\/uploads\/2025\/10\/image-30.png 1508w\" sizes=\"(max-width: 1024px) 100vw, 1024px\" \/><\/figure>\n\n\n\n<figure class=\"wp-block-image size-large\"><img loading=\"lazy\" decoding=\"async\" width=\"1024\" height=\"682\" src=\"https:\/\/www.focolaresciudadnueva.com\/wp-content\/uploads\/2025\/10\/image-31-1024x682.png\" alt=\"\" class=\"wp-image-20053\" srcset=\"https:\/\/www.focolaresciudadnueva.com\/wp-content\/uploads\/2025\/10\/image-31-1024x682.png 1024w, https:\/\/www.focolaresciudadnueva.com\/wp-content\/uploads\/2025\/10\/image-31-300x200.png 300w, https:\/\/www.focolaresciudadnueva.com\/wp-content\/uploads\/2025\/10\/image-31-768x512.png 768w, https:\/\/www.focolaresciudadnueva.com\/wp-content\/uploads\/2025\/10\/image-31-135x90.png 135w, https:\/\/www.focolaresciudadnueva.com\/wp-content\/uploads\/2025\/10\/image-31-750x500.png 750w, https:\/\/www.focolaresciudadnueva.com\/wp-content\/uploads\/2025\/10\/image-31-1140x760.png 1140w, https:\/\/www.focolaresciudadnueva.com\/wp-content\/uploads\/2025\/10\/image-31.png 1508w\" sizes=\"(max-width: 1024px) 100vw, 1024px\" \/><\/figure>\n\n\n\n<figure class=\"wp-block-image size-full\"><img loading=\"lazy\" decoding=\"async\" width=\"820\" height=\"457\" src=\"https:\/\/www.focolaresciudadnueva.com\/wp-content\/uploads\/2025\/10\/image-32.png\" alt=\"\" class=\"wp-image-20054\" srcset=\"https:\/\/www.focolaresciudadnueva.com\/wp-content\/uploads\/2025\/10\/image-32.png 820w, https:\/\/www.focolaresciudadnueva.com\/wp-content\/uploads\/2025\/10\/image-32-300x167.png 300w, https:\/\/www.focolaresciudadnueva.com\/wp-content\/uploads\/2025\/10\/image-32-768x428.png 768w, https:\/\/www.focolaresciudadnueva.com\/wp-content\/uploads\/2025\/10\/image-32-161x90.png 161w, https:\/\/www.focolaresciudadnueva.com\/wp-content\/uploads\/2025\/10\/image-32-750x418.png 750w\" sizes=\"(max-width: 820px) 100vw, 820px\" \/><\/figure>\n","protected":false},"excerpt":{"rendered":"<p>Por la fraternidad, el di\u00e1logo y la defensa de la vida ante la crisis de los derechos humanos en Ecuador. <a href=\"https:\/\/www.focolaresciudadnueva.com\/inicio\/rimarishun-internacionai-el-dialogo-verdadero-nace-del-reconocimiento-del-otro\/\" class=\"more-link\">Continue reading <span class=\"screen-reader-text\">Rimarishun InternacionaI: \u201cEl di\u00e1logo verdadero nace del reconocimiento del otro\u201d<\/span><\/a><\/p>\n","protected":false},"author":4,"featured_media":20052,"comment_status":"open","ping_status":"closed","sticky":false,"template":"","format":"standard","meta":{"footnotes":""},"categories":[60,111,70,120],"tags":[],"class_list":["post-20047","post","type-post","status-publish","format-standard","has-post-thumbnail","hentry","category-dialogos-en-la-cultura","category-ecuador","category-internacional","category-paz"],"wpmagazine_modules_lite_featured_media_urls":{"thumbnail":["https:\/\/www.focolaresciudadnueva.com\/wp-content\/uploads\/2025\/10\/image-30-150x150.png",150,150,true],"cvmm-medium":["https:\/\/www.focolaresciudadnueva.com\/wp-content\/uploads\/2025\/10\/image-30-300x300.png",300,300,true],"cvmm-medium-plus":["https:\/\/www.focolaresciudadnueva.com\/wp-content\/uploads\/2025\/10\/image-30-305x207.png",305,207,true],"cvmm-portrait":["https:\/\/www.focolaresciudadnueva.com\/wp-content\/uploads\/2025\/10\/image-30-400x600.png",400,600,true],"cvmm-medium-square":["https:\/\/www.focolaresciudadnueva.com\/wp-content\/uploads\/2025\/10\/image-30-600x600.png",600,600,true],"cvmm-large":["https:\/\/www.focolaresciudadnueva.com\/wp-content\/uploads\/2025\/10\/image-30-1024x1005.png",1024,1005,true],"cvmm-small":["https:\/\/www.focolaresciudadnueva.com\/wp-content\/uploads\/2025\/10\/image-30-130x95.png",130,95,true],"full":["https:\/\/www.focolaresciudadnueva.com\/wp-content\/uploads\/2025\/10\/image-30.png",1508,1005,false]},"categories_names":{"60":{"name":"Di\u00e1logos en la Cultura","link":"https:\/\/www.focolaresciudadnueva.com\/inicio\/category\/dialogos-en-la-cultura\/"},"111":{"name":"Ecuador","link":"https:\/\/www.focolaresciudadnueva.com\/inicio\/category\/ecuador\/"},"70":{"name":"Internacional","link":"https:\/\/www.focolaresciudadnueva.com\/inicio\/category\/internacional\/"},"120":{"name":"Paz","link":"https:\/\/www.focolaresciudadnueva.com\/inicio\/category\/paz\/"}},"tags_names":[],"comments_number":"0","_links":{"self":[{"href":"https:\/\/www.focolaresciudadnueva.com\/inicio\/wp-json\/wp\/v2\/posts\/20047","targetHints":{"allow":["GET"]}}],"collection":[{"href":"https:\/\/www.focolaresciudadnueva.com\/inicio\/wp-json\/wp\/v2\/posts"}],"about":[{"href":"https:\/\/www.focolaresciudadnueva.com\/inicio\/wp-json\/wp\/v2\/types\/post"}],"author":[{"embeddable":true,"href":"https:\/\/www.focolaresciudadnueva.com\/inicio\/wp-json\/wp\/v2\/users\/4"}],"replies":[{"embeddable":true,"href":"https:\/\/www.focolaresciudadnueva.com\/inicio\/wp-json\/wp\/v2\/comments?post=20047"}],"version-history":[{"count":2,"href":"https:\/\/www.focolaresciudadnueva.com\/inicio\/wp-json\/wp\/v2\/posts\/20047\/revisions"}],"predecessor-version":[{"id":20055,"href":"https:\/\/www.focolaresciudadnueva.com\/inicio\/wp-json\/wp\/v2\/posts\/20047\/revisions\/20055"}],"wp:featuredmedia":[{"embeddable":true,"href":"https:\/\/www.focolaresciudadnueva.com\/inicio\/wp-json\/wp\/v2\/media\/20052"}],"wp:attachment":[{"href":"https:\/\/www.focolaresciudadnueva.com\/inicio\/wp-json\/wp\/v2\/media?parent=20047"}],"wp:term":[{"taxonomy":"category","embeddable":true,"href":"https:\/\/www.focolaresciudadnueva.com\/inicio\/wp-json\/wp\/v2\/categories?post=20047"},{"taxonomy":"post_tag","embeddable":true,"href":"https:\/\/www.focolaresciudadnueva.com\/inicio\/wp-json\/wp\/v2\/tags?post=20047"}],"curies":[{"name":"wp","href":"https:\/\/api.w.org\/{rel}","templated":true}]}}