{"id":20036,"date":"2025-10-14T10:22:54","date_gmt":"2025-10-14T14:22:54","guid":{"rendered":"https:\/\/www.focolaresciudadnueva.com\/inicio\/?p=20036"},"modified":"2025-10-14T10:23:11","modified_gmt":"2025-10-14T14:23:11","slug":"rafael-luciani-y-el-proyecto-together-queremos-llegar-a-muchas-personas-para-que-conozcan-la-sinodalidad","status":"publish","type":"post","link":"https:\/\/www.focolaresciudadnueva.com\/inicio\/rafael-luciani-y-el-proyecto-together-queremos-llegar-a-muchas-personas-para-que-conozcan-la-sinodalidad\/","title":{"rendered":"Rafael Luciani y el Proyecto Together: \u00abQueremos llegar a muchas personas para que conozcan la sinodalidad\u00bb"},"content":{"rendered":"\n<p>\u00a013 de octubre de 2025\u00a0 <a href=\"https:\/\/adn.celam.org\/author\/ecomunicaciones\/\">Paola Calder\u00f3n G\u00f3mez<\/a>\u00a0 <a href=\"https:\/\/adn.celam.org\/category\/portada\/\">ADN CELAM<\/a><\/p>\n\n\n\n<figure class=\"wp-block-image size-full\"><img fetchpriority=\"high\" decoding=\"async\" width=\"958\" height=\"719\" src=\"https:\/\/www.focolaresciudadnueva.com\/wp-content\/uploads\/2025\/10\/image-3.jpeg\" alt=\"\" class=\"wp-image-20038\" srcset=\"https:\/\/www.focolaresciudadnueva.com\/wp-content\/uploads\/2025\/10\/image-3.jpeg 958w, https:\/\/www.focolaresciudadnueva.com\/wp-content\/uploads\/2025\/10\/image-3-300x225.jpeg 300w, https:\/\/www.focolaresciudadnueva.com\/wp-content\/uploads\/2025\/10\/image-3-768x576.jpeg 768w, https:\/\/www.focolaresciudadnueva.com\/wp-content\/uploads\/2025\/10\/image-3-120x90.jpeg 120w, https:\/\/www.focolaresciudadnueva.com\/wp-content\/uploads\/2025\/10\/image-3-750x563.jpeg 750w\" sizes=\"(max-width: 958px) 100vw, 958px\" \/><\/figure>\n\n\n\n<p class=\"has-medium-font-size\"><strong><em>Rafael Luciani, director de Cebitepal el Centro Teol\u00f3gico del Celam, analiza los objetivos, caracter\u00edsticas y expectativas del Proyecto Together, una propuesta formativa que busca aportar a la implementaci\u00f3n de la tercera fase del s\u00ednodo, profundizando en el contenido del documento final y destacando las experiencias que apropian la sinodalidad como una forma de ser y quehacer en la Iglesia.<\/em><\/strong><\/p>\n\n\n\n<h2 class=\"wp-block-heading\"><strong>\u00bfC\u00f3mo nace el Proyecto Together?<\/strong><\/h2>\n\n\n\n<p class=\"has-medium-font-size\">La idea nace del documento final del S\u00ednodo y la necesidad de aportar a su recepci\u00f3n e implementaci\u00f3n en todas las iglesias del mundo. Al respecto, el Celam tiene una responsabilidad que ha venido asumiendo a lo largo del proceso sinodal, una experiencia que hemos vivido durante muchos a\u00f1os como instituci\u00f3n.<\/p>\n\n\n\n<p class=\"has-medium-font-size\">A la luz de este camino, nace el proyecto Together que articula una serie de instituciones e iniciativas que est\u00e1n trabajando en torno a la sinodalidad. Este trabajo busca proyectarlas, divulgarlas y que muchas personas o comunidades puedan beneficiarse.<\/p>\n\n\n\n<p class=\"has-medium-font-size\">Es un proyecto que nace desde Cebitepal, el Centro Teol\u00f3gico del Celam en articulaci\u00f3n con organizaciones como la Escuela de Teolog\u00eda de la Universidad de Santa Clara de los Jesuitas en Estados Unidos, la Confederaci\u00f3n Latinoamericana y Caribe\u00f1a de Religiosos (CLAR) el Observatorio Latinoamericano de la Sinodalidad y todas las que deseen integrarse.<\/p>\n\n\n\n<p class=\"has-medium-font-size\"><strong>\u00bfCu\u00e1les son los objetivos del Proyecto Together?<\/strong><\/p>\n\n\n\n<p class=\"has-medium-font-size\">La dimensi\u00f3n pr\u00e1ctica del proyecto tiene que ver con la sinodalidad que est\u00e1 siendo practicada, vivida e impulsada en muchas iglesias locales, comunidades, en peque\u00f1os lugares del contexto panamericano; aclarando que no solo se trata de iniciativas relacionadas con la formaci\u00f3n en sinodalidad; sino en las formas que emplean las comunidades para discernir procesos en un modo sinodal y de los cuales podemos aprender.<\/p>\n\n\n\n<p class=\"has-medium-font-size\">Queremos identificar lo que se est\u00e1 viviendo y aprender entre todos, intercambiar experiencias y divulgarlas, para que la gente sepa que la Iglesia sinodal es una realidad.<\/p>\n\n\n\n<figure class=\"wp-block-image size-large\"><img decoding=\"async\" width=\"1024\" height=\"768\" src=\"https:\/\/www.focolaresciudadnueva.com\/wp-content\/uploads\/2025\/10\/image-6-1024x768.jpeg\" alt=\"\" class=\"wp-image-20040\" srcset=\"https:\/\/www.focolaresciudadnueva.com\/wp-content\/uploads\/2025\/10\/image-6-1024x768.jpeg 1024w, https:\/\/www.focolaresciudadnueva.com\/wp-content\/uploads\/2025\/10\/image-6-300x225.jpeg 300w, https:\/\/www.focolaresciudadnueva.com\/wp-content\/uploads\/2025\/10\/image-6-768x576.jpeg 768w, https:\/\/www.focolaresciudadnueva.com\/wp-content\/uploads\/2025\/10\/image-6-120x90.jpeg 120w, https:\/\/www.focolaresciudadnueva.com\/wp-content\/uploads\/2025\/10\/image-6-750x563.jpeg 750w, https:\/\/www.focolaresciudadnueva.com\/wp-content\/uploads\/2025\/10\/image-6-1140x855.jpeg 1140w, https:\/\/www.focolaresciudadnueva.com\/wp-content\/uploads\/2025\/10\/image-6.jpeg 1200w\" sizes=\"(max-width: 1024px) 100vw, 1024px\" \/><\/figure>\n\n\n\n<h3 class=\"wp-block-heading\">Un ecosistema sinodal<\/h3>\n\n\n\n<p class=\"has-medium-font-size\"><strong>\u00bfPor qu\u00e9 se pens\u00f3 en un MOOC (Massive Open Online Courses), para implementar el Proyecto Together?<\/strong><\/p>\n\n\n\n<p class=\"has-medium-font-size\">La intenci\u00f3n es llegar a la mayor cantidad de personas para que conozcan el significado de la sinodalidad y sus implicaciones en el proceso de cambio, conversi\u00f3n y reforma que vive la Iglesia.<\/p>\n\n\n\n<p class=\"has-medium-font-size\">Es una experiencia gratuita. Cualquier persona, en cualquier lugar, comunidad o instituci\u00f3n, tendr\u00e1 acceso a lo que se publique en esta plataforma o ecosistema sinodal de car\u00e1cter panamericano. Para lograrlo, estar\u00e1 disponible en varios idiomas, porque no solo se trata de llegar a los hispanohablantes, sino a quienes hablan portugu\u00e9s e ingl\u00e9s.<\/p>\n\n\n\n<p class=\"has-medium-font-size\">Hacia el futuro la idea es integrar idiomas, como el franc\u00e9s y el italiano; porque es un proceso para toda la iglesia y eso implica superar cualquier frontera geogr\u00e1fica o ling\u00fc\u00edstica. El uso de diferentes idiomas es importante cuando pensamos en un proyecto de alcance global, porque la iglesia es global.<\/p>\n\n\n\n<p class=\"has-medium-font-size\"><strong>\u00bfC\u00f3mo inscribirse en el proyecto Together?&nbsp;&nbsp;<\/strong><\/p>\n\n\n\n<p class=\"has-medium-font-size\">Ingresando a <a href=\"http:\/\/www.celam.org\/\">www.celam.org<\/a> encontrar\u00e1n el enlace que los llevar\u00e1 al Proyecto Together. All\u00ed aparece toda la informaci\u00f3n ya sea cuando se est\u00e9 ofreciendo un curso, presentando una iniciativa o articulando un proyecto con alguna instituci\u00f3n; adem\u00e1s de los diferentes recursos que se publicar\u00e1n a trav\u00e9s de la plataforma.<\/p>\n\n\n\n<p class=\"has-medium-font-size\">Por ejemplo, si el Celam public\u00f3 la versi\u00f3n popular del libro \u201cPistas del S\u00ednodo\u201d, este es un recurso para trabajar con las comunidades; entonces estar\u00e1 disponible para su libre descarga en la plataforma. Proyectos similares en su extensi\u00f3n han alcanzado m\u00e1s de 30 mil personas matriculadas.<\/p>\n\n\n\n<p class=\"has-medium-font-size\">Hemos dise\u00f1ado este proyecto con esa finalidad. Una propuesta abierta frente al n\u00famero de personas que puedan incorporarse, no hay un l\u00edmite, porque es una plataforma masiva y multiling\u00fce, acorde con las necesidades de los estudiantes de este tiempo.<\/p>\n\n\n\n<p class=\"has-medium-font-size\">Esperamos que al ser gratuito y asincr\u00f3nico se inscriba el mayor n\u00famero de personas. No es un curso que comienza un d\u00eda y termina en otro o requiera de una evaluaci\u00f3n, sino que se ofrecen una serie de videos y materiales en la plataforma despu\u00e9s de inscribirse.<\/p>\n\n\n\n<figure class=\"wp-block-image size-large\"><img decoding=\"async\" width=\"1024\" height=\"597\" src=\"https:\/\/www.focolaresciudadnueva.com\/wp-content\/uploads\/2025\/10\/image-5-1024x597.jpeg\" alt=\"\" class=\"wp-image-20039\" srcset=\"https:\/\/www.focolaresciudadnueva.com\/wp-content\/uploads\/2025\/10\/image-5-1024x597.jpeg 1024w, https:\/\/www.focolaresciudadnueva.com\/wp-content\/uploads\/2025\/10\/image-5-300x175.jpeg 300w, https:\/\/www.focolaresciudadnueva.com\/wp-content\/uploads\/2025\/10\/image-5-768x448.jpeg 768w, https:\/\/www.focolaresciudadnueva.com\/wp-content\/uploads\/2025\/10\/image-5-154x90.jpeg 154w, https:\/\/www.focolaresciudadnueva.com\/wp-content\/uploads\/2025\/10\/image-5-750x438.jpeg 750w, https:\/\/www.focolaresciudadnueva.com\/wp-content\/uploads\/2025\/10\/image-5-1140x665.jpeg 1140w, https:\/\/www.focolaresciudadnueva.com\/wp-content\/uploads\/2025\/10\/image-5.jpeg 1200w\" sizes=\"(max-width: 1024px) 100vw, 1024px\" \/><\/figure>\n\n\n\n<h3 class=\"wp-block-heading\">Recursos para compartir<\/h3>\n\n\n\n<p class=\"has-medium-font-size\"><strong>\u00bfCu\u00e1les son los requisitos para participar?<\/strong><\/p>\n\n\n\n<p class=\"has-medium-font-size\">Solo se requiere de voluntad. Querer entrar en esta din\u00e1mica de la sinodalidad, explorar desde su propia curiosidad lo que significa este proceso para la Iglesia o quiz\u00e1s las personas que pertenecen a una comunidad y est\u00e1n trabajando el tema pueden encontrar materiales o recursos para enriquecer su formaci\u00f3n.<\/p>\n\n\n\n<p class=\"has-medium-font-size\">Estos videos fueron hechos por personas con experiencia en procesos sinodales ya sea porque participaron en el S\u00ednodo, como miembros del equipo de te\u00f3logos o estuvieron presentes en el s\u00ednodo italiano o el camino sinodal de Alemania.<\/p>\n\n\n\n<p><strong>\u00bfQui\u00e9nes integrar\u00e1n el grupo de tutores o maestros del proyecto Together?<\/strong><\/p>\n\n\n\n<p class=\"has-medium-font-size\">Tenemos muchas personas que nos acompa\u00f1ar\u00e1n. Entre ellas las canonistas Carmen Pe\u00f1a, actual presidenta de la Asociaci\u00f3n de canonistas de Espa\u00f1a y miembro de la Comisi\u00f3n Teol\u00f3gica de la Secretar\u00eda del S\u00ednodo y Myriam Wijlens, experta en el S\u00ednodo, de Am\u00e9rica Latina est\u00e1n los pastoralistas Carolina Bacher de Argentina, que reflexionar\u00e1 sobre los consejos pastorales y Ernesto Palafox de M\u00e9xico que analizar\u00e1 partes espec\u00edficas del documento.<\/p>\n\n\n\n<p class=\"has-medium-font-size\">Igualmente estar\u00e1n presentes los cardenales Mario Grech y Jean Claude Hollerich, monse\u00f1or Luis Mar\u00edn de San Mart\u00edn, la Hna. Natalie Nathalie Becquart, Giacomo Costa y monse\u00f1or Riccardo Battocchio, todos miembros del S\u00ednodo, desde diferentes roles.<\/p>\n\n\n\n<p class=\"has-medium-font-size\">El Celam estar\u00e1 representado por monse\u00f1or Lizardo Estrada, secretario general y desde la CLAR el padre Jos\u00e9 Luis Loyola, actual presidente del organismo. Adem\u00e1s, contaremos con el te\u00f3logo africano Agbonkhianmeghe Orobator SJ, Decano de la escuela de los jesuitas de teolog\u00eda en Berkeley y muchas otros especialistas en el documento que participaron en su redacci\u00f3n y no solo ofrecer\u00e1n algo te\u00f3rico sino una experiencia sobre su implementaci\u00f3n.<\/p>\n\n\n\n<figure class=\"wp-block-image size-full\"><img loading=\"lazy\" decoding=\"async\" width=\"948\" height=\"572\" src=\"https:\/\/www.focolaresciudadnueva.com\/wp-content\/uploads\/2025\/10\/image-4.jpeg\" alt=\"\" class=\"wp-image-20037\" srcset=\"https:\/\/www.focolaresciudadnueva.com\/wp-content\/uploads\/2025\/10\/image-4.jpeg 948w, https:\/\/www.focolaresciudadnueva.com\/wp-content\/uploads\/2025\/10\/image-4-300x181.jpeg 300w, https:\/\/www.focolaresciudadnueva.com\/wp-content\/uploads\/2025\/10\/image-4-768x463.jpeg 768w, https:\/\/www.focolaresciudadnueva.com\/wp-content\/uploads\/2025\/10\/image-4-149x90.jpeg 149w, https:\/\/www.focolaresciudadnueva.com\/wp-content\/uploads\/2025\/10\/image-4-750x453.jpeg 750w\" sizes=\"(max-width: 948px) 100vw, 948px\" \/><\/figure>\n\n\n\n<h3 class=\"wp-block-heading\">Acceso libre al conocimiento<\/h3>\n\n\n\n<p class=\"has-medium-font-size\"><strong>\u00bfLos inscritos recibir\u00e1n alg\u00fan documento por su participaci\u00f3n?<\/strong><\/p>\n\n\n\n<p class=\"has-medium-font-size\">S\u00ed, un certificado que los habilita para mostrar su participaci\u00f3n en el curso, esto no implica una evaluaci\u00f3n o la presentaci\u00f3n de un trabajo. Al ver un video puedo continuar con otro nivel y al completar el proceso con los t\u00f3picos m\u00e1s relevantes del documento final del S\u00ednodo, se habilita la descarga del documento desde la plataforma.<\/p>\n\n\n\n<p class=\"has-medium-font-size\"><strong>\u00bfQu\u00e9 ofrecen la plataformas multiling\u00fces al Proyecto Together?<\/strong><\/p>\n\n\n\n<p class=\"has-medium-font-size\">El acceso libre al conocimiento porque de otra manera tendr\u00eda que pagarse a una instituci\u00f3n acad\u00e9mica o pastoral; porque las personas que participar\u00e1n trabajan y ense\u00f1an en universidades o institutos pastorales y generalmente para escucharlos debo inscribirme en un curso formal y eso implica una inversi\u00f3n econ\u00f3mica.<\/p>\n\n\n\n<p class=\"has-medium-font-size\">En esta plataforma tenemos esos mismos contenidos, pero de manera libre para cualquier persona. Es un material que siempre estar\u00e1 disponible como un recurso para la formaci\u00f3n y el trabajo con las comunidades.<\/p>\n\n\n\n<p class=\"has-medium-font-size\"><strong>\u00bfC\u00f3mo invitar a las personas a que se inscriban?<\/strong><\/p>\n\n\n\n<p class=\"has-medium-font-size\">Creo que el momento que estamos viviendo en la iglesia es muy rico, pero tambi\u00e9n nos coloca en el rol de la corresponsabilidad. Queremos ofrecer estos contenidos para saber m\u00e1s sobre la sinodalidad.<\/p>\n\n\n\n<p class=\"has-medium-font-size\">No importa si no hemos participado en ninguna etapa del proceso o estuvimos en todas, nos une el documento final del S\u00ednodo que iluminar\u00e1 un camino de 3 a\u00f1os hasta que lleguemos al 2028 y se realice la Asamblea Eclesial Mundial en Roma.<\/p>\n\n\n\n<figure class=\"wp-block-image size-full is-resized\"><img loading=\"lazy\" decoding=\"async\" width=\"274\" height=\"184\" src=\"https:\/\/www.focolaresciudadnueva.com\/wp-content\/uploads\/2025\/10\/image-25.png\" alt=\"\" class=\"wp-image-20041\" style=\"width:899px;height:auto\" srcset=\"https:\/\/www.focolaresciudadnueva.com\/wp-content\/uploads\/2025\/10\/image-25.png 274w, https:\/\/www.focolaresciudadnueva.com\/wp-content\/uploads\/2025\/10\/image-25-134x90.png 134w\" sizes=\"(max-width: 274px) 100vw, 274px\" \/><\/figure>\n","protected":false},"excerpt":{"rendered":"<p>\u00a013 de octubre de 2025\u00a0 Paola Calder\u00f3n G\u00f3mez\u00a0 ADN CELAM Rafael Luciani, director de Cebitepal el Centro Teol\u00f3gico del Celam, analiza los objetivos, caracter\u00edsticas y expectativas del Proyecto Together, una propuesta formativa que busca aportar a la implementaci\u00f3n de la tercera fase del s\u00ednodo, profundizando en el contenido del documento final y destacando las experiencias que apropian la sinodalidad como una forma de ser y &hellip; <a href=\"https:\/\/www.focolaresciudadnueva.com\/inicio\/rafael-luciani-y-el-proyecto-together-queremos-llegar-a-muchas-personas-para-que-conozcan-la-sinodalidad\/\" class=\"more-link\">Continue reading <span class=\"screen-reader-text\">Rafael Luciani y el Proyecto Together: \u00abQueremos llegar a muchas personas para que conozcan la sinodalidad\u00bb<\/span><\/a><\/p>\n","protected":false},"author":4,"featured_media":20041,"comment_status":"open","ping_status":"closed","sticky":false,"template":"","format":"standard","meta":{"footnotes":""},"categories":[63],"tags":[],"class_list":["post-20036","post","type-post","status-publish","format-standard","has-post-thumbnail","hentry","category-iglesia"],"wpmagazine_modules_lite_featured_media_urls":{"thumbnail":["https:\/\/www.focolaresciudadnueva.com\/wp-content\/uploads\/2025\/10\/image-25-150x150.png",150,150,true],"cvmm-medium":["https:\/\/www.focolaresciudadnueva.com\/wp-content\/uploads\/2025\/10\/image-25.png",274,184,false],"cvmm-medium-plus":["https:\/\/www.focolaresciudadnueva.com\/wp-content\/uploads\/2025\/10\/image-25.png",274,184,false],"cvmm-portrait":["https:\/\/www.focolaresciudadnueva.com\/wp-content\/uploads\/2025\/10\/image-25.png",274,184,false],"cvmm-medium-square":["https:\/\/www.focolaresciudadnueva.com\/wp-content\/uploads\/2025\/10\/image-25.png",274,184,false],"cvmm-large":["https:\/\/www.focolaresciudadnueva.com\/wp-content\/uploads\/2025\/10\/image-25.png",274,184,false],"cvmm-small":["https:\/\/www.focolaresciudadnueva.com\/wp-content\/uploads\/2025\/10\/image-25-130x95.png",130,95,true],"full":["https:\/\/www.focolaresciudadnueva.com\/wp-content\/uploads\/2025\/10\/image-25.png",274,184,false]},"categories_names":{"63":{"name":"Iglesia","link":"https:\/\/www.focolaresciudadnueva.com\/inicio\/category\/iglesia\/"}},"tags_names":[],"comments_number":"0","_links":{"self":[{"href":"https:\/\/www.focolaresciudadnueva.com\/inicio\/wp-json\/wp\/v2\/posts\/20036","targetHints":{"allow":["GET"]}}],"collection":[{"href":"https:\/\/www.focolaresciudadnueva.com\/inicio\/wp-json\/wp\/v2\/posts"}],"about":[{"href":"https:\/\/www.focolaresciudadnueva.com\/inicio\/wp-json\/wp\/v2\/types\/post"}],"author":[{"embeddable":true,"href":"https:\/\/www.focolaresciudadnueva.com\/inicio\/wp-json\/wp\/v2\/users\/4"}],"replies":[{"embeddable":true,"href":"https:\/\/www.focolaresciudadnueva.com\/inicio\/wp-json\/wp\/v2\/comments?post=20036"}],"version-history":[{"count":1,"href":"https:\/\/www.focolaresciudadnueva.com\/inicio\/wp-json\/wp\/v2\/posts\/20036\/revisions"}],"predecessor-version":[{"id":20042,"href":"https:\/\/www.focolaresciudadnueva.com\/inicio\/wp-json\/wp\/v2\/posts\/20036\/revisions\/20042"}],"wp:featuredmedia":[{"embeddable":true,"href":"https:\/\/www.focolaresciudadnueva.com\/inicio\/wp-json\/wp\/v2\/media\/20041"}],"wp:attachment":[{"href":"https:\/\/www.focolaresciudadnueva.com\/inicio\/wp-json\/wp\/v2\/media?parent=20036"}],"wp:term":[{"taxonomy":"category","embeddable":true,"href":"https:\/\/www.focolaresciudadnueva.com\/inicio\/wp-json\/wp\/v2\/categories?post=20036"},{"taxonomy":"post_tag","embeddable":true,"href":"https:\/\/www.focolaresciudadnueva.com\/inicio\/wp-json\/wp\/v2\/tags?post=20036"}],"curies":[{"name":"wp","href":"https:\/\/api.w.org\/{rel}","templated":true}]}}