{"id":20033,"date":"2025-10-14T08:14:48","date_gmt":"2025-10-14T12:14:48","guid":{"rendered":"https:\/\/www.focolaresciudadnueva.com\/inicio\/?p=20033"},"modified":"2025-10-16T09:41:44","modified_gmt":"2025-10-16T13:41:44","slug":"america-latina-en-la-geopolitica-mundial","status":"publish","type":"post","link":"https:\/\/www.focolaresciudadnueva.com\/inicio\/america-latina-en-la-geopolitica-mundial\/","title":{"rendered":"Am\u00e9rica Latina en la geopol\u00edtica mundial"},"content":{"rendered":"\n<p class=\"has-medium-font-size\"><strong><em>En los \u00faltimos a\u00f1os muchos analistas, entre los cuales cuento con colegas y amigos, han dedicado escritos a los cambios en el sistema internacional que se est\u00e1n produciendo en este siglo. Los protagonistas de estas transformaciones o ajustes son por supuesto las grandes potencias que determinan a trav\u00e9s de cambios doctrinarios econ\u00f3micos, pol\u00edticos y militares la manera en la que evoluciona (o involuciona, seg\u00fan se vea) la comunidad internacional, teniendo como tel\u00f3n de fondo el llamado Sur Global, en el cual se encuentra Latinoam\u00e9rica.<\/em><\/strong><\/p>\n\n\n\n<p class=\"has-medium-font-size\">Para ubicarnos un poco en el papel de Am\u00e9rica Latina en el mundo me vino a la mente un compendio que recoge las opiniones de 35 acad\u00e9micos y lleva por t\u00edtulo Am\u00e9rica Latina: \u00bfhay voluntad pol\u00edtica para construir un futuro diferente?, en el cual a trav\u00e9s del estudio del contexto internacional, la democracia, los temas econ\u00f3micos, los temas de seguridad, como el crimen organizado y el narcotr\u00e1fico, y, finalmente, los temas de derechos humanos y su relaci\u00f3n con la migraci\u00f3n concluye que las relaciones entre los pa\u00edses de Latinoam\u00e9rica han sido un tanto confusas, mientras que la cooperaci\u00f3n es casi nula.<\/p>\n\n\n\n<p class=\"has-medium-font-size\"><strong><em>La realidad es que Am\u00e9rica Latina y el Caribe no se entienden como una regi\u00f3n; cada pa\u00eds act\u00faa por su cuenta, no hay di\u00e1logo ni confianza ni tampoco una propuesta latinoamericana en el sistema internacional.&nbsp;<\/em><\/strong><\/p>\n\n\n\n<p class=\"has-medium-font-size\">Sin embargo, su escasa participaci\u00f3n en el escenario mundial no significa que no adquiera relevancia dentro del tablero geopol\u00edtico, especialmente a partir de la decisi\u00f3n del gobierno de Donald Trump en designar entidades narcotraficantes como terroristas en la regi\u00f3n y realizar un inusual despliegue militar en el Caribe con la intenci\u00f3n de combatirlos y llevar a sus responsables ante la justicia.<\/p>\n\n\n\n<p class=\"has-medium-font-size\">Las eventuales acciones de ese componente militar van a tener una repercusi\u00f3n importante para la definici\u00f3n geopol\u00edtica puesto que intereses extra continentales como los de China, Rusia e Ir\u00e1n van a ser afectados de alguna manera, incluso radical, al ser neutralizados si avanza una reedici\u00f3n de la Doctrina Monroe expresada a trav\u00e9s de la \u201cpol\u00edtica de las ca\u00f1oneras\u201d o la llamada tambi\u00e9n diplomacia de la fuerza por parte de los Estados Unidos.<\/p>\n\n\n\n<p class=\"has-medium-font-size\">Por lo pronto, el movimiento militar ha estado acompa\u00f1ado de una gesti\u00f3n diplom\u00e1tica en busca de apoyos en Europa, cuyos pa\u00edses han dado expresiones favorables a estas acciones con la notable e infortunada excepci\u00f3n de Espa\u00f1a, el interlocutor natural del viejo continente con Iberoam\u00e9rica. Por su parte, China y Rusia han manifestado su rechazo a la presencia militar de Estados Unidos en el Caribe solamente a trav\u00e9s de sus portavoces de gobierno, mas no de los propios mandatarios, en una actitud l\u00f3gica de cautela diplom\u00e1tica.<\/p>\n\n\n\n<p class=\"has-medium-font-size\"><strong><em>A lo interno de Latinoam\u00e9rica nos encontramos con expresiones distintas que van desde el rechazo a las acciones de Estados Unidos hasta aquellos que consienten la presencia de naves y aeronaves militares norteamericanas en su territorio.<\/em><\/strong><\/p>\n\n\n\n<p class=\"has-medium-font-size\">Hasta ahora ni en la Organizaci\u00f3n de Estados Americanos ni en la Comunidad de Estados Latinoamericanos se ha llevado a la consideraci\u00f3n este asunto. Sin ir al fondo del debate sobre el tema de la seguridad nacional de Estados Unidos, el grave problema del narcotr\u00e1fico, el terrorismo y su relacionamiento con los principios de no intervenci\u00f3n y respeto a la soberan\u00eda de los Estados, podemos considerar que la ventaja absoluta en estas circunstancias est\u00e1 de parte de la administraci\u00f3n Trump.<\/p>\n\n\n\n<p class=\"has-medium-font-size\">Una intervenci\u00f3n decidida de Estados Unidos, similar al reciente desplazamiento de China del control de \u00e1reas vitales del Canal de Panam\u00e1, va a generar tensiones geopol\u00edticas importantes en el marco de las disputas globales que mantienen las tres grandes potencias en el escenario internacional. China no va a ceder f\u00e1cilmente en sus avances de iinfluencia pol\u00edtica y econ\u00f3mica de la franja y la ruta en Am\u00e9rica Latina, Rusia de sus acuerdos militares ni Ir\u00e1n de su expansi\u00f3n de c\u00e9lulas terroristas.No es motivo de orgullo que la regi\u00f3n sea del inter\u00e9s mundial por la deriva que ha tenido hacia Estados fallidos o forajidos. Ojal\u00e1 las consecuencias sean la de enfocarse en la promoci\u00f3n de la democracia, la buena gobernanza, el desarrollo para alinearse con los pa\u00edses pr\u00f3speros y la firme determinaci\u00f3n de la lucha contra el narcotr\u00e1fico, el terrorismo y la delincuencia transnacional, para as\u00ed ganar el sitial que nos deber\u00eda corresponder en el concierto internacional.<\/p>\n\n\n\n<p class=\"has-medium-font-size\"><em>Por William Santana<\/em><\/p>\n\n\n\n<p class=\"has-medium-font-size\"><em>Fuente https:\/\/www.elnacional.com<\/em><\/p>\n\n\n\n<figure class=\"wp-block-image size-full is-resized\"><img fetchpriority=\"high\" decoding=\"async\" width=\"429\" height=\"275\" src=\"https:\/\/www.focolaresciudadnueva.com\/wp-content\/uploads\/2025\/10\/image-24.png\" alt=\"\" class=\"wp-image-20034\" style=\"width:899px;height:auto\" srcset=\"https:\/\/www.focolaresciudadnueva.com\/wp-content\/uploads\/2025\/10\/image-24.png 429w, https:\/\/www.focolaresciudadnueva.com\/wp-content\/uploads\/2025\/10\/image-24-300x192.png 300w, https:\/\/www.focolaresciudadnueva.com\/wp-content\/uploads\/2025\/10\/image-24-140x90.png 140w\" sizes=\"(max-width: 429px) 100vw, 429px\" \/><\/figure>\n","protected":false},"excerpt":{"rendered":"<p>La realidad es que Am\u00e9rica Latina y el Caribe no se entienden como una regi\u00f3n; cada pa\u00eds act\u00faa por su cuenta, no hay di\u00e1logo ni confianza ni tampoco una propuesta latinoamericana en el sistema internacional.\u00a0 <a href=\"https:\/\/www.focolaresciudadnueva.com\/inicio\/america-latina-en-la-geopolitica-mundial\/\" class=\"more-link\">Continue reading <span class=\"screen-reader-text\">Am\u00e9rica Latina en la geopol\u00edtica mundial<\/span><\/a><\/p>\n","protected":false},"author":4,"featured_media":20034,"comment_status":"open","ping_status":"closed","sticky":false,"template":"","format":"standard","meta":{"footnotes":""},"categories":[70],"tags":[],"class_list":["post-20033","post","type-post","status-publish","format-standard","has-post-thumbnail","hentry","category-internacional"],"wpmagazine_modules_lite_featured_media_urls":{"thumbnail":["https:\/\/www.focolaresciudadnueva.com\/wp-content\/uploads\/2025\/10\/image-24-150x150.png",150,150,true],"cvmm-medium":["https:\/\/www.focolaresciudadnueva.com\/wp-content\/uploads\/2025\/10\/image-24-300x275.png",300,275,true],"cvmm-medium-plus":["https:\/\/www.focolaresciudadnueva.com\/wp-content\/uploads\/2025\/10\/image-24-305x207.png",305,207,true],"cvmm-portrait":["https:\/\/www.focolaresciudadnueva.com\/wp-content\/uploads\/2025\/10\/image-24-400x275.png",400,275,true],"cvmm-medium-square":["https:\/\/www.focolaresciudadnueva.com\/wp-content\/uploads\/2025\/10\/image-24.png",429,275,false],"cvmm-large":["https:\/\/www.focolaresciudadnueva.com\/wp-content\/uploads\/2025\/10\/image-24.png",429,275,false],"cvmm-small":["https:\/\/www.focolaresciudadnueva.com\/wp-content\/uploads\/2025\/10\/image-24-130x95.png",130,95,true],"full":["https:\/\/www.focolaresciudadnueva.com\/wp-content\/uploads\/2025\/10\/image-24.png",429,275,false]},"categories_names":{"70":{"name":"Internacional","link":"https:\/\/www.focolaresciudadnueva.com\/inicio\/category\/internacional\/"}},"tags_names":[],"comments_number":"0","_links":{"self":[{"href":"https:\/\/www.focolaresciudadnueva.com\/inicio\/wp-json\/wp\/v2\/posts\/20033","targetHints":{"allow":["GET"]}}],"collection":[{"href":"https:\/\/www.focolaresciudadnueva.com\/inicio\/wp-json\/wp\/v2\/posts"}],"about":[{"href":"https:\/\/www.focolaresciudadnueva.com\/inicio\/wp-json\/wp\/v2\/types\/post"}],"author":[{"embeddable":true,"href":"https:\/\/www.focolaresciudadnueva.com\/inicio\/wp-json\/wp\/v2\/users\/4"}],"replies":[{"embeddable":true,"href":"https:\/\/www.focolaresciudadnueva.com\/inicio\/wp-json\/wp\/v2\/comments?post=20033"}],"version-history":[{"count":1,"href":"https:\/\/www.focolaresciudadnueva.com\/inicio\/wp-json\/wp\/v2\/posts\/20033\/revisions"}],"predecessor-version":[{"id":20035,"href":"https:\/\/www.focolaresciudadnueva.com\/inicio\/wp-json\/wp\/v2\/posts\/20033\/revisions\/20035"}],"wp:featuredmedia":[{"embeddable":true,"href":"https:\/\/www.focolaresciudadnueva.com\/inicio\/wp-json\/wp\/v2\/media\/20034"}],"wp:attachment":[{"href":"https:\/\/www.focolaresciudadnueva.com\/inicio\/wp-json\/wp\/v2\/media?parent=20033"}],"wp:term":[{"taxonomy":"category","embeddable":true,"href":"https:\/\/www.focolaresciudadnueva.com\/inicio\/wp-json\/wp\/v2\/categories?post=20033"},{"taxonomy":"post_tag","embeddable":true,"href":"https:\/\/www.focolaresciudadnueva.com\/inicio\/wp-json\/wp\/v2\/tags?post=20033"}],"curies":[{"name":"wp","href":"https:\/\/api.w.org\/{rel}","templated":true}]}}