{"id":19259,"date":"2025-08-13T16:53:58","date_gmt":"2025-08-13T20:53:58","guid":{"rendered":"https:\/\/www.focolaresciudadnueva.com\/inicio\/?p=19259"},"modified":"2025-08-15T13:52:14","modified_gmt":"2025-08-15T17:52:14","slug":"colombia-mppu-hace-un-llamado-profundo-por-la-paz-la-fraternidad-y-el-dialogo","status":"publish","type":"post","link":"https:\/\/www.focolaresciudadnueva.com\/inicio\/colombia-mppu-hace-un-llamado-profundo-por-la-paz-la-fraternidad-y-el-dialogo\/","title":{"rendered":"Colombia: MPPU hace un llamado profundo por la Paz, la fraternidad y el di\u00e1logo.\u00a0"},"content":{"rendered":"\n<p class=\"has-medium-font-size\"><strong><em>Ante el atentado y fallecimiento del precandidato presidencial Miguel Uribe Turbay, en medio de la polarizaci\u00f3n y la incertidumbre que se palpa en la opini\u00f3n p\u00fablica nacional, el MPPU Colombia, animado por su vocaci\u00f3n de promover el di\u00e1logo y la fraternidad hace el siguiente llamado:\u00a0<\/em><\/strong><\/p>\n\n\n\n<p class=\"has-medium-font-size\">Desde el Movimiento Pol\u00edticos por la Unidad en Colombia, hacemos un llamado profundo: Paz, fraternidad y di\u00e1logo<\/p>\n\n\n\n<p class=\"has-medium-font-size\">En un pa\u00eds marcado por la violencia, la mejor forma de honrar a quienes ya no est\u00e1n es seguir caminando hacia un futuro libre de miedo.<\/p>\n\n\n\n<p class=\"has-medium-font-size\">La vida est\u00e1 por encima de cualquier ideolog\u00eda y el amor por encima de toda diferencia.<\/p>\n\n\n\n<p class=\"has-medium-font-size\">Hoy m\u00e1s que nunca necesitamos cuidar nuestras palabras, respetar la diferencia y dialogar con profundo respeto, incluso con quienes piensan distinto. Rechazamos los discursos que dividen y abrazamos la esperanza de sanar nuestras heridas para construir un pa\u00eds que cree en la reconciliaci\u00f3n y la vida.<\/p>\n\n\n\n<p class=\"has-medium-font-size\">La Paz se construye d\u00eda a d\u00eda, palabra a palabra, acci\u00f3n a acci\u00f3n.<br><\/p>\n","protected":false},"excerpt":{"rendered":"<p>La Paz se construye d\u00eda a d\u00eda, palabra a palabra, acci\u00f3n a acci\u00f3n.<br \/>\n <a href=\"https:\/\/www.focolaresciudadnueva.com\/inicio\/colombia-mppu-hace-un-llamado-profundo-por-la-paz-la-fraternidad-y-el-dialogo\/\" class=\"more-link\">Continue reading <span class=\"screen-reader-text\">Colombia: MPPU hace un llamado profundo por la Paz, la fraternidad y el di\u00e1logo.\u00a0<\/span><\/a><\/p>\n","protected":false},"author":4,"featured_media":19260,"comment_status":"closed","ping_status":"closed","sticky":false,"template":"","format":"standard","meta":{"footnotes":""},"categories":[71,60,130],"tags":[],"class_list":["post-19259","post","type-post","status-publish","format-standard","has-post-thumbnail","hentry","category-colombia","category-dialogos-en-la-cultura","category-mppu-dialogos-en-la-cultura"],"wpmagazine_modules_lite_featured_media_urls":{"thumbnail":["https:\/\/www.focolaresciudadnueva.com\/wp-content\/uploads\/2025\/08\/MPPU-LLAMADO-150x150.png",150,150,true],"cvmm-medium":["https:\/\/www.focolaresciudadnueva.com\/wp-content\/uploads\/2025\/08\/MPPU-LLAMADO-300x300.png",300,300,true],"cvmm-medium-plus":["https:\/\/www.focolaresciudadnueva.com\/wp-content\/uploads\/2025\/08\/MPPU-LLAMADO-305x207.png",305,207,true],"cvmm-portrait":["https:\/\/www.focolaresciudadnueva.com\/wp-content\/uploads\/2025\/08\/MPPU-LLAMADO-400x600.png",400,600,true],"cvmm-medium-square":["https:\/\/www.focolaresciudadnueva.com\/wp-content\/uploads\/2025\/08\/MPPU-LLAMADO.png",595,600,false],"cvmm-large":["https:\/\/www.focolaresciudadnueva.com\/wp-content\/uploads\/2025\/08\/MPPU-LLAMADO.png",742,748,false],"cvmm-small":["https:\/\/www.focolaresciudadnueva.com\/wp-content\/uploads\/2025\/08\/MPPU-LLAMADO.png",94,95,false],"full":["https:\/\/www.focolaresciudadnueva.com\/wp-content\/uploads\/2025\/08\/MPPU-LLAMADO.png",742,748,false]},"categories_names":{"71":{"name":"Colombia","link":"https:\/\/www.focolaresciudadnueva.com\/inicio\/category\/colombia\/"},"60":{"name":"Di\u00e1logos en la Cultura","link":"https:\/\/www.focolaresciudadnueva.com\/inicio\/category\/dialogos-en-la-cultura\/"},"130":{"name":"MPPU","link":"https:\/\/www.focolaresciudadnueva.com\/inicio\/category\/dialogos-en-la-cultura\/mppu-dialogos-en-la-cultura\/"}},"tags_names":[],"comments_number":"0","_links":{"self":[{"href":"https:\/\/www.focolaresciudadnueva.com\/inicio\/wp-json\/wp\/v2\/posts\/19259","targetHints":{"allow":["GET"]}}],"collection":[{"href":"https:\/\/www.focolaresciudadnueva.com\/inicio\/wp-json\/wp\/v2\/posts"}],"about":[{"href":"https:\/\/www.focolaresciudadnueva.com\/inicio\/wp-json\/wp\/v2\/types\/post"}],"author":[{"embeddable":true,"href":"https:\/\/www.focolaresciudadnueva.com\/inicio\/wp-json\/wp\/v2\/users\/4"}],"replies":[{"embeddable":true,"href":"https:\/\/www.focolaresciudadnueva.com\/inicio\/wp-json\/wp\/v2\/comments?post=19259"}],"version-history":[{"count":2,"href":"https:\/\/www.focolaresciudadnueva.com\/inicio\/wp-json\/wp\/v2\/posts\/19259\/revisions"}],"predecessor-version":[{"id":19262,"href":"https:\/\/www.focolaresciudadnueva.com\/inicio\/wp-json\/wp\/v2\/posts\/19259\/revisions\/19262"}],"wp:featuredmedia":[{"embeddable":true,"href":"https:\/\/www.focolaresciudadnueva.com\/inicio\/wp-json\/wp\/v2\/media\/19260"}],"wp:attachment":[{"href":"https:\/\/www.focolaresciudadnueva.com\/inicio\/wp-json\/wp\/v2\/media?parent=19259"}],"wp:term":[{"taxonomy":"category","embeddable":true,"href":"https:\/\/www.focolaresciudadnueva.com\/inicio\/wp-json\/wp\/v2\/categories?post=19259"},{"taxonomy":"post_tag","embeddable":true,"href":"https:\/\/www.focolaresciudadnueva.com\/inicio\/wp-json\/wp\/v2\/tags?post=19259"}],"curies":[{"name":"wp","href":"https:\/\/api.w.org\/{rel}","templated":true}]}}