{"id":19244,"date":"2025-08-13T10:23:38","date_gmt":"2025-08-13T14:23:38","guid":{"rendered":"https:\/\/www.focolaresciudadnueva.com\/inicio\/?p=19244"},"modified":"2025-08-15T10:28:29","modified_gmt":"2025-08-15T14:28:29","slug":"ecuador-camino-de-plenitud","status":"publish","type":"post","link":"https:\/\/www.focolaresciudadnueva.com\/inicio\/ecuador-camino-de-plenitud\/","title":{"rendered":"Ecuador: Camino de plenitud"},"content":{"rendered":"\n<p class=\"has-medium-font-size\">Con un grupo de 10 a 15 familias nos reunimos cada tercer domingo del mes para profundizar en un tema espec\u00edfico que aporte al crecimiento y necesidades de las familias. Se aprovecha la ocasi\u00f3n para que, simult\u00e1neamente, los adolescentes y ni\u00f1os tambi\u00e9n tengan un programa preparado para ellos, lo que favorece la participaci\u00f3n de la familia en el encuentro.<\/p>\n\n\n<div class=\"wp-block-image\">\n<figure class=\"aligncenter size-full\"><img fetchpriority=\"high\" decoding=\"async\" width=\"353\" height=\"398\" src=\"https:\/\/www.focolaresciudadnueva.com\/wp-content\/uploads\/2025\/08\/image-33.png\" alt=\"\" class=\"wp-image-19246\" srcset=\"https:\/\/www.focolaresciudadnueva.com\/wp-content\/uploads\/2025\/08\/image-33.png 353w, https:\/\/www.focolaresciudadnueva.com\/wp-content\/uploads\/2025\/08\/image-33-266x300.png 266w, https:\/\/www.focolaresciudadnueva.com\/wp-content\/uploads\/2025\/08\/image-33-80x90.png 80w\" sizes=\"(max-width: 353px) 100vw, 353px\" \/><\/figure>\n<\/div>\n\n\n<p class=\"has-medium-font-size\">Generalmente comenzamos con la Eucarist\u00eda del domingo, continuamos con un desayuno: caf\u00e9, pan, huevos, etc., todo preparado con mucho amor.<\/p>\n\n\n\n<p class=\"has-medium-font-size\">Luego la charla, que esta vez focaliz\u00f3 los valores, los principios y creencias en nuestras familias.<\/p>\n\n\n\n<p class=\"has-medium-font-size\">No olvidemos que de nuestras creencias surgen nuestros pensamientos y de nuestros pensamientos nacen nuestros comportamientos y nuestras acciones, raz\u00f3n por la cual, surgi\u00f3 en nosotros el deseo de rescatar los valores en nuestras familias, y para ello, cada familia reflexion\u00f3 qu\u00e9 valor era el que m\u00e1s necesitaba, \u00bfcu\u00e1l deb\u00edan fortalecer: la humildad? \u00bfLa generosidad?, \u00bfLa responsabilidad? \u00bfLa resiliencia? \u00bfLa perseverancia? En fin, ir en profundidad.<\/p>\n\n\n<div class=\"wp-block-image\">\n<figure class=\"aligncenter size-full\"><img decoding=\"async\" width=\"304\" height=\"269\" src=\"https:\/\/www.focolaresciudadnueva.com\/wp-content\/uploads\/2025\/08\/image-35.png\" alt=\"\" class=\"wp-image-19248\" srcset=\"https:\/\/www.focolaresciudadnueva.com\/wp-content\/uploads\/2025\/08\/image-35.png 304w, https:\/\/www.focolaresciudadnueva.com\/wp-content\/uploads\/2025\/08\/image-35-300x265.png 300w, https:\/\/www.focolaresciudadnueva.com\/wp-content\/uploads\/2025\/08\/image-35-102x90.png 102w\" sizes=\"(max-width: 304px) 100vw, 304px\" \/><\/figure>\n<\/div>\n\n\n<p class=\"has-medium-font-size\">Todo esto se gener\u00f3 al conocer la figura de Mar\u00eda como el modelo de mujer que vivi\u00f3 en plenitud los valores en su familia. De hecho, nuestra charla se titulaba: \u00abUn camino de plenitud\u00bb.<\/p>\n\n\n\n<p class=\"has-medium-font-size\">Enriquecedoras las apreciaciones y la comuni\u00f3n que se suscit\u00f3 en todos el detenerse como familia plantearse este tema. Fue bello ver c\u00f3mo nuestros j\u00f3venes participaron a la vida de las familias. Todos crecimos en principios y valores.<\/p>\n\n\n\n<p class=\"has-medium-font-size\">Tambi\u00e9n se aprovech\u00f3 la ocasi\u00f3n para festejar a los pap\u00e1s en su d\u00eda, con un rico pastel. \u00a1Constatamos, una vez m\u00e1s, que s\u00f3lo el amor da sabor a este compartir en familia!<\/p>\n\n\n\n<p class=\"has-medium-font-size\"><em>Por Francisco Arismendi- Ecuador<\/em><\/p>\n\n\n\n<figure class=\"wp-block-image size-full is-resized\"><img decoding=\"async\" width=\"521\" height=\"293\" src=\"https:\/\/www.focolaresciudadnueva.com\/wp-content\/uploads\/2025\/08\/image-34.png\" alt=\"\" class=\"wp-image-19247\" style=\"width:899px;height:auto\" srcset=\"https:\/\/www.focolaresciudadnueva.com\/wp-content\/uploads\/2025\/08\/image-34.png 521w, https:\/\/www.focolaresciudadnueva.com\/wp-content\/uploads\/2025\/08\/image-34-300x169.png 300w, https:\/\/www.focolaresciudadnueva.com\/wp-content\/uploads\/2025\/08\/image-34-160x90.png 160w\" sizes=\"(max-width: 521px) 100vw, 521px\" \/><\/figure>\n","protected":false},"excerpt":{"rendered":"<p>En Ecuador la comunidad se re\u00fane y profundiza en su relaci\u00f3n personal, familiar y social.  <a href=\"https:\/\/www.focolaresciudadnueva.com\/inicio\/ecuador-camino-de-plenitud\/\" class=\"more-link\">Continue reading <span class=\"screen-reader-text\">Ecuador: Camino de plenitud<\/span><\/a><\/p>\n","protected":false},"author":4,"featured_media":19247,"comment_status":"closed","ping_status":"closed","sticky":false,"template":"","format":"standard","meta":{"footnotes":""},"categories":[111,67],"tags":[],"class_list":["post-19244","post","type-post","status-publish","format-standard","has-post-thumbnail","hentry","category-ecuador","category-experiencias"],"wpmagazine_modules_lite_featured_media_urls":{"thumbnail":["https:\/\/www.focolaresciudadnueva.com\/wp-content\/uploads\/2025\/08\/image-34-150x150.png",150,150,true],"cvmm-medium":["https:\/\/www.focolaresciudadnueva.com\/wp-content\/uploads\/2025\/08\/image-34-300x293.png",300,293,true],"cvmm-medium-plus":["https:\/\/www.focolaresciudadnueva.com\/wp-content\/uploads\/2025\/08\/image-34-305x207.png",305,207,true],"cvmm-portrait":["https:\/\/www.focolaresciudadnueva.com\/wp-content\/uploads\/2025\/08\/image-34-400x293.png",400,293,true],"cvmm-medium-square":["https:\/\/www.focolaresciudadnueva.com\/wp-content\/uploads\/2025\/08\/image-34.png",521,293,false],"cvmm-large":["https:\/\/www.focolaresciudadnueva.com\/wp-content\/uploads\/2025\/08\/image-34.png",521,293,false],"cvmm-small":["https:\/\/www.focolaresciudadnueva.com\/wp-content\/uploads\/2025\/08\/image-34-130x95.png",130,95,true],"full":["https:\/\/www.focolaresciudadnueva.com\/wp-content\/uploads\/2025\/08\/image-34.png",521,293,false]},"categories_names":{"111":{"name":"Ecuador","link":"https:\/\/www.focolaresciudadnueva.com\/inicio\/category\/ecuador\/"},"67":{"name":"Experiencias","link":"https:\/\/www.focolaresciudadnueva.com\/inicio\/category\/experiencias\/"}},"tags_names":[],"comments_number":"0","_links":{"self":[{"href":"https:\/\/www.focolaresciudadnueva.com\/inicio\/wp-json\/wp\/v2\/posts\/19244","targetHints":{"allow":["GET"]}}],"collection":[{"href":"https:\/\/www.focolaresciudadnueva.com\/inicio\/wp-json\/wp\/v2\/posts"}],"about":[{"href":"https:\/\/www.focolaresciudadnueva.com\/inicio\/wp-json\/wp\/v2\/types\/post"}],"author":[{"embeddable":true,"href":"https:\/\/www.focolaresciudadnueva.com\/inicio\/wp-json\/wp\/v2\/users\/4"}],"replies":[{"embeddable":true,"href":"https:\/\/www.focolaresciudadnueva.com\/inicio\/wp-json\/wp\/v2\/comments?post=19244"}],"version-history":[{"count":2,"href":"https:\/\/www.focolaresciudadnueva.com\/inicio\/wp-json\/wp\/v2\/posts\/19244\/revisions"}],"predecessor-version":[{"id":19250,"href":"https:\/\/www.focolaresciudadnueva.com\/inicio\/wp-json\/wp\/v2\/posts\/19244\/revisions\/19250"}],"wp:featuredmedia":[{"embeddable":true,"href":"https:\/\/www.focolaresciudadnueva.com\/inicio\/wp-json\/wp\/v2\/media\/19247"}],"wp:attachment":[{"href":"https:\/\/www.focolaresciudadnueva.com\/inicio\/wp-json\/wp\/v2\/media?parent=19244"}],"wp:term":[{"taxonomy":"category","embeddable":true,"href":"https:\/\/www.focolaresciudadnueva.com\/inicio\/wp-json\/wp\/v2\/categories?post=19244"},{"taxonomy":"post_tag","embeddable":true,"href":"https:\/\/www.focolaresciudadnueva.com\/inicio\/wp-json\/wp\/v2\/tags?post=19244"}],"curies":[{"name":"wp","href":"https:\/\/api.w.org\/{rel}","templated":true}]}}