{"id":18983,"date":"2025-07-29T08:00:00","date_gmt":"2025-07-29T12:00:00","guid":{"rendered":"https:\/\/www.focolaresciudadnueva.com\/inicio\/?p=18983"},"modified":"2025-07-31T13:21:32","modified_gmt":"2025-07-31T17:21:32","slug":"cuba-que-todos-sean-uno-jn-17-20-23","status":"publish","type":"post","link":"https:\/\/www.focolaresciudadnueva.com\/inicio\/cuba-que-todos-sean-uno-jn-17-20-23\/","title":{"rendered":"Cuba: \u00a1Que todos sean uno!\u00a0 (Jn 17; 20-23)"},"content":{"rendered":"\n<p class=\"has-medium-font-size\"><strong><em>Bajo este hermoso precepto, la familia Focolar ha vivido unos d\u00edas intensos y llenos de gracia.&nbsp;<\/em><\/strong><\/p>\n\n\n\n<figure class=\"wp-block-image size-full\"><img fetchpriority=\"high\" decoding=\"async\" width=\"1024\" height=\"1024\" src=\"https:\/\/www.focolaresciudadnueva.com\/wp-content\/uploads\/2025\/07\/image-80.png\" alt=\"\" class=\"wp-image-18984\" srcset=\"https:\/\/www.focolaresciudadnueva.com\/wp-content\/uploads\/2025\/07\/image-80.png 1024w, https:\/\/www.focolaresciudadnueva.com\/wp-content\/uploads\/2025\/07\/image-80-300x300.png 300w, https:\/\/www.focolaresciudadnueva.com\/wp-content\/uploads\/2025\/07\/image-80-150x150.png 150w, https:\/\/www.focolaresciudadnueva.com\/wp-content\/uploads\/2025\/07\/image-80-768x768.png 768w, https:\/\/www.focolaresciudadnueva.com\/wp-content\/uploads\/2025\/07\/image-80-600x600.png 600w, https:\/\/www.focolaresciudadnueva.com\/wp-content\/uploads\/2025\/07\/image-80-90x90.png 90w, https:\/\/www.focolaresciudadnueva.com\/wp-content\/uploads\/2025\/07\/image-80-370x370.png 370w, https:\/\/www.focolaresciudadnueva.com\/wp-content\/uploads\/2025\/07\/image-80-750x750.png 750w\" sizes=\"(max-width: 1024px) 100vw, 1024px\" \/><\/figure>\n\n\n\n<p class=\"has-medium-font-size\">El pasado 18 de julio, llegaron a nuestra ciudad tres focolarinas: F\u00e1tima, Roc\u00edo y Lili,&nbsp; adem\u00e1s de Mayt\u00e9 de Lajas Cienfuegos y Carmencita de Banes. Y todas juntas&nbsp; trajeron consigo una maleta cargada de alegr\u00eda, encuentros y emociones profundas.&nbsp; Su misi\u00f3n: vivir la proximidad con cada miembro del Movimiento de los Focolares y con todas las personas que llegaran a su encuentro.<\/p>\n\n\n\n<figure class=\"wp-block-image size-full\"><img decoding=\"async\" width=\"1024\" height=\"1024\" src=\"https:\/\/www.focolaresciudadnueva.com\/wp-content\/uploads\/2025\/07\/image-81.png\" alt=\"\" class=\"wp-image-18985\" srcset=\"https:\/\/www.focolaresciudadnueva.com\/wp-content\/uploads\/2025\/07\/image-81.png 1024w, https:\/\/www.focolaresciudadnueva.com\/wp-content\/uploads\/2025\/07\/image-81-300x300.png 300w, https:\/\/www.focolaresciudadnueva.com\/wp-content\/uploads\/2025\/07\/image-81-150x150.png 150w, https:\/\/www.focolaresciudadnueva.com\/wp-content\/uploads\/2025\/07\/image-81-768x768.png 768w, https:\/\/www.focolaresciudadnueva.com\/wp-content\/uploads\/2025\/07\/image-81-600x600.png 600w, https:\/\/www.focolaresciudadnueva.com\/wp-content\/uploads\/2025\/07\/image-81-90x90.png 90w, https:\/\/www.focolaresciudadnueva.com\/wp-content\/uploads\/2025\/07\/image-81-370x370.png 370w, https:\/\/www.focolaresciudadnueva.com\/wp-content\/uploads\/2025\/07\/image-81-750x750.png 750w\" sizes=\"(max-width: 1024px) 100vw, 1024px\" \/><\/figure>\n\n\n\n<p class=\"has-medium-font-size\">Todo comenz\u00f3 con una visita a los hermanos de Nuestra Se\u00f1ora del Rosario en Palma Soriano, ese abrazo necesario que renueva los lazos de comuni\u00f3n y fe.&nbsp;<\/p>\n\n\n\n<figure class=\"wp-block-image size-full\"><img decoding=\"async\" width=\"1024\" height=\"1024\" src=\"https:\/\/www.focolaresciudadnueva.com\/wp-content\/uploads\/2025\/07\/image-82.png\" alt=\"\" class=\"wp-image-18986\" srcset=\"https:\/\/www.focolaresciudadnueva.com\/wp-content\/uploads\/2025\/07\/image-82.png 1024w, https:\/\/www.focolaresciudadnueva.com\/wp-content\/uploads\/2025\/07\/image-82-300x300.png 300w, https:\/\/www.focolaresciudadnueva.com\/wp-content\/uploads\/2025\/07\/image-82-150x150.png 150w, https:\/\/www.focolaresciudadnueva.com\/wp-content\/uploads\/2025\/07\/image-82-768x768.png 768w, https:\/\/www.focolaresciudadnueva.com\/wp-content\/uploads\/2025\/07\/image-82-600x600.png 600w, https:\/\/www.focolaresciudadnueva.com\/wp-content\/uploads\/2025\/07\/image-82-90x90.png 90w, https:\/\/www.focolaresciudadnueva.com\/wp-content\/uploads\/2025\/07\/image-82-370x370.png 370w, https:\/\/www.focolaresciudadnueva.com\/wp-content\/uploads\/2025\/07\/image-82-750x750.png 750w\" sizes=\"(max-width: 1024px) 100vw, 1024px\" \/><\/figure>\n\n\n\n<p class=\"has-medium-font-size\">No se hizo esperar la peregrinaci\u00f3n al Cobre, una tarde impregnada de historia de nuestra espiritualidad, donde revivimos los or\u00edgenes de la obra de Mar\u00eda bajo la mirada protectora de nuestra Madrecita de la Caridad.&nbsp; Modelo m\u00e1s perfecto del carisma de la unidad.<\/p>\n\n\n\n<figure class=\"wp-block-image size-full\"><img loading=\"lazy\" decoding=\"async\" width=\"1024\" height=\"1024\" src=\"https:\/\/www.focolaresciudadnueva.com\/wp-content\/uploads\/2025\/07\/image-83.png\" alt=\"\" class=\"wp-image-18987\" srcset=\"https:\/\/www.focolaresciudadnueva.com\/wp-content\/uploads\/2025\/07\/image-83.png 1024w, https:\/\/www.focolaresciudadnueva.com\/wp-content\/uploads\/2025\/07\/image-83-300x300.png 300w, https:\/\/www.focolaresciudadnueva.com\/wp-content\/uploads\/2025\/07\/image-83-150x150.png 150w, https:\/\/www.focolaresciudadnueva.com\/wp-content\/uploads\/2025\/07\/image-83-768x768.png 768w, https:\/\/www.focolaresciudadnueva.com\/wp-content\/uploads\/2025\/07\/image-83-600x600.png 600w, https:\/\/www.focolaresciudadnueva.com\/wp-content\/uploads\/2025\/07\/image-83-90x90.png 90w, https:\/\/www.focolaresciudadnueva.com\/wp-content\/uploads\/2025\/07\/image-83-370x370.png 370w, https:\/\/www.focolaresciudadnueva.com\/wp-content\/uploads\/2025\/07\/image-83-750x750.png 750w\" sizes=\"(max-width: 1024px) 100vw, 1024px\" \/><\/figure>\n\n\n\n<p class=\"has-medium-font-size\">El encuentro con adolescentes y j\u00f3venes estuvo marcado por la creatividad y la reflexi\u00f3n sobre la autoestima, inspirando corazones hacia un futuro lleno de esperanza.&nbsp;<\/p>\n\n\n\n<p class=\"has-medium-font-size\">Las Voluntarias de Dios, renovamos nuestro pacto de amor fraterno: vivir la una por la otra, con el firme prop\u00f3sito de llevar a Jes\u00fas a todos&nbsp;&nbsp;<\/p>\n\n\n\n<p class=\"has-medium-font-size\">Y, como broche de oro, celebramos un encuentro con toda la familia Focolar. Llegaron muchos nuevos, y entre historias compartidas y sue\u00f1os entrelazados, reafirmamos nuestro compromiso de seguir construyendo un ideal de paz, unidad y fraternidad.<\/p>\n\n\n\n<p class=\"has-medium-font-size\"><em>Jenny Figueroa Rodr\u00edguez<\/em><\/p>\n\n\n\n<p class=\"has-medium-font-size\"><em>Arzobispado de Santiago de Cuba<\/em><\/p>\n\n\n\n<figure class=\"wp-block-image size-large\"><img loading=\"lazy\" decoding=\"async\" width=\"1024\" height=\"461\" src=\"https:\/\/www.focolaresciudadnueva.com\/wp-content\/uploads\/2025\/07\/image-84-1024x461.png\" alt=\"\" class=\"wp-image-18988\" srcset=\"https:\/\/www.focolaresciudadnueva.com\/wp-content\/uploads\/2025\/07\/image-84-1024x461.png 1024w, https:\/\/www.focolaresciudadnueva.com\/wp-content\/uploads\/2025\/07\/image-84-300x135.png 300w, https:\/\/www.focolaresciudadnueva.com\/wp-content\/uploads\/2025\/07\/image-84-768x346.png 768w, https:\/\/www.focolaresciudadnueva.com\/wp-content\/uploads\/2025\/07\/image-84-200x90.png 200w, https:\/\/www.focolaresciudadnueva.com\/wp-content\/uploads\/2025\/07\/image-84-750x338.png 750w, https:\/\/www.focolaresciudadnueva.com\/wp-content\/uploads\/2025\/07\/image-84.png 1080w\" sizes=\"(max-width: 1024px) 100vw, 1024px\" \/><\/figure>\n\n\n\n<p><\/p>\n","protected":false},"excerpt":{"rendered":"<p>Bajo este hermoso precepto, la familia Focolar ha vivido unos d\u00edas intensos y llenos de gracia.\u00a0 <a href=\"https:\/\/www.focolaresciudadnueva.com\/inicio\/cuba-que-todos-sean-uno-jn-17-20-23\/\" class=\"more-link\">Continue reading <span class=\"screen-reader-text\">Cuba: \u00a1Que todos sean uno!\u00a0 (Jn 17; 20-23)<\/span><\/a><\/p>\n","protected":false},"author":4,"featured_media":18988,"comment_status":"open","ping_status":"open","sticky":false,"template":"","format":"standard","meta":{"footnotes":""},"categories":[162,86],"tags":[],"class_list":["post-18983","post","type-post","status-publish","format-standard","has-post-thumbnail","hentry","category-comunidades","category-cuba"],"wpmagazine_modules_lite_featured_media_urls":{"thumbnail":["https:\/\/www.focolaresciudadnueva.com\/wp-content\/uploads\/2025\/07\/image-84-150x150.png",150,150,true],"cvmm-medium":["https:\/\/www.focolaresciudadnueva.com\/wp-content\/uploads\/2025\/07\/image-84-300x300.png",300,300,true],"cvmm-medium-plus":["https:\/\/www.focolaresciudadnueva.com\/wp-content\/uploads\/2025\/07\/image-84-305x207.png",305,207,true],"cvmm-portrait":["https:\/\/www.focolaresciudadnueva.com\/wp-content\/uploads\/2025\/07\/image-84-400x486.png",400,486,true],"cvmm-medium-square":["https:\/\/www.focolaresciudadnueva.com\/wp-content\/uploads\/2025\/07\/image-84-600x486.png",600,486,true],"cvmm-large":["https:\/\/www.focolaresciudadnueva.com\/wp-content\/uploads\/2025\/07\/image-84-1024x486.png",1024,486,true],"cvmm-small":["https:\/\/www.focolaresciudadnueva.com\/wp-content\/uploads\/2025\/07\/image-84-130x95.png",130,95,true],"full":["https:\/\/www.focolaresciudadnueva.com\/wp-content\/uploads\/2025\/07\/image-84.png",1080,486,false]},"categories_names":{"162":{"name":"Comunidades","link":"https:\/\/www.focolaresciudadnueva.com\/inicio\/category\/comunidades\/"},"86":{"name":"Cuba","link":"https:\/\/www.focolaresciudadnueva.com\/inicio\/category\/cuba\/"}},"tags_names":[],"comments_number":"0","_links":{"self":[{"href":"https:\/\/www.focolaresciudadnueva.com\/inicio\/wp-json\/wp\/v2\/posts\/18983","targetHints":{"allow":["GET"]}}],"collection":[{"href":"https:\/\/www.focolaresciudadnueva.com\/inicio\/wp-json\/wp\/v2\/posts"}],"about":[{"href":"https:\/\/www.focolaresciudadnueva.com\/inicio\/wp-json\/wp\/v2\/types\/post"}],"author":[{"embeddable":true,"href":"https:\/\/www.focolaresciudadnueva.com\/inicio\/wp-json\/wp\/v2\/users\/4"}],"replies":[{"embeddable":true,"href":"https:\/\/www.focolaresciudadnueva.com\/inicio\/wp-json\/wp\/v2\/comments?post=18983"}],"version-history":[{"count":2,"href":"https:\/\/www.focolaresciudadnueva.com\/inicio\/wp-json\/wp\/v2\/posts\/18983\/revisions"}],"predecessor-version":[{"id":18994,"href":"https:\/\/www.focolaresciudadnueva.com\/inicio\/wp-json\/wp\/v2\/posts\/18983\/revisions\/18994"}],"wp:featuredmedia":[{"embeddable":true,"href":"https:\/\/www.focolaresciudadnueva.com\/inicio\/wp-json\/wp\/v2\/media\/18988"}],"wp:attachment":[{"href":"https:\/\/www.focolaresciudadnueva.com\/inicio\/wp-json\/wp\/v2\/media?parent=18983"}],"wp:term":[{"taxonomy":"category","embeddable":true,"href":"https:\/\/www.focolaresciudadnueva.com\/inicio\/wp-json\/wp\/v2\/categories?post=18983"},{"taxonomy":"post_tag","embeddable":true,"href":"https:\/\/www.focolaresciudadnueva.com\/inicio\/wp-json\/wp\/v2\/tags?post=18983"}],"curies":[{"name":"wp","href":"https:\/\/api.w.org\/{rel}","templated":true}]}}