{"id":18711,"date":"2025-07-07T12:09:37","date_gmt":"2025-07-07T16:09:37","guid":{"rendered":"https:\/\/www.focolaresciudadnueva.com\/inicio\/?p=18711"},"modified":"2025-07-07T12:09:38","modified_gmt":"2025-07-07T16:09:38","slug":"a-la-escucha-del-espiritu-santo-el-discernimiento-sinodal-en-el-retiro-de-las-voluntarias-y-los-voluntarios-de-medellin","status":"publish","type":"post","link":"https:\/\/www.focolaresciudadnueva.com\/inicio\/a-la-escucha-del-espiritu-santo-el-discernimiento-sinodal-en-el-retiro-de-las-voluntarias-y-los-voluntarios-de-medellin\/","title":{"rendered":"A la escucha del Esp\u00edritu Santo: el discernimiento sinodal en el retiro de las Voluntarias y los Voluntarios de Medell\u00edn"},"content":{"rendered":"\n<p class=\"has-medium-font-size\">El domingo 6 de julio, en la casa de encuentros de Mar\u00eda Mediadora, en Sabaneta, al sur del Valle de Aburr\u00e1, se realiz\u00f3 el retiro de las Voluntarias y los Voluntarios de Medell\u00edn, con la participaci\u00f3n de todos los n\u00facleos del territorio.\u00a0<\/p>\n\n\n\n<figure class=\"wp-block-image size-large\"><img fetchpriority=\"high\" decoding=\"async\" width=\"1024\" height=\"768\" src=\"https:\/\/www.focolaresciudadnueva.com\/wp-content\/uploads\/2025\/07\/Imagen-de-WhatsApp-2025-07-07-a-las-11.03.38_28345a54-1024x768.jpg\" alt=\"\" class=\"wp-image-18713\" srcset=\"https:\/\/www.focolaresciudadnueva.com\/wp-content\/uploads\/2025\/07\/Imagen-de-WhatsApp-2025-07-07-a-las-11.03.38_28345a54-1024x768.jpg 1024w, https:\/\/www.focolaresciudadnueva.com\/wp-content\/uploads\/2025\/07\/Imagen-de-WhatsApp-2025-07-07-a-las-11.03.38_28345a54-300x225.jpg 300w, https:\/\/www.focolaresciudadnueva.com\/wp-content\/uploads\/2025\/07\/Imagen-de-WhatsApp-2025-07-07-a-las-11.03.38_28345a54-768x576.jpg 768w, https:\/\/www.focolaresciudadnueva.com\/wp-content\/uploads\/2025\/07\/Imagen-de-WhatsApp-2025-07-07-a-las-11.03.38_28345a54-1536x1152.jpg 1536w, https:\/\/www.focolaresciudadnueva.com\/wp-content\/uploads\/2025\/07\/Imagen-de-WhatsApp-2025-07-07-a-las-11.03.38_28345a54-120x90.jpg 120w, https:\/\/www.focolaresciudadnueva.com\/wp-content\/uploads\/2025\/07\/Imagen-de-WhatsApp-2025-07-07-a-las-11.03.38_28345a54-750x563.jpg 750w, https:\/\/www.focolaresciudadnueva.com\/wp-content\/uploads\/2025\/07\/Imagen-de-WhatsApp-2025-07-07-a-las-11.03.38_28345a54-1140x855.jpg 1140w, https:\/\/www.focolaresciudadnueva.com\/wp-content\/uploads\/2025\/07\/Imagen-de-WhatsApp-2025-07-07-a-las-11.03.38_28345a54.jpg 1600w\" sizes=\"(max-width: 1024px) 100vw, 1024px\" \/><\/figure>\n\n\n\n<p class=\"has-medium-font-size\"><\/p>\n\n\n\n<figure class=\"wp-block-image size-large\"><img decoding=\"async\" width=\"1024\" height=\"768\" src=\"https:\/\/www.focolaresciudadnueva.com\/wp-content\/uploads\/2025\/07\/Imagen-de-WhatsApp-2025-07-07-a-las-11.03.38_93c0b12f-1024x768.jpg\" alt=\"\" class=\"wp-image-18714\" srcset=\"https:\/\/www.focolaresciudadnueva.com\/wp-content\/uploads\/2025\/07\/Imagen-de-WhatsApp-2025-07-07-a-las-11.03.38_93c0b12f-1024x768.jpg 1024w, https:\/\/www.focolaresciudadnueva.com\/wp-content\/uploads\/2025\/07\/Imagen-de-WhatsApp-2025-07-07-a-las-11.03.38_93c0b12f-300x225.jpg 300w, https:\/\/www.focolaresciudadnueva.com\/wp-content\/uploads\/2025\/07\/Imagen-de-WhatsApp-2025-07-07-a-las-11.03.38_93c0b12f-768x576.jpg 768w, https:\/\/www.focolaresciudadnueva.com\/wp-content\/uploads\/2025\/07\/Imagen-de-WhatsApp-2025-07-07-a-las-11.03.38_93c0b12f-1536x1152.jpg 1536w, https:\/\/www.focolaresciudadnueva.com\/wp-content\/uploads\/2025\/07\/Imagen-de-WhatsApp-2025-07-07-a-las-11.03.38_93c0b12f-120x90.jpg 120w, https:\/\/www.focolaresciudadnueva.com\/wp-content\/uploads\/2025\/07\/Imagen-de-WhatsApp-2025-07-07-a-las-11.03.38_93c0b12f-750x563.jpg 750w, https:\/\/www.focolaresciudadnueva.com\/wp-content\/uploads\/2025\/07\/Imagen-de-WhatsApp-2025-07-07-a-las-11.03.38_93c0b12f-1140x855.jpg 1140w, https:\/\/www.focolaresciudadnueva.com\/wp-content\/uploads\/2025\/07\/Imagen-de-WhatsApp-2025-07-07-a-las-11.03.38_93c0b12f.jpg 1600w\" sizes=\"(max-width: 1024px) 100vw, 1024px\" \/><\/figure>\n\n\n\n<p class=\"has-medium-font-size\">El programa, construido conjuntamente, favoreci\u00f3 la escucha, el di\u00e1logo, y la profundizaci\u00f3n en la relaci\u00f3n personal y comunitaria con el Esp\u00edritu Santo, como gu\u00eda para discernir y actuar como comunidad.\u00a0<\/p>\n\n\n\n<figure class=\"wp-block-image size-large\"><img decoding=\"async\" width=\"768\" height=\"1024\" src=\"https:\/\/www.focolaresciudadnueva.com\/wp-content\/uploads\/2025\/07\/Imagen-de-WhatsApp-2025-07-07-a-las-11.03.39_5030f8cd-768x1024.jpg\" alt=\"\" class=\"wp-image-18715\" srcset=\"https:\/\/www.focolaresciudadnueva.com\/wp-content\/uploads\/2025\/07\/Imagen-de-WhatsApp-2025-07-07-a-las-11.03.39_5030f8cd-768x1024.jpg 768w, https:\/\/www.focolaresciudadnueva.com\/wp-content\/uploads\/2025\/07\/Imagen-de-WhatsApp-2025-07-07-a-las-11.03.39_5030f8cd-225x300.jpg 225w, https:\/\/www.focolaresciudadnueva.com\/wp-content\/uploads\/2025\/07\/Imagen-de-WhatsApp-2025-07-07-a-las-11.03.39_5030f8cd-1152x1536.jpg 1152w, https:\/\/www.focolaresciudadnueva.com\/wp-content\/uploads\/2025\/07\/Imagen-de-WhatsApp-2025-07-07-a-las-11.03.39_5030f8cd-68x90.jpg 68w, https:\/\/www.focolaresciudadnueva.com\/wp-content\/uploads\/2025\/07\/Imagen-de-WhatsApp-2025-07-07-a-las-11.03.39_5030f8cd-360x480.jpg 360w, https:\/\/www.focolaresciudadnueva.com\/wp-content\/uploads\/2025\/07\/Imagen-de-WhatsApp-2025-07-07-a-las-11.03.39_5030f8cd-750x1000.jpg 750w, https:\/\/www.focolaresciudadnueva.com\/wp-content\/uploads\/2025\/07\/Imagen-de-WhatsApp-2025-07-07-a-las-11.03.39_5030f8cd-1140x1520.jpg 1140w, https:\/\/www.focolaresciudadnueva.com\/wp-content\/uploads\/2025\/07\/Imagen-de-WhatsApp-2025-07-07-a-las-11.03.39_5030f8cd.jpg 1200w\" sizes=\"(max-width: 768px) 100vw, 768px\" \/><\/figure>\n\n\n\n<p class=\"has-medium-font-size\">En la ma\u00f1ana se tuvo un momento de noticias de la Obra en el territorio, la zona y el mundo, destacando la ruta hacia la Asamblea General de la Obra y nuestra participaci\u00f3n sinodal desde nuestros lugares. Luego, una meditaci\u00f3n con un video de Chiara sobre el Esp\u00edritu Santo, un taller sobre el discernimiento comunitario con el podcast de Sinodalidad, y un taller de la Comuni\u00f3n de Experiencias, a la luz de lo trabajado en peque\u00f1os grupos.&nbsp;&nbsp;<\/p>\n\n\n\n<figure class=\"wp-block-image size-large\"><img loading=\"lazy\" decoding=\"async\" width=\"1024\" height=\"768\" src=\"https:\/\/www.focolaresciudadnueva.com\/wp-content\/uploads\/2025\/07\/Imagen-de-WhatsApp-2025-07-07-a-las-11.03.39_326d4214-1024x768.jpg\" alt=\"\" class=\"wp-image-18716\" srcset=\"https:\/\/www.focolaresciudadnueva.com\/wp-content\/uploads\/2025\/07\/Imagen-de-WhatsApp-2025-07-07-a-las-11.03.39_326d4214-1024x768.jpg 1024w, https:\/\/www.focolaresciudadnueva.com\/wp-content\/uploads\/2025\/07\/Imagen-de-WhatsApp-2025-07-07-a-las-11.03.39_326d4214-300x225.jpg 300w, https:\/\/www.focolaresciudadnueva.com\/wp-content\/uploads\/2025\/07\/Imagen-de-WhatsApp-2025-07-07-a-las-11.03.39_326d4214-768x576.jpg 768w, https:\/\/www.focolaresciudadnueva.com\/wp-content\/uploads\/2025\/07\/Imagen-de-WhatsApp-2025-07-07-a-las-11.03.39_326d4214-1536x1152.jpg 1536w, https:\/\/www.focolaresciudadnueva.com\/wp-content\/uploads\/2025\/07\/Imagen-de-WhatsApp-2025-07-07-a-las-11.03.39_326d4214-120x90.jpg 120w, https:\/\/www.focolaresciudadnueva.com\/wp-content\/uploads\/2025\/07\/Imagen-de-WhatsApp-2025-07-07-a-las-11.03.39_326d4214-750x563.jpg 750w, https:\/\/www.focolaresciudadnueva.com\/wp-content\/uploads\/2025\/07\/Imagen-de-WhatsApp-2025-07-07-a-las-11.03.39_326d4214-1140x855.jpg 1140w, https:\/\/www.focolaresciudadnueva.com\/wp-content\/uploads\/2025\/07\/Imagen-de-WhatsApp-2025-07-07-a-las-11.03.39_326d4214.jpg 1600w\" sizes=\"(max-width: 1024px) 100vw, 1024px\" \/><\/figure>\n\n\n\n<p class=\"has-medium-font-size\">Se comparti\u00f3 el almuerzo y luego, en la tarde, cada rama se reuni\u00f3 por aparte para profundizar en asuntos de la vida de sus n\u00facleos y sus compromisos con la comunidad y la Obra.\u00a0<\/p>\n\n\n\n<figure class=\"wp-block-image size-large\"><img loading=\"lazy\" decoding=\"async\" width=\"1024\" height=\"768\" src=\"https:\/\/www.focolaresciudadnueva.com\/wp-content\/uploads\/2025\/07\/Imagen-de-WhatsApp-2025-07-07-a-las-11.03.39_5cee575d-1024x768.jpg\" alt=\"\" class=\"wp-image-18717\" srcset=\"https:\/\/www.focolaresciudadnueva.com\/wp-content\/uploads\/2025\/07\/Imagen-de-WhatsApp-2025-07-07-a-las-11.03.39_5cee575d-1024x768.jpg 1024w, https:\/\/www.focolaresciudadnueva.com\/wp-content\/uploads\/2025\/07\/Imagen-de-WhatsApp-2025-07-07-a-las-11.03.39_5cee575d-300x225.jpg 300w, https:\/\/www.focolaresciudadnueva.com\/wp-content\/uploads\/2025\/07\/Imagen-de-WhatsApp-2025-07-07-a-las-11.03.39_5cee575d-768x576.jpg 768w, https:\/\/www.focolaresciudadnueva.com\/wp-content\/uploads\/2025\/07\/Imagen-de-WhatsApp-2025-07-07-a-las-11.03.39_5cee575d-1536x1152.jpg 1536w, https:\/\/www.focolaresciudadnueva.com\/wp-content\/uploads\/2025\/07\/Imagen-de-WhatsApp-2025-07-07-a-las-11.03.39_5cee575d-120x90.jpg 120w, https:\/\/www.focolaresciudadnueva.com\/wp-content\/uploads\/2025\/07\/Imagen-de-WhatsApp-2025-07-07-a-las-11.03.39_5cee575d-750x563.jpg 750w, https:\/\/www.focolaresciudadnueva.com\/wp-content\/uploads\/2025\/07\/Imagen-de-WhatsApp-2025-07-07-a-las-11.03.39_5cee575d-1140x855.jpg 1140w, https:\/\/www.focolaresciudadnueva.com\/wp-content\/uploads\/2025\/07\/Imagen-de-WhatsApp-2025-07-07-a-las-11.03.39_5cee575d.jpg 1600w\" sizes=\"(max-width: 1024px) 100vw, 1024px\" \/><\/figure>\n\n\n\n<p class=\"has-medium-font-size\">Para finalizar, se tuvo otro momento compartido en el que se celebraron los cumplea\u00f1os m\u00e1s recientes en los n\u00facleos femeninos y masculino, como agradecimiento por ser parte de la vida comunitaria del movimiento.<\/p>\n\n\n\n<p><\/p>\n","protected":false},"excerpt":{"rendered":"<p>El domingo 6 de julio, en la casa de encuentros de Mar\u00eda Mediadora, en Sabaneta, al sur del Valle de Aburr\u00e1, se realiz\u00f3 el retiro de las Voluntarias y los Voluntarios de Medell\u00edn, con la participaci\u00f3n de todos los n\u00facleos del territorio.\u00a0 El programa, construido conjuntamente, favoreci\u00f3 la escucha, el di\u00e1logo, y la profundizaci\u00f3n en la relaci\u00f3n personal y comunitaria con el Esp\u00edritu Santo, como &hellip; <a href=\"https:\/\/www.focolaresciudadnueva.com\/inicio\/a-la-escucha-del-espiritu-santo-el-discernimiento-sinodal-en-el-retiro-de-las-voluntarias-y-los-voluntarios-de-medellin\/\" class=\"more-link\">Continue reading <span class=\"screen-reader-text\">A la escucha del Esp\u00edritu Santo: el discernimiento sinodal en el retiro de las Voluntarias y los Voluntarios de Medell\u00edn<\/span><\/a><\/p>\n","protected":false},"author":4,"featured_media":18713,"comment_status":"open","ping_status":"open","sticky":false,"template":"","format":"standard","meta":{"footnotes":""},"categories":[162],"tags":[],"class_list":["post-18711","post","type-post","status-publish","format-standard","has-post-thumbnail","hentry","category-comunidades"],"wpmagazine_modules_lite_featured_media_urls":{"thumbnail":["https:\/\/www.focolaresciudadnueva.com\/wp-content\/uploads\/2025\/07\/Imagen-de-WhatsApp-2025-07-07-a-las-11.03.38_28345a54-150x150.jpg",150,150,true],"cvmm-medium":["https:\/\/www.focolaresciudadnueva.com\/wp-content\/uploads\/2025\/07\/Imagen-de-WhatsApp-2025-07-07-a-las-11.03.38_28345a54-300x300.jpg",300,300,true],"cvmm-medium-plus":["https:\/\/www.focolaresciudadnueva.com\/wp-content\/uploads\/2025\/07\/Imagen-de-WhatsApp-2025-07-07-a-las-11.03.38_28345a54-305x207.jpg",305,207,true],"cvmm-portrait":["https:\/\/www.focolaresciudadnueva.com\/wp-content\/uploads\/2025\/07\/Imagen-de-WhatsApp-2025-07-07-a-las-11.03.38_28345a54-400x600.jpg",400,600,true],"cvmm-medium-square":["https:\/\/www.focolaresciudadnueva.com\/wp-content\/uploads\/2025\/07\/Imagen-de-WhatsApp-2025-07-07-a-las-11.03.38_28345a54-600x600.jpg",600,600,true],"cvmm-large":["https:\/\/www.focolaresciudadnueva.com\/wp-content\/uploads\/2025\/07\/Imagen-de-WhatsApp-2025-07-07-a-las-11.03.38_28345a54-1024x1024.jpg",1024,1024,true],"cvmm-small":["https:\/\/www.focolaresciudadnueva.com\/wp-content\/uploads\/2025\/07\/Imagen-de-WhatsApp-2025-07-07-a-las-11.03.38_28345a54-130x95.jpg",130,95,true],"full":["https:\/\/www.focolaresciudadnueva.com\/wp-content\/uploads\/2025\/07\/Imagen-de-WhatsApp-2025-07-07-a-las-11.03.38_28345a54.jpg",1600,1200,false]},"categories_names":{"162":{"name":"Comunidades","link":"https:\/\/www.focolaresciudadnueva.com\/inicio\/category\/comunidades\/"}},"tags_names":[],"comments_number":"0","_links":{"self":[{"href":"https:\/\/www.focolaresciudadnueva.com\/inicio\/wp-json\/wp\/v2\/posts\/18711","targetHints":{"allow":["GET"]}}],"collection":[{"href":"https:\/\/www.focolaresciudadnueva.com\/inicio\/wp-json\/wp\/v2\/posts"}],"about":[{"href":"https:\/\/www.focolaresciudadnueva.com\/inicio\/wp-json\/wp\/v2\/types\/post"}],"author":[{"embeddable":true,"href":"https:\/\/www.focolaresciudadnueva.com\/inicio\/wp-json\/wp\/v2\/users\/4"}],"replies":[{"embeddable":true,"href":"https:\/\/www.focolaresciudadnueva.com\/inicio\/wp-json\/wp\/v2\/comments?post=18711"}],"version-history":[{"count":2,"href":"https:\/\/www.focolaresciudadnueva.com\/inicio\/wp-json\/wp\/v2\/posts\/18711\/revisions"}],"predecessor-version":[{"id":18719,"href":"https:\/\/www.focolaresciudadnueva.com\/inicio\/wp-json\/wp\/v2\/posts\/18711\/revisions\/18719"}],"wp:featuredmedia":[{"embeddable":true,"href":"https:\/\/www.focolaresciudadnueva.com\/inicio\/wp-json\/wp\/v2\/media\/18713"}],"wp:attachment":[{"href":"https:\/\/www.focolaresciudadnueva.com\/inicio\/wp-json\/wp\/v2\/media?parent=18711"}],"wp:term":[{"taxonomy":"category","embeddable":true,"href":"https:\/\/www.focolaresciudadnueva.com\/inicio\/wp-json\/wp\/v2\/categories?post=18711"},{"taxonomy":"post_tag","embeddable":true,"href":"https:\/\/www.focolaresciudadnueva.com\/inicio\/wp-json\/wp\/v2\/tags?post=18711"}],"curies":[{"name":"wp","href":"https:\/\/api.w.org\/{rel}","templated":true}]}}