{"id":18705,"date":"2025-07-07T11:46:30","date_gmt":"2025-07-07T15:46:30","guid":{"rendered":"https:\/\/www.focolaresciudadnueva.com\/inicio\/?p=18705"},"modified":"2025-07-11T10:45:57","modified_gmt":"2025-07-11T14:45:57","slug":"un-mes-sonando-a-toda-maquina","status":"publish","type":"post","link":"https:\/\/www.focolaresciudadnueva.com\/inicio\/un-mes-sonando-a-toda-maquina\/","title":{"rendered":"Un mes so\u00f1ando a toda m\u00e1quina"},"content":{"rendered":"\n<p class=\"has-medium-font-size\"><strong><em>Los 10 a\u00f1os de la carta Enc\u00edclica del Papa Francisco Laudato s\u00ed, est\u00e1 movilizando el mundo, no solo el continente, como bien se constata, es uno de los documentos magisteriales que m\u00e1s abraz\u00f3 la sociedad. Y quien piensa que es por su envergadura ecol\u00f3gica se equivoca, en verdad la propuesta lleva un mensaje fundado en la relacionalidad donde todo est\u00e1 ligado con todo: todo est\u00e1 en relaci\u00f3n, y es la din\u00e1mica esencial, fundamental, que rige el universo entero. No siempre tenemos conciencia de esto, tampoco lo sabemos descubrir y comprender, pero cuando se nos revela, ya no podemos concebir la vida de otra manera.<\/em><\/strong><\/p>\n\n\n\n<p class=\"has-medium-font-size\">Brasil invit\u00f3 al Programa y a la Red Latinoamericana de Tierras hacia una fraternidad posible (www.programatierras.org) a participar en tres eventos fundados en la Celebraci\u00f3n de Laudato s\u00ed.<\/p>\n\n\n\n<p class=\"has-medium-font-size\"><strong>Por la justicia ecol\u00f3gica, social y ambiental<\/strong><\/p>\n\n\n\n<p class=\"has-medium-font-size\">El primer evento fue convocado por la Red Universitaria para el Cuidado de la casa com\u00fan RUC con la presencia de 230 universidades de Am\u00e9rica Latina confesionales y no confesionales, USA y Europa, en la sede de la Universidad de los Jesuitas en R\u00edo de Janeiro &#8211; PUC R\u00edo. Un trabajo intenso de rectores y representantes en modo sinodal, cuya propuesta fue plasmada en el comunicado final para colaborar con la COP 30 y despu\u00e9s, a trav\u00e9s de la innovativa acci\u00f3n: \u00abPROPONEMOS que los Estados, los organismos multilaterales y los actores financieros globales impulsen, en el marco del Acuerdo de Par\u00eds, la remisi\u00f3n entre la deuda p\u00fablica que tienen los pa\u00edses menos industrializados con la deuda ecol\u00f3gica que tienen los m\u00e1s desarrollados\u00bb. Es de subrayar que la Red de Tierras particip\u00f3 representando tambi\u00e9n a SOPHIA ALC de la cual hace parte, y de esta manera se integr\u00f3 con mucho aprecio SOPHIA ALC a la RUC.<\/p>\n\n\n\n<p class=\"has-medium-font-size\"><strong>Comprender la envergadura de Laudato si<\/strong><\/p>\n\n\n\n<p class=\"has-medium-font-size\">El Segundo evento se realiz\u00f3 siempre en la PUC de R\u00edo, con la participaci\u00f3n de una amplia red de universidades Jesuitas de Am\u00e9rica Latina, all\u00ed SOPHIA ALC fue invitada junto a la Red de Tierras para presentar un tema en el Congreso: Simposio 10 A\u00f1os da Laudato Si. En esta oportunidad con un tema que fue muy bien acogido, titulado: La relacionalidad comunicacional en Laudato si.<\/p>\n\n\n\n<figure class=\"wp-block-image size-full is-resized\"><img fetchpriority=\"high\" decoding=\"async\" width=\"698\" height=\"391\" src=\"https:\/\/www.focolaresciudadnueva.com\/wp-content\/uploads\/2025\/07\/image-19.png\" alt=\"\" class=\"wp-image-18707\" style=\"width:899px;height:auto\" srcset=\"https:\/\/www.focolaresciudadnueva.com\/wp-content\/uploads\/2025\/07\/image-19.png 698w, https:\/\/www.focolaresciudadnueva.com\/wp-content\/uploads\/2025\/07\/image-19-300x168.png 300w, https:\/\/www.focolaresciudadnueva.com\/wp-content\/uploads\/2025\/07\/image-19-161x90.png 161w\" sizes=\"(max-width: 698px) 100vw, 698px\" \/><\/figure>\n\n\n\n<p class=\"has-medium-font-size\"><strong>Abrir caminos al acceso a la tierra y al agua de todos<\/strong><\/p>\n\n\n\n<p class=\"has-medium-font-size\">El tercer momento lo sign\u00f3 un elaborado trabajo realizado por la Dra. Ing. Ambiental Ang\u00e9lica Tedesco, quien teji\u00f3 maravillosas oportunidades entre su Instituto Federal de Espirito Santo, en Brasil, instituci\u00f3n nacional, que solo en esa sede re\u00fane 27 campus. Relevante fue la semana de la Mata Atl\u00e2ntica con el Seminario: \u00abEmerg\u00eancias Clim\u00e1ticas e Mata Atl\u00e2ntica: e a gente com isso?\u00bb<\/p>\n\n\n\n<p class=\"has-medium-font-size\">Una semana para compartir con acad\u00e9micos, docentes y estudiantes, con impulsores de Instituciones por la Tierra y el Agua de Brasil, y una delegaci\u00f3n de 8 personas de la Red de Tierras de M\u00e9xico, Colombia, Per\u00fa, Argentina, y Brasil. Una vivaz convivencia en un marco natural de una significativa reserva ambiental Aguia Branca. El intercambio relacional, tem\u00e1tico, experiencial, sell\u00f6 el presente y tambi\u00e9n, el futuro con un trabajo conjunto llevado adelante por un grupo de profesionales, que junto a Ang\u00e9lica Tedesco, manifestaron ser part\u00edcipes del Programa y Red de Tierras en el trabajo ecol\u00f3gico: Laboratorios vivos.<\/p>\n\n\n<div class=\"wp-block-image\">\n<figure class=\"aligncenter size-full is-resized\"><img decoding=\"async\" width=\"295\" height=\"294\" src=\"https:\/\/www.focolaresciudadnueva.com\/wp-content\/uploads\/2025\/07\/image-20.png\" alt=\"\" class=\"wp-image-18708\" style=\"width:492px;height:auto\" srcset=\"https:\/\/www.focolaresciudadnueva.com\/wp-content\/uploads\/2025\/07\/image-20.png 295w, https:\/\/www.focolaresciudadnueva.com\/wp-content\/uploads\/2025\/07\/image-20-150x150.png 150w, https:\/\/www.focolaresciudadnueva.com\/wp-content\/uploads\/2025\/07\/image-20-90x90.png 90w\" sizes=\"(max-width: 295px) 100vw, 295px\" \/><\/figure>\n<\/div>\n\n\n<p class=\"has-medium-font-size\">A continuaci\u00f3n, algunos miembros de la Red de Tierras viajaron, junto a Geovanni Medeiros, a Para\u00edba, nordeste de Brasil, donde \u00e9l se desempe\u00f1a como ingeniero agr\u00f3nomo con una vasta trayectoria en torno a m\u00e1s de 6.000 familias en el \u00e1mbito de la agricultura familiar. Adem\u00e1s, desarrolla importantes v\u00ednculos con dos instituciones que hacen parte de la Red: la Pastoral de la Tierra (de la Conf. Episcopal de Brasil) y el Movimiento de los Sin Tierra.<\/p>\n\n\n\n<p class=\"has-medium-font-size\">Una celebraci\u00f3n de encuentros personales e institucionales que sign\u00f3 tambi\u00e9n la caminata vital de celebraci\u00f3n de Laudato s\u00ed, como conmemoraci\u00f3n, pero sobre todo como compromiso en la investigaci\u00f3n y acci\u00f3n. Adem\u00e1s de una explosi\u00f3n de inter\u00e9s por parte de las personas de constituirse en c\u00e9lulas vivas que eligen la fraternidad como el modo de vivir, operar e incidir.<\/p>\n\n\n\n<p class=\"has-medium-font-size\">Por Equipo del Programa y la Red Latinoamericana de tierras y agua hacia una fraternidad posible.<\/p>\n","protected":false},"excerpt":{"rendered":"<p>Los 10 a\u00f1os de la carta Enc\u00edclica del Papa Francisco Laudato s\u00ed, est\u00e1 movilizando el mundo, no solo el continente, como bien se constata, es uno de los documentos magisteriales que m\u00e1s abraz\u00f3 la sociedad. <a href=\"https:\/\/www.focolaresciudadnueva.com\/inicio\/un-mes-sonando-a-toda-maquina\/\" class=\"more-link\">Continue reading <span class=\"screen-reader-text\">Un mes so\u00f1ando a toda m\u00e1quina<\/span><\/a><\/p>\n","protected":false},"author":4,"featured_media":18706,"comment_status":"open","ping_status":"open","sticky":false,"template":"","format":"standard","meta":{"footnotes":""},"categories":[66,95],"tags":[],"class_list":["post-18705","post","type-post","status-publish","format-standard","has-post-thumbnail","hentry","category-ecologia","category-sophia-alc"],"wpmagazine_modules_lite_featured_media_urls":{"thumbnail":["https:\/\/www.focolaresciudadnueva.com\/wp-content\/uploads\/2025\/07\/image-18-150x150.png",150,150,true],"cvmm-medium":["https:\/\/www.focolaresciudadnueva.com\/wp-content\/uploads\/2025\/07\/image-18-300x300.png",300,300,true],"cvmm-medium-plus":["https:\/\/www.focolaresciudadnueva.com\/wp-content\/uploads\/2025\/07\/image-18-305x207.png",305,207,true],"cvmm-portrait":["https:\/\/www.focolaresciudadnueva.com\/wp-content\/uploads\/2025\/07\/image-18-400x578.png",400,578,true],"cvmm-medium-square":["https:\/\/www.focolaresciudadnueva.com\/wp-content\/uploads\/2025\/07\/image-18-600x578.png",600,578,true],"cvmm-large":["https:\/\/www.focolaresciudadnueva.com\/wp-content\/uploads\/2025\/07\/image-18.png",1005,578,false],"cvmm-small":["https:\/\/www.focolaresciudadnueva.com\/wp-content\/uploads\/2025\/07\/image-18-130x95.png",130,95,true],"full":["https:\/\/www.focolaresciudadnueva.com\/wp-content\/uploads\/2025\/07\/image-18.png",1005,578,false]},"categories_names":{"66":{"name":"Ecolog\u00eda","link":"https:\/\/www.focolaresciudadnueva.com\/inicio\/category\/ecologia\/"},"95":{"name":"Sophia ALC","link":"https:\/\/www.focolaresciudadnueva.com\/inicio\/category\/sophia-alc\/"}},"tags_names":[],"comments_number":"2","_links":{"self":[{"href":"https:\/\/www.focolaresciudadnueva.com\/inicio\/wp-json\/wp\/v2\/posts\/18705","targetHints":{"allow":["GET"]}}],"collection":[{"href":"https:\/\/www.focolaresciudadnueva.com\/inicio\/wp-json\/wp\/v2\/posts"}],"about":[{"href":"https:\/\/www.focolaresciudadnueva.com\/inicio\/wp-json\/wp\/v2\/types\/post"}],"author":[{"embeddable":true,"href":"https:\/\/www.focolaresciudadnueva.com\/inicio\/wp-json\/wp\/v2\/users\/4"}],"replies":[{"embeddable":true,"href":"https:\/\/www.focolaresciudadnueva.com\/inicio\/wp-json\/wp\/v2\/comments?post=18705"}],"version-history":[{"count":2,"href":"https:\/\/www.focolaresciudadnueva.com\/inicio\/wp-json\/wp\/v2\/posts\/18705\/revisions"}],"predecessor-version":[{"id":18710,"href":"https:\/\/www.focolaresciudadnueva.com\/inicio\/wp-json\/wp\/v2\/posts\/18705\/revisions\/18710"}],"wp:featuredmedia":[{"embeddable":true,"href":"https:\/\/www.focolaresciudadnueva.com\/inicio\/wp-json\/wp\/v2\/media\/18706"}],"wp:attachment":[{"href":"https:\/\/www.focolaresciudadnueva.com\/inicio\/wp-json\/wp\/v2\/media?parent=18705"}],"wp:term":[{"taxonomy":"category","embeddable":true,"href":"https:\/\/www.focolaresciudadnueva.com\/inicio\/wp-json\/wp\/v2\/categories?post=18705"},{"taxonomy":"post_tag","embeddable":true,"href":"https:\/\/www.focolaresciudadnueva.com\/inicio\/wp-json\/wp\/v2\/tags?post=18705"}],"curies":[{"name":"wp","href":"https:\/\/api.w.org\/{rel}","templated":true}]}}