{"id":18691,"date":"2025-07-05T17:36:39","date_gmt":"2025-07-05T21:36:39","guid":{"rendered":"https:\/\/www.focolaresciudadnueva.com\/inicio\/?p=18691"},"modified":"2025-07-05T17:36:41","modified_gmt":"2025-07-05T21:36:41","slug":"asamblea-2026-el-camino-de-preparacion-esta-iniciando","status":"publish","type":"post","link":"https:\/\/www.focolaresciudadnueva.com\/inicio\/asamblea-2026-el-camino-de-preparacion-esta-iniciando\/","title":{"rendered":"Asamblea 2026: el camino de preparaci\u00f3n est\u00e1 iniciando"},"content":{"rendered":"\n<figure class=\"wp-block-image size-full\"><img fetchpriority=\"high\" decoding=\"async\" width=\"883\" height=\"521\" src=\"https:\/\/www.focolaresciudadnueva.com\/wp-content\/uploads\/2025\/07\/image-17.png\" alt=\"\" class=\"wp-image-18694\" srcset=\"https:\/\/www.focolaresciudadnueva.com\/wp-content\/uploads\/2025\/07\/image-17.png 883w, https:\/\/www.focolaresciudadnueva.com\/wp-content\/uploads\/2025\/07\/image-17-300x177.png 300w, https:\/\/www.focolaresciudadnueva.com\/wp-content\/uploads\/2025\/07\/image-17-768x453.png 768w, https:\/\/www.focolaresciudadnueva.com\/wp-content\/uploads\/2025\/07\/image-17-153x90.png 153w, https:\/\/www.focolaresciudadnueva.com\/wp-content\/uploads\/2025\/07\/image-17-750x443.png 750w\" sizes=\"(max-width: 883px) 100vw, 883px\" \/><\/figure>\n\n\n\n<p>El mensaje de la Presidenta Margaret Karram.<\/p>\n\n\n\n<p>Cada cinco a\u00f1os tiene lugar la Asamblea general de la Obra de Mar\u00eda, Movimiento de los Focolares. La pr\u00f3xima se desarrollar\u00e1 del 1 al 21 de marzo de 2026.<\/p>\n\n\n\n<p>Una oportunidad para responder a la vocaci\u00f3n de los Focolares: vivir por la unidad. Se trata de uno de los acontecimientos m\u00e1s importantes: durante la Asamblea ser\u00e1n elegidos los nuevos dirigentes de los Focolares y los trabajos durante esos d\u00edas, brindar\u00e1n la oportunidad de dialogar sobre ideas, propuestas y mociones que ser\u00e1n las directrices que guiar\u00e1n al Movimiento para los pr\u00f3ximos cinco a\u00f1os.<\/p>\n\n\n\n<figure class=\"wp-block-embed is-type-video is-provider-youtube wp-block-embed-youtube wp-embed-aspect-16-9 wp-has-aspect-ratio\"><div class=\"wp-block-embed__wrapper\">\n<iframe title=\"Asamblea 2026: mensaje de Margaret Karram, Presidenta de los Focolares\" width=\"720\" height=\"405\" src=\"https:\/\/www.youtube.com\/embed\/MTrOEZENTgk?feature=oembed\" frameborder=\"0\" allow=\"accelerometer; autoplay; clipboard-write; encrypted-media; gyroscope; picture-in-picture; web-share\" referrerpolicy=\"strict-origin-when-cross-origin\" allowfullscreen><\/iframe>\n<\/div><\/figure>\n\n\n\n<p>El camino de preparaci\u00f3n est\u00e1 iniciando: todos estamos llamados a dar nuestra contribuci\u00f3n.<\/p>\n\n\n\n<p>Margaret Karram, presidenta del Movimiento de los Focolares, explica a trav\u00e9s de este videomensaje c\u00f3mo podemos prepararnos de manera sinodal.<\/p>\n\n\n\n<figure class=\"wp-block-embed is-type-video is-provider-youtube wp-block-embed-youtube wp-embed-aspect-16-9 wp-has-aspect-ratio\"><div class=\"wp-block-embed__wrapper\">\n<iframe title=\"Asamblea 2026: \u00bfQu\u00e9 es? \u00bfC\u00f3mo se desarrollar\u00e1? \u00bfC\u00f3mo participar?\" width=\"720\" height=\"405\" src=\"https:\/\/www.youtube.com\/embed\/Iq_zmb8a9mI?feature=oembed\" frameborder=\"0\" allow=\"accelerometer; autoplay; clipboard-write; encrypted-media; gyroscope; picture-in-picture; web-share\" referrerpolicy=\"strict-origin-when-cross-origin\" allowfullscreen><\/iframe>\n<\/div><\/figure>\n\n\n\n<p>Para comprender mejor qu\u00e9 es la Asamblea, c\u00f3mo se desarrollar\u00e1 y c\u00f3mo prepararse para esta importante cita, he aqu\u00ed un v\u00eddeo con infograf\u00eda.<\/p>\n","protected":false},"excerpt":{"rendered":"<p>El mensaje de la Presidenta Margaret Karram. Cada cinco a\u00f1os tiene lugar la Asamblea general de la Obra de Mar\u00eda, Movimiento de los Focolares. La pr\u00f3xima se desarrollar\u00e1 del 1 al 21 de marzo de 2026. <a href=\"https:\/\/www.focolaresciudadnueva.com\/inicio\/asamblea-2026-el-camino-de-preparacion-esta-iniciando\/\" class=\"more-link\">Continue reading <span class=\"screen-reader-text\">Asamblea 2026: el camino de preparaci\u00f3n est\u00e1 iniciando<\/span><\/a><\/p>\n","protected":false},"author":4,"featured_media":18694,"comment_status":"open","ping_status":"open","sticky":false,"template":"","format":"standard","meta":{"footnotes":""},"categories":[164],"tags":[],"class_list":["post-18691","post","type-post","status-publish","format-standard","has-post-thumbnail","hentry","category-destacadas-focolares"],"wpmagazine_modules_lite_featured_media_urls":{"thumbnail":["https:\/\/www.focolaresciudadnueva.com\/wp-content\/uploads\/2025\/07\/image-17-150x150.png",150,150,true],"cvmm-medium":["https:\/\/www.focolaresciudadnueva.com\/wp-content\/uploads\/2025\/07\/image-17-300x300.png",300,300,true],"cvmm-medium-plus":["https:\/\/www.focolaresciudadnueva.com\/wp-content\/uploads\/2025\/07\/image-17-305x207.png",305,207,true],"cvmm-portrait":["https:\/\/www.focolaresciudadnueva.com\/wp-content\/uploads\/2025\/07\/image-17-400x521.png",400,521,true],"cvmm-medium-square":["https:\/\/www.focolaresciudadnueva.com\/wp-content\/uploads\/2025\/07\/image-17-600x521.png",600,521,true],"cvmm-large":["https:\/\/www.focolaresciudadnueva.com\/wp-content\/uploads\/2025\/07\/image-17.png",883,521,false],"cvmm-small":["https:\/\/www.focolaresciudadnueva.com\/wp-content\/uploads\/2025\/07\/image-17-130x95.png",130,95,true],"full":["https:\/\/www.focolaresciudadnueva.com\/wp-content\/uploads\/2025\/07\/image-17.png",883,521,false]},"categories_names":{"164":{"name":"Destacadas Focolares","link":"https:\/\/www.focolaresciudadnueva.com\/inicio\/category\/destacadas-focolares\/"}},"tags_names":[],"comments_number":"1","_links":{"self":[{"href":"https:\/\/www.focolaresciudadnueva.com\/inicio\/wp-json\/wp\/v2\/posts\/18691","targetHints":{"allow":["GET"]}}],"collection":[{"href":"https:\/\/www.focolaresciudadnueva.com\/inicio\/wp-json\/wp\/v2\/posts"}],"about":[{"href":"https:\/\/www.focolaresciudadnueva.com\/inicio\/wp-json\/wp\/v2\/types\/post"}],"author":[{"embeddable":true,"href":"https:\/\/www.focolaresciudadnueva.com\/inicio\/wp-json\/wp\/v2\/users\/4"}],"replies":[{"embeddable":true,"href":"https:\/\/www.focolaresciudadnueva.com\/inicio\/wp-json\/wp\/v2\/comments?post=18691"}],"version-history":[{"count":2,"href":"https:\/\/www.focolaresciudadnueva.com\/inicio\/wp-json\/wp\/v2\/posts\/18691\/revisions"}],"predecessor-version":[{"id":18696,"href":"https:\/\/www.focolaresciudadnueva.com\/inicio\/wp-json\/wp\/v2\/posts\/18691\/revisions\/18696"}],"wp:featuredmedia":[{"embeddable":true,"href":"https:\/\/www.focolaresciudadnueva.com\/inicio\/wp-json\/wp\/v2\/media\/18694"}],"wp:attachment":[{"href":"https:\/\/www.focolaresciudadnueva.com\/inicio\/wp-json\/wp\/v2\/media?parent=18691"}],"wp:term":[{"taxonomy":"category","embeddable":true,"href":"https:\/\/www.focolaresciudadnueva.com\/inicio\/wp-json\/wp\/v2\/categories?post=18691"},{"taxonomy":"post_tag","embeddable":true,"href":"https:\/\/www.focolaresciudadnueva.com\/inicio\/wp-json\/wp\/v2\/tags?post=18691"}],"curies":[{"name":"wp","href":"https:\/\/api.w.org\/{rel}","templated":true}]}}