{"id":18687,"date":"2025-07-06T08:00:00","date_gmt":"2025-07-06T12:00:00","guid":{"rendered":"https:\/\/www.focolaresciudadnueva.com\/inicio\/?p=18687"},"modified":"2025-07-10T08:15:36","modified_gmt":"2025-07-10T12:15:36","slug":"bolivia-del-barrio-al-rincon-de-luz","status":"publish","type":"post","link":"https:\/\/www.focolaresciudadnueva.com\/inicio\/bolivia-del-barrio-al-rincon-de-luz\/","title":{"rendered":"Bolivia: Del Barrio al Rinc\u00f3n de Luz"},"content":{"rendered":"\n<p class=\"has-medium-font-size\"><strong><em>Mi nombre es Silvio, tengo 35 a\u00f1os, soy de nacionalidad boliviana, del departamento de Cochabamba, para ser exactos. Tengo una familia muy hermosa, muy numerosa, de 11 hermanos y a mi madre que, actualmente, tiene 76 a\u00f1os y a\u00fan es trabajadora activa del Colegio Sagrada Familia.<\/em><\/strong><\/p>\n\n\n\n<p class=\"has-medium-font-size\">Ten\u00eda nueve a\u00f1os cuando conoc\u00ed el Movimiento de los Focolares, en 1999. Mi padre ten\u00eda poco tiempo de haber fallecido y mi madre, una mujer que nunca hab\u00eda trabajado en su vida, tuvo que hacerse responsable de todos los hijos. Fue as\u00ed como inici\u00f3 a trabajar de portera en el Colegio Sagrada Familia. Crecimos en este colegio, porque, como era el trabajo de mi mam\u00e1, ah\u00ed viv\u00edamos.<\/p>\n\n\n\n<p class=\"has-medium-font-size\">Un cuarto de 6 metros por 4 fue el hogar para, aproximadamente, 7 personas que durante muchos a\u00f1os pasamos momentos muy hermosos. Vivencias que marcaron nuestras vidas. Un cuartito que habla mucho de mi infancia.<\/p>\n\n\n\n<p class=\"has-medium-font-size\">Mi madre a\u00fan sigue trabajando en la instituci\u00f3n. Bueno, ese es un poquito mi contexto. Mi pap\u00e1 falleci\u00f3 de c\u00e1ncer porque por muchos a\u00f1os trabaj\u00f3 en la mina. Y trabajar en la mina es entregar tu vida a la mina ya que el promedio de vida de un minero es 35, 45 a\u00f1os. \u00c9l justamente falleci\u00f3 a sus 45 a\u00f1os, de c\u00e1ncer pulmonar.<\/p>\n\n\n\n<p class=\"has-medium-font-size\">Recuerdo aquel d\u00eda, una ma\u00f1ana, en la que conoc\u00ed personas que hoy por hoy sigo llevando en mi coraz\u00f3n. Era el a\u00f1o 1999. Me dec\u00edan, sal, sal Silvio, hay unas personas por ah\u00ed. Y, cuando sal\u00ed, eran unos gringos. Todo el barrio estaba afuera, curiosos de ver personas que no conoc\u00edamos, personas altas, blanquitas&#8230;,que para nosotros eran gringos y eran como extranjeros. Entonces era ver algo nuevo.<\/p>\n\n\n\n<p class=\"has-medium-font-size\">Fue muy hermoso porque m\u00e1s all\u00e1 de una visita fue una experiencia. All\u00ed conoc\u00ed a Gaby Albarracin, Lucas Cervi\u00f1o; estaba Hortensia, su esposo, Marco Salinas, que actualmente es el presidente, el representante legal de Fundaci\u00f3n Unisol, y muchas m\u00e1s.<\/p>\n\n\n\n<p class=\"has-medium-font-size\">Desde aquel momento cada vez que ellos ven\u00edan era una gran alegr\u00eda en el barrio. Se esparc\u00eda la voz: \u00a1Llegaron los gringos! Y cuando escuch\u00e1bamos eso nos pon\u00edamos la ropa m\u00e1s bonita, nos ba\u00f1\u00e1bamos para salir al encuentro de estas personas.<\/p>\n\n\n\n<p class=\"has-medium-font-size\">En uno de esos encuentros me propusieron ser apadrinado por uno de ellos. Porque mi madre ten\u00eda muchos ni\u00f1os. Ya mi hermano hab\u00eda aceptado. Yo no estaba convencido de recibir ese beneficio puesto que ya en mi familia estaban ayudando a mi hermano. Pero ellos insistieron, entonces me apadrinaron tambi\u00e9n a m\u00ed. Y a partir de ah\u00ed se fue tejiendo una red de amistad, de hermandad muy hermosa con esta comunidad, con estos extra\u00f1os. Por lo que cada vez que ven\u00edan era un jolgorio, una alegr\u00eda, una fiesta.<\/p>\n\n\n\n<p class=\"has-medium-font-size\">Porque m\u00e1s all\u00e1 del apoyo que deban con alimentos y dem\u00e1s, era la amistad que ofrec\u00edan y que no lo encontr\u00e1bamos en ning\u00fan otro lugar.<\/p>\n\n\n\n<p class=\"has-medium-font-size\">El barrio era considerado una zona roja, donde proliferaban muchas pandillas y lo que ofrec\u00eda el barrio era una vida en decadencia, de drogas, alcohol, pandillas y todo. En cambio, este grupo nos ofrec\u00eda otra cosa, otras opciones de vida. Creaban un espacio donde pod\u00edamos divertirnos sanamente, donde pod\u00edamos compartir momentos con otras personas, donde pod\u00edamos conocernos.<\/p>\n\n\n\n<p class=\"has-medium-font-size\">As\u00ed comenzamos a dejar la calle para ir a estar con ellos. Y pas\u00e1bamos hermosos momentos, muy, muy bonitos. Re\u00edamos, jug\u00e1bamos, platic\u00e1bamos. Y, conforme pasaba el tiempo, necesit\u00e1bamos compartir m\u00e1s. Porque quer\u00edamos m\u00e1s de ellos, quer\u00edamos m\u00e1s de esa comuni\u00f3n, quer\u00edamos m\u00e1s de esos momentos tan hermosos. Y as\u00ed fue como m\u00e1s tarde se consolid\u00f3, legalmente, una instituci\u00f3n.<\/p>\n\n\n\n<p class=\"has-medium-font-size\">A partir del 2008 empez\u00f3 lo que se llamaba la Fundaci\u00f3n Unisol. Dejamos de reunimos en el colegio porque se alquil\u00f3 un lugar donde nosotros pod\u00edamos ir despu\u00e9s de las clases y nos apoyaban con las tareas o, simplemente, con la escucha. Que representaba mucho, mucho para nosotros. Porque encontrar a alguien que nos escuchara o que nos orientara era muy dif\u00edcil. Y era algo que encontr\u00e1bamos en el centro Rinc\u00f3n de Luz, as\u00ed fue bautizado el lugar, a ra\u00edz tambi\u00e9n de los ni\u00f1os que asist\u00edamos y que as\u00ed lo experiment\u00e1bamos.<\/p>\n\n\n\n<p class=\"has-medium-font-size\">Fue algo muy lindo, una experiencia muy bonita que marc\u00f3 mucho mi infancia y que me dio otra alternativa de vida. Porque si bien el barrio, la comunidad, me impulsaban a tener una vida as\u00ed, no la voy a llamar mala; pero donde el consumo, el alcohol, las pandillas era lo normal; este grupo me ofreci\u00f3 algo distinto, y fue lo que hizo la diferencia en mi vida y en la de muchos otros. Gracias a ello pude tener la certeza de decidir lo que quer\u00eda, qu\u00e9 futuro deseaba tener. Y esto lo descubr\u00ed en el Rinc\u00f3n de Luz, en la Fundaci\u00f3n Unisol.<\/p>\n\n\n\n<p class=\"has-medium-font-size\">Estudi\u00e9 administraci\u00f3n de empresas y actual mente trabajo en la Fundaci\u00f3n Unisol, soy asistente administrativo de esta fundaci\u00f3n.<\/p>\n\n\n\n<p class=\"has-medium-font-size\"><em>Por Silvio A.Simon Callate- Bolivia<\/em><\/p>\n\n\n\n<figure class=\"wp-block-image size-full\"><img fetchpriority=\"high\" decoding=\"async\" width=\"837\" height=\"389\" src=\"https:\/\/www.focolaresciudadnueva.com\/wp-content\/uploads\/2025\/07\/image-16.png\" alt=\"\" class=\"wp-image-18689\" srcset=\"https:\/\/www.focolaresciudadnueva.com\/wp-content\/uploads\/2025\/07\/image-16.png 837w, https:\/\/www.focolaresciudadnueva.com\/wp-content\/uploads\/2025\/07\/image-16-300x139.png 300w, https:\/\/www.focolaresciudadnueva.com\/wp-content\/uploads\/2025\/07\/image-16-768x357.png 768w, https:\/\/www.focolaresciudadnueva.com\/wp-content\/uploads\/2025\/07\/image-16-194x90.png 194w, https:\/\/www.focolaresciudadnueva.com\/wp-content\/uploads\/2025\/07\/image-16-750x349.png 750w\" sizes=\"(max-width: 837px) 100vw, 837px\" \/><\/figure>\n","protected":false},"excerpt":{"rendered":"<p>Recuerdo aquel d\u00eda, una ma\u00f1ana, en la que conoc\u00ed personas que hoy por hoy sigo llevando en mi coraz\u00f3n. <a href=\"https:\/\/www.focolaresciudadnueva.com\/inicio\/bolivia-del-barrio-al-rincon-de-luz\/\" class=\"more-link\">Continue reading <span class=\"screen-reader-text\">Bolivia: Del Barrio al Rinc\u00f3n de Luz<\/span><\/a><\/p>\n","protected":false},"author":4,"featured_media":18688,"comment_status":"open","ping_status":"open","sticky":false,"template":"","format":"standard","meta":{"footnotes":""},"categories":[81,67],"tags":[],"class_list":["post-18687","post","type-post","status-publish","format-standard","has-post-thumbnail","hentry","category-bolivia","category-experiencias"],"wpmagazine_modules_lite_featured_media_urls":{"thumbnail":["https:\/\/www.focolaresciudadnueva.com\/wp-content\/uploads\/2025\/07\/image-15-150x150.png",150,150,true],"cvmm-medium":["https:\/\/www.focolaresciudadnueva.com\/wp-content\/uploads\/2025\/07\/image-15-300x300.png",300,300,true],"cvmm-medium-plus":["https:\/\/www.focolaresciudadnueva.com\/wp-content\/uploads\/2025\/07\/image-15-305x207.png",305,207,true],"cvmm-portrait":["https:\/\/www.focolaresciudadnueva.com\/wp-content\/uploads\/2025\/07\/image-15-400x314.png",400,314,true],"cvmm-medium-square":["https:\/\/www.focolaresciudadnueva.com\/wp-content\/uploads\/2025\/07\/image-15.png",557,314,false],"cvmm-large":["https:\/\/www.focolaresciudadnueva.com\/wp-content\/uploads\/2025\/07\/image-15.png",557,314,false],"cvmm-small":["https:\/\/www.focolaresciudadnueva.com\/wp-content\/uploads\/2025\/07\/image-15-130x95.png",130,95,true],"full":["https:\/\/www.focolaresciudadnueva.com\/wp-content\/uploads\/2025\/07\/image-15.png",557,314,false]},"categories_names":{"81":{"name":"Bolivia","link":"https:\/\/www.focolaresciudadnueva.com\/inicio\/category\/bolivia\/"},"67":{"name":"Experiencias","link":"https:\/\/www.focolaresciudadnueva.com\/inicio\/category\/experiencias\/"}},"tags_names":[],"comments_number":"4","_links":{"self":[{"href":"https:\/\/www.focolaresciudadnueva.com\/inicio\/wp-json\/wp\/v2\/posts\/18687","targetHints":{"allow":["GET"]}}],"collection":[{"href":"https:\/\/www.focolaresciudadnueva.com\/inicio\/wp-json\/wp\/v2\/posts"}],"about":[{"href":"https:\/\/www.focolaresciudadnueva.com\/inicio\/wp-json\/wp\/v2\/types\/post"}],"author":[{"embeddable":true,"href":"https:\/\/www.focolaresciudadnueva.com\/inicio\/wp-json\/wp\/v2\/users\/4"}],"replies":[{"embeddable":true,"href":"https:\/\/www.focolaresciudadnueva.com\/inicio\/wp-json\/wp\/v2\/comments?post=18687"}],"version-history":[{"count":1,"href":"https:\/\/www.focolaresciudadnueva.com\/inicio\/wp-json\/wp\/v2\/posts\/18687\/revisions"}],"predecessor-version":[{"id":18690,"href":"https:\/\/www.focolaresciudadnueva.com\/inicio\/wp-json\/wp\/v2\/posts\/18687\/revisions\/18690"}],"wp:featuredmedia":[{"embeddable":true,"href":"https:\/\/www.focolaresciudadnueva.com\/inicio\/wp-json\/wp\/v2\/media\/18688"}],"wp:attachment":[{"href":"https:\/\/www.focolaresciudadnueva.com\/inicio\/wp-json\/wp\/v2\/media?parent=18687"}],"wp:term":[{"taxonomy":"category","embeddable":true,"href":"https:\/\/www.focolaresciudadnueva.com\/inicio\/wp-json\/wp\/v2\/categories?post=18687"},{"taxonomy":"post_tag","embeddable":true,"href":"https:\/\/www.focolaresciudadnueva.com\/inicio\/wp-json\/wp\/v2\/tags?post=18687"}],"curies":[{"name":"wp","href":"https:\/\/api.w.org\/{rel}","templated":true}]}}